{"id":32253,"date":"2026-09-04T18:17:45","date_gmt":"2026-09-04T16:17:45","guid":{"rendered":"https:\/\/www.slovensky-kras.eu\/info\/?p=32253"},"modified":"2026-09-04T18:18:53","modified_gmt":"2026-09-04T16:18:53","slug":"roznavsky-jarmok-2026","status":"publish","type":"post","link":"https:\/\/www.slovensky-kras.eu\/info\/roznavsky-jarmok-2026\/","title":{"rendered":"RO\u017d\u0147AVSK\u00dd JARMOK 2026"},"content":{"rendered":"<h2 data-path-to-node=\"0\"><span style=\"color: #800000;\">Kedy a kde sa kon\u00e1 tradi\u010dn\u00fd Ro\u017e\u0148avsk\u00fd jarmok 2026?<\/span><\/h2>\n<p data-path-to-node=\"1\"><b data-path-to-node=\"1\" data-index-in-node=\"0\">Ro\u017e\u0148avsk\u00fd jarmok 2026<\/b> sa uskuto\u010dn\u00ed v term\u00edne od 11. do 13. septembra 2026 na ikonickom <b data-path-to-node=\"1\" data-index-in-node=\"87\">N\u00e1mest\u00ed ban\u00edkov v Ro\u017e\u0148ave<\/b>, ktor\u00e9 sa u\u017e presne o mesiac op\u00e4\u0165 kompletne zapln\u00ed neop\u00edsate\u013enou <b data-path-to-node=\"1\" data-index-in-node=\"178\">jarmo\u010dnou atmosf\u00e9rou<\/b>.<\/p>\n<h2 data-path-to-node=\"3\"><span style=\"color: #800000;\">Ak\u00fd program pon\u00faka Ro\u017e\u0148avsk\u00fd jarmok 2026 na N\u00e1mest\u00ed ban\u00edkov?<\/span><\/h2>\n<p data-path-to-node=\"4\">N\u00e1v\u0161tevn\u00edkov \u010dakaj\u00fa tri nezabudnute\u013en\u00e9 dni pln\u00e9 <b data-path-to-node=\"4\" data-index-in-node=\"48\">skvelej hudby<\/b>, <b data-path-to-node=\"4\" data-index-in-node=\"63\">skvelej z\u00e1bavy<\/b>, <b data-path-to-node=\"4\" data-index-in-node=\"79\">tradi\u010dn\u00e9ho folkl\u00f3ru<\/b>, <b data-path-to-node=\"4\" data-index-in-node=\"100\">jarmo\u010dn\u00fdch st\u00e1nkov<\/b> a <b data-path-to-node=\"4\" data-index-in-node=\"121\">pr\u00edjemn\u00fdch stretnut\u00ed<\/b>.<\/p>\n<h3 data-path-to-node=\"5\"><span style=\"color: #808000;\">Ak\u00fd je kult\u00farny program na piatok 11. septembra 2026?<\/span><\/h3>\n<ul data-path-to-node=\"6\">\n<li>\n<p data-path-to-node=\"6,0,0\"><b data-path-to-node=\"6,0,0\" data-index-in-node=\"0\">12:00<\/b> \u2013 Ro\u017e\u0148avsk\u00e9 \u0161kolsk\u00e9 talenty<\/p>\n<\/li>\n<li>\n<p data-path-to-node=\"6,1,0\"><b data-path-to-node=\"6,1,0\" data-index-in-node=\"0\">16:30<\/b> \u2013 Sprievod mestom<\/p>\n<\/li>\n<li>\n<p data-path-to-node=\"6,2,0\"><b data-path-to-node=\"6,2,0\" data-index-in-node=\"0\">17:00<\/b> \u2013 Sl\u00e1vnostn\u00e9 otvorenie jarmoku<\/p>\n<\/li>\n<li>\n<p data-path-to-node=\"6,3,0\"><b data-path-to-node=\"6,3,0\" data-index-in-node=\"0\">17:30<\/b> \u2013 \u0160L\u00c1GER SHOW<\/p>\n<\/li>\n<li>\n<p data-path-to-node=\"6,4,0\"><b data-path-to-node=\"6,4,0\" data-index-in-node=\"0\">19:30<\/b> \u2013 Irigy H\u00f3naljmirigy<\/p>\n<\/li>\n<li>\n<p data-path-to-node=\"6,5,0\"><b data-path-to-node=\"6,5,0\" data-index-in-node=\"0\">21:00<\/b> \u2013 Alan Murin<\/p>\n<\/li>\n<li>\n<p data-path-to-node=\"6,6,0\"><b data-path-to-node=\"6,6,0\" data-index-in-node=\"0\">22:00<\/b> \u2013 JARMOK BEATS 2026<\/p>\n<\/li>\n<\/ul>\n<h3 data-path-to-node=\"7\"><span style=\"color: #808000;\">Ak\u00e9 vyst\u00fapenia si m\u00f4\u017eete pozrie\u0165 v sobotu 12. septembra 2026?<\/span><\/h3>\n<ul data-path-to-node=\"8\">\n<li>\n<p data-path-to-node=\"8,0,0\"><b data-path-to-node=\"8,0,0\" data-index-in-node=\"0\">11:00<\/b> \u2013 Poklady folkl\u00f3ru<\/p>\n<\/li>\n<li>\n<p data-path-to-node=\"8,1,0\"><b data-path-to-node=\"8,1,0\" data-index-in-node=\"0\">13:30<\/b> \u2013 ZU\u0160 Ro\u017e\u0148ava<\/p>\n<\/li>\n<li>\n<p data-path-to-node=\"8,2,0\"><b data-path-to-node=\"8,2,0\" data-index-in-node=\"0\">15:00<\/b> \u2013 SZU\u0160 JAS a Tane\u010dn\u00fd klub Sambed<\/p>\n<\/li>\n<li>\n<p data-path-to-node=\"8,3,0\"><b data-path-to-node=\"8,3,0\" data-index-in-node=\"0\">16:30<\/b> \u2013 VIBRANS<\/p>\n<\/li>\n<li>\n<p data-path-to-node=\"8,4,0\"><b data-path-to-node=\"8,4,0\" data-index-in-node=\"0\">18:00<\/b> \u2013 Iako Bei<\/p>\n<\/li>\n<li>\n<p data-path-to-node=\"8,5,0\"><b data-path-to-node=\"8,5,0\" data-index-in-node=\"0\">19:30<\/b> \u2013 Nocade\u0148<\/p>\n<\/li>\n<li>\n<p data-path-to-node=\"8,6,0\"><b data-path-to-node=\"8,6,0\" data-index-in-node=\"0\">21:00<\/b> \u2013 METALINDA<\/p>\n<\/li>\n<li>\n<p data-path-to-node=\"8,7,0\"><b data-path-to-node=\"8,7,0\" data-index-in-node=\"0\">22:00<\/b> \u2013 BACK TO THE 2000\u2019s PARTY<\/p>\n<\/li>\n<\/ul>\n<h2 data-path-to-node=\"10\"><span style=\"color: #800000;\">Ak\u00e9 s\u00fa praktick\u00e9 inform\u00e1cie pre n\u00e1v\u0161tevn\u00edkov a cena vstupn\u00e9ho?<\/span><\/h2>\n<p data-path-to-node=\"11\">Miestom konania podujatia je <b data-path-to-node=\"11\" data-index-in-node=\"29\">N\u00e1mestie ban\u00edkov, Ro\u017e\u0148ava<\/b> v term\u00edne <b data-path-to-node=\"11\" data-index-in-node=\"65\">11. \u2013 13. september 2026<\/b>, pri\u010dom na cel\u00fa akciu je <b data-path-to-node=\"11\" data-index-in-node=\"115\">vstup vo\u013en\u00fd<\/b>.<\/p>\n<h2 data-path-to-node=\"13\"><span style=\"color: #800000;\">Pre\u010do sa oplat\u00ed nav\u0161t\u00edvi\u0165 toto tradi\u010dn\u00e9 podujatie v srdci Gemera?<\/span><\/h2>\n<p data-path-to-node=\"14\">Organiz\u00e1tori srde\u010dne zuj\u00fa v\u0161etk\u00fdch nad\u0161encov kult\u00fary na toto jedine\u010dn\u00e9 podujatie, tak netreba zabudn\u00fa\u0165, \u017ee u\u017e presne o mesiac sa v\u0161etci uvidia na <b data-path-to-node=\"14\" data-index-in-node=\"146\">tradi\u010dnom podujat\u00ed v Gemeri<\/b>.<\/p>\n<p data-path-to-node=\"15\">Ka\u017ed\u00fd \u00fa\u010dastn\u00edk si m\u00f4\u017ee pr\u00eds\u0165 naplno vychutna\u0165 <b data-path-to-node=\"15\" data-index-in-node=\"46\">\u017eiv\u00fa hudbu<\/b>, <b data-path-to-node=\"15\" data-index-in-node=\"58\">pestr\u00fa z\u00e1bavu<\/b> a <b data-path-to-node=\"15\" data-index-in-node=\"74\">prav\u00fa jarmo\u010dn\u00fa atmosf\u00e9ru<\/b>.<\/p>\n<p data-path-to-node=\"16\">Mesto aj \u00fa\u010dinkuj\u00faci sa u\u017e teraz nesmierne te\u0161ia na v\u0161etk\u00fdch n\u00e1v\u0161tevn\u00edkov.<\/p>\n<h2 data-path-to-node=\"18\"><span style=\"color: #800000;\">Gemersk\u00e9 srdce pln\u00e9 z\u00e1\u017eitkov: Objavte magick\u00e9 spojenie hist\u00f3rie a z\u00e1bavy<\/span><\/h2>\n<p data-path-to-node=\"19\"><em>N\u00e1v\u0161teva tohto tradi\u010dn\u00e9ho podujatia predstavuje ide\u00e1lnu pr\u00edle\u017eitos\u0165 na objavovanie architektonick\u00fdch skvostov historick\u00e9ho centra mesta vr\u00e1tane dominantnej Stredovekej str\u00e1\u017enej ve\u017ee. Spojenie kult\u00farneho programu s lok\u00e1lnou gastron\u00f3miou v remeseln\u00fdch st\u00e1nkoch vytv\u00e1ra autentick\u00fd z\u00e1\u017eitok pre v\u0161etky vekov\u00e9 kateg\u00f3rie. V\u00fdborn\u00e1 dostupnos\u0165 v r\u00e1mci region\u00e1lneho turizmu rob\u00ed z tohto v\u00edkendu perfektn\u00fd cie\u013e pre rodinn\u00e9 v\u00fdlety aj skupinov\u00e9 cestovanie. Region\u00e1lne remesl\u00e1 a folkl\u00f3rne vyst\u00fapenia prin\u00e1\u0161aj\u00fa neopakovate\u013en\u00fd dotyk s hist\u00f3riou a trad\u00edciami celej oblasti Gemera. Bezplatn\u00fd vstup a bohat\u00fd ve\u010dern\u00fd program navy\u0161e garantuj\u00fa prvotriednu z\u00e1bavu priamo pod hol\u00fdm nebom.<\/em><\/p>\n<hr \/>\n<p data-path-to-node=\"19\"><a href=\"https:\/\/www.slovensky-kras.eu\/info\/wp-content\/uploads\/2026\/09\/roznava.jpg\"><img loading=\"lazy\" decoding=\"async\" class=\"alignright wp-image-32255\" src=\"https:\/\/www.slovensky-kras.eu\/info\/wp-content\/uploads\/2026\/09\/roznava.jpg\" alt=\"RO\u017d\u0147AVSK\u00dd JARMOK 2026\" width=\"900\" height=\"1255\" srcset=\"https:\/\/www.slovensky-kras.eu\/info\/wp-content\/uploads\/2026\/09\/roznava.jpg 1377w, https:\/\/www.slovensky-kras.eu\/info\/wp-content\/uploads\/2026\/09\/roznava-430x600.jpg 430w, https:\/\/www.slovensky-kras.eu\/info\/wp-content\/uploads\/2026\/09\/roznava-734x1024.jpg 734w, https:\/\/www.slovensky-kras.eu\/info\/wp-content\/uploads\/2026\/09\/roznava-768x1071.jpg 768w, https:\/\/www.slovensky-kras.eu\/info\/wp-content\/uploads\/2026\/09\/roznava-1102x1536.jpg 1102w\" sizes=\"auto, (max-width: 900px) 100vw, 900px\" \/><\/a><\/p>\n","protected":false},"excerpt":{"rendered":"<p>Kedy a kde sa kon\u00e1 tradi\u010dn\u00fd Ro\u017e\u0148avsk\u00fd jarmok 2026? Ro\u017e\u0148avsk\u00fd jarmok 2026 sa uskuto\u010dn\u00ed v term\u00edne od 11. do 13. septembra 2026 na ikonickom N\u00e1mest\u00ed ban\u00edkov v Ro\u017e\u0148ave, ktor\u00e9 sa [&hellip;]<\/p>\n","protected":false},"author":1,"featured_media":32255,"comment_status":"closed","ping_status":"closed","sticky":false,"template":"","format":"standard","meta":{"_uag_custom_page_level_css":"","footnotes":""},"categories":[1,308,391],"tags":[],"class_list":["post-32253","post","type-post","status-publish","format-standard","has-post-thumbnail","hentry","category-aktuality","category-kulturne-podujatia","category-trhy"],"featured_image_src":"https:\/\/www.slovensky-kras.eu\/info\/wp-content\/uploads\/2026\/09\/roznava.jpg","featured_image_src_square":"https:\/\/www.slovensky-kras.eu\/info\/wp-content\/uploads\/2026\/09\/roznava.jpg","author_info":{"display_name":"admin","author_link":"https:\/\/www.slovensky-kras.eu\/info\/author\/admin\/"},"rbea_author_info":{"display_name":"admin","author_link":"https:\/\/www.slovensky-kras.eu\/info\/author\/admin\/"},"rbea_excerpt_info":"Kedy a kde sa kon\u00e1 tradi\u010dn\u00fd Ro\u017e\u0148avsk\u00fd jarmok 2026? Ro\u017e\u0148avsk\u00fd jarmok 2026 sa uskuto\u010dn\u00ed v term\u00edne od 11. do 13. septembra 2026 na ikonickom N\u00e1mest\u00ed ban\u00edkov v Ro\u017e\u0148ave, ktor\u00e9 sa [&hellip;]","category_list":"<a href=\"https:\/\/www.slovensky-kras.eu\/info\/domov\/aktuality\/\" rel=\"category tag\">Aktuality<\/a>, <a href=\"https:\/\/www.slovensky-kras.eu\/info\/domov\/aktuality\/kulturne-podujatia\/\" rel=\"category tag\">Kult\u00farne podujatia<\/a>, <a href=\"https:\/\/www.slovensky-kras.eu\/info\/domov\/aktuality\/trhy\/\" rel=\"category tag\">Trhy<\/a>","comments_num":"0 comments","uagb_featured_image_src":{"full":["https:\/\/www.slovensky-kras.eu\/info\/wp-content\/uploads\/2026\/09\/roznava.jpg",1377,1920,false],"thumbnail":["https:\/\/www.slovensky-kras.eu\/info\/wp-content\/uploads\/2026\/09\/roznava-150x150.jpg",150,150,true],"medium":["https:\/\/www.slovensky-kras.eu\/info\/wp-content\/uploads\/2026\/09\/roznava-430x600.jpg",430,600,true],"medium_large":["https:\/\/www.slovensky-kras.eu\/info\/wp-content\/uploads\/2026\/09\/roznava-768x1071.jpg",768,1071,true],"large":["https:\/\/www.slovensky-kras.eu\/info\/wp-content\/uploads\/2026\/09\/roznava-734x1024.jpg",734,1024,true],"1536x1536":["https:\/\/www.slovensky-kras.eu\/info\/wp-content\/uploads\/2026\/09\/roznava-1102x1536.jpg",1102,1536,true],"2048x2048":["https:\/\/www.slovensky-kras.eu\/info\/wp-content\/uploads\/2026\/09\/roznava.jpg",1377,1920,false]},"uagb_author_info":{"display_name":"admin","author_link":"https:\/\/www.slovensky-kras.eu\/info\/author\/admin\/"},"uagb_comment_info":0,"uagb_excerpt":"Kedy a kde sa kon\u00e1 tradi\u010dn\u00fd Ro\u017e\u0148avsk\u00fd jarmok 2026? Ro\u017e\u0148avsk\u00fd jarmok 2026 sa uskuto\u010dn\u00ed v term\u00edne od 11. do 13. septembra 2026 na ikonickom N\u00e1mest\u00ed ban\u00edkov v Ro\u017e\u0148ave, ktor\u00e9 sa [&hellip;]","_links":{"self":[{"href":"https:\/\/www.slovensky-kras.eu\/info\/wp-json\/wp\/v2\/posts\/32253","targetHints":{"allow":["GET"]}}],"collection":[{"href":"https:\/\/www.slovensky-kras.eu\/info\/wp-json\/wp\/v2\/posts"}],"about":[{"href":"https:\/\/www.slovensky-kras.eu\/info\/wp-json\/wp\/v2\/types\/post"}],"author":[{"embeddable":true,"href":"https:\/\/www.slovensky-kras.eu\/info\/wp-json\/wp\/v2\/users\/1"}],"replies":[{"embeddable":true,"href":"https:\/\/www.slovensky-kras.eu\/info\/wp-json\/wp\/v2\/comments?post=32253"}],"version-history":[{"count":1,"href":"https:\/\/www.slovensky-kras.eu\/info\/wp-json\/wp\/v2\/posts\/32253\/revisions"}],"predecessor-version":[{"id":32256,"href":"https:\/\/www.slovensky-kras.eu\/info\/wp-json\/wp\/v2\/posts\/32253\/revisions\/32256"}],"wp:featuredmedia":[{"embeddable":true,"href":"https:\/\/www.slovensky-kras.eu\/info\/wp-json\/wp\/v2\/media\/32255"}],"wp:attachment":[{"href":"https:\/\/www.slovensky-kras.eu\/info\/wp-json\/wp\/v2\/media?parent=32253"}],"wp:term":[{"taxonomy":"category","embeddable":true,"href":"https:\/\/www.slovensky-kras.eu\/info\/wp-json\/wp\/v2\/categories?post=32253"},{"taxonomy":"post_tag","embeddable":true,"href":"https:\/\/www.slovensky-kras.eu\/info\/wp-json\/wp\/v2\/tags?post=32253"}],"curies":[{"name":"wp","href":"https:\/\/api.w.org\/{rel}","templated":true}]}}