{"id":32250,"date":"2026-09-03T18:50:03","date_gmt":"2026-09-03T16:50:03","guid":{"rendered":"https:\/\/www.slovensky-kras.eu\/info\/?p=32250"},"modified":"2026-09-03T18:50:04","modified_gmt":"2026-09-03T16:50:04","slug":"z-roznavy-do-gombaseku-po-novej-cyklotrase","status":"publish","type":"post","link":"https:\/\/www.slovensky-kras.eu\/info\/z-roznavy-do-gombaseku-po-novej-cyklotrase\/","title":{"rendered":"Z Ro\u017e\u0148avy do Gombaseku po novej cyklotrase"},"content":{"rendered":"<h2 data-path-to-node=\"0\"><span style=\"color: #800000;\">Objavte nov\u00fd cyklistick\u00fd raj Gemera<\/span><\/h2>\n<p data-path-to-node=\"1\"><b data-path-to-node=\"1\" data-index-in-node=\"0\">Pripravte sa na nezabudnute\u013en\u00fd cyklistick\u00fd z\u00e1\u017eitok v srdci o\u010daruj\u00faceho Gemera.<\/b><\/p>\n<p data-path-to-node=\"1\"><b data-path-to-node=\"1\" data-index-in-node=\"79\">Z Ro\u017e\u0148avy do Gombaseku po novej cyklotrase<\/b> sa u\u017e \u010doskoro dostan\u00fa v\u0161etci nad\u0161enci bicyklovania aj akt\u00edvneho oddychu v\u010faka v\u00fdznamn\u00e9mu rozvojov\u00e9mu projektu.<\/p>\n<p data-path-to-node=\"1\">V septembri 2026 sa toti\u017e ofici\u00e1lne za\u010dne dlho o\u010dak\u00e1van\u00e1 <b data-path-to-node=\"1\" data-index-in-node=\"290\">v\u00fdstavba novej 11,5-kilometrovej cyklotrasy<\/b>. T<\/p>\n<p data-path-to-node=\"1\">\u00e1to bezpe\u010dn\u00e1 <b data-path-to-node=\"1\" data-index-in-node=\"349\">cyklistick\u00e1 komunik\u00e1cia<\/b> vyhliadkovo povedie priamo <b data-path-to-node=\"1\" data-index-in-node=\"400\">popri rieke Slan\u00e1<\/b> a plynule prepoj\u00ed <b data-path-to-node=\"1\" data-index-in-node=\"436\">mesto Ro\u017e\u0148ava<\/b> s obcami <b data-path-to-node=\"1\" data-index-in-node=\"459\">Brzot\u00edn, Slavec a Gombasek<\/b>.<\/p>\n<h2 data-path-to-node=\"3\"><span style=\"color: #800000;\">Ak\u00e9 s\u00fa hlavn\u00e9 technick\u00e9 parametre novej cyklotrasy z Ro\u017e\u0148avy do Gombaseku?<\/span><\/h2>\n<p data-path-to-node=\"4\"><b data-path-to-node=\"4\" data-index-in-node=\"0\">Novobudovan\u00fd cyklistick\u00fd chodn\u00edk<\/b> pon\u00faka premyslen\u00fa infra\u0161trukt\u00faru navrhnut\u00fa s d\u00f4razom na maxim\u00e1lny komfort a bezpe\u010dnos\u0165 v\u0161etk\u00fdch n\u00e1v\u0161tevn\u00edkov.<\/p>\n<h2 data-path-to-node=\"5\"><span style=\"color: #800000;\">Kde presne vedie nov\u00e1 trasa a ak\u00e1 je jej bezpe\u010dnos\u0165?<\/span><\/h2>\n<p data-path-to-node=\"6\">Z celkovej <b data-path-to-node=\"6\" data-index-in-node=\"11\">d\u013a\u017eky 11,5 km<\/b> povedie zhruba <b data-path-to-node=\"6\" data-index-in-node=\"40\">9,5 km po u\u017e existuj\u00facich obslu\u017en\u00fdch cest\u00e1ch a hr\u00e1dzach<\/b>, ktor\u00e9 sa nach\u00e1dzaj\u00fa \u00faplne <b data-path-to-node=\"6\" data-index-in-node=\"123\">mimo hlavn\u00fdch cestn\u00fdch \u0165ahov<\/b>.<\/p>\n<p data-path-to-node=\"6\">Toto strategick\u00e9 smerovanie v\u00fdrazne <b data-path-to-node=\"6\" data-index-in-node=\"189\">zvy\u0161uje bezpe\u010dnos\u0165 cyklistov<\/b> aj rod\u00edn s de\u0165mi.<\/p>\n<h2 data-path-to-node=\"7\"><span style=\"color: #800000;\">Ak\u00e9 s\u00fa technick\u00e9 \u0161pecifik\u00e1cie a vybavenie cyklotrasy?<\/span><\/h2>\n<p data-path-to-node=\"8\"><b data-path-to-node=\"8\" data-index-in-node=\"0\">Rekrea\u010dn\u00e1 trasa pre bicykle<\/b> bude ma\u0165 kvalitn\u00fd <b data-path-to-node=\"8\" data-index-in-node=\"46\">spevnen\u00fd povrch so \u0161\u00edrkou okolo 3 metrov<\/b>, \u010do umo\u017en\u00ed pohodln\u00fa obojsmern\u00fa jazdu.<\/p>\n<p data-path-to-node=\"8\">S\u00fa\u010das\u0165ou stavby je navy\u0161e a\u017e <b data-path-to-node=\"8\" data-index-in-node=\"154\">9 n\u00e1jazdov\u00fdch r\u00e1mp<\/b> a komplexn\u00e1 <b data-path-to-node=\"8\" data-index-in-node=\"185\">obnova 4 hr\u00e1dzov\u00fdch priepustov<\/b>.<\/p>\n<h2 data-path-to-node=\"9\"><span style=\"color: #800000;\">Ak\u00e9 s\u00fa predpokladan\u00e9 finan\u010dn\u00e9 n\u00e1klady na projekt?<\/span><\/h2>\n<p data-path-to-node=\"10\">Celkov\u00e9 <b data-path-to-node=\"10\" data-index-in-node=\"8\">predpokladan\u00e9 n\u00e1klady na v\u00fdstavbu<\/b> tejto modernej cyklistickej infra\u0161trukt\u00fary dosahuj\u00fa takmer <b data-path-to-node=\"10\" data-index-in-node=\"101\">1,4 mili\u00f3na eur<\/b>.<\/p>\n<h2 data-path-to-node=\"12\"><span style=\"color: #800000;\">Ak\u00e1 je bud\u00facnos\u0165 cyklot turistiky v regi\u00f3ne Gemer?<\/span><\/h2>\n<p data-path-to-node=\"13\">Tento <b data-path-to-node=\"13\" data-index-in-node=\"6\">ro\u017e\u0148avsk\u00fd \u00fasek<\/b> predstavuje len prv\u00fa f\u00e1zu ove\u013ea \u0161ir\u0161ieho region\u00e1lneho z\u00e1meru.<\/p>\n<p data-path-to-node=\"13\">V bud\u00facnosti m\u00e1 splni\u0165 \u00falohu k\u013e\u00fa\u010dov\u00e9ho z\u00e1kladu pre takzvan\u00fd <b data-path-to-node=\"13\" data-index-in-node=\"143\">GEMER TRAIL<\/b> \u2013 pribli\u017ene <b data-path-to-node=\"13\" data-index-in-node=\"167\">60 km dlh\u00fa cyklomagistr\u00e1lu<\/b>, ktor\u00e1 by sa mala v \u010fal\u0161\u00edch etap\u00e1ch potiahnu\u0165 \u010falej <b data-path-to-node=\"13\" data-index-in-node=\"246\">cez obce Ple\u0161ivec a \u010coltovo a\u017e k obci Gemersk\u00e1 Panica<\/b>.<\/p>\n<h2 data-path-to-node=\"15\"><span style=\"color: #800000;\">Gemer na dvoch koles\u00e1ch: Br\u00e1na k neobjaven\u00fdm pokladom pr\u00edrody a hist\u00f3rie<\/span><\/h2>\n<p data-path-to-node=\"16\"><em><b data-path-to-node=\"16\" data-index-in-node=\"0\">Z Ro\u017e\u0148avy do Gombaseku po novej cyklotrase<\/b> sa cyklistom otv\u00e1raj\u00fa \u00faplne nov\u00e9 mo\u017enosti na objavovanie malebn\u00e9ho juhoslovensk\u00e9ho regi\u00f3nu. Tento jedine\u010dn\u00fd <b data-path-to-node=\"16\" data-index-in-node=\"151\">cyklistick\u00fd projekt na Gemeri<\/b> sp\u00e1ja \u0161portov\u00e9 vy\u017eitie s fascinuj\u00facou pr\u00edrodou N\u00e1rodn\u00e9ho parku Slovensk\u00fd kras a bohat\u00fdm kult\u00farnym dedi\u010dstvom. N\u00e1v\u0161tevn\u00edci sa m\u00f4\u017eu te\u0161i\u0165 na plynul\u00fa a bezpe\u010dn\u00fa jazdu \u00fadol\u00edm rieky Slan\u00e1 s priamym napojen\u00edm na vyh\u013ead\u00e1van\u00e9 turistick\u00e9 atraktivity. V\u00fdstavba trasy v\u00fdznamne posil\u0148uje udr\u017eate\u013en\u00fd <b data-path-to-node=\"16\" data-index-in-node=\"468\">turistick\u00fd ruch v ro\u017e\u0148avskom okrese<\/b> a vytv\u00e1ra ide\u00e1lne podmienky pre celodenn\u00e9 v\u00fdlety. Z\u00edskajte nezabudnute\u013en\u00e9 spomienky v regi\u00f3ne, kde sa hist\u00f3ria sp\u00e1ja s neporu\u0161enou pr\u00edrodou.<\/em><\/p>\n<hr \/>\n<p data-path-to-node=\"16\"><a href=\"https:\/\/www.slovensky-kras.eu\/info\/wp-content\/uploads\/2026\/09\/Cyklista_v_Slovenskom_krase.jpeg\"><img loading=\"lazy\" decoding=\"async\" class=\"aligncenter wp-image-32251\" src=\"https:\/\/www.slovensky-kras.eu\/info\/wp-content\/uploads\/2026\/09\/Cyklista_v_Slovenskom_krase.jpeg\" alt=\"Z Ro\u017e\u0148avy do Gombaseku po novej cyklotrase\" width=\"900\" height=\"502\" srcset=\"https:\/\/www.slovensky-kras.eu\/info\/wp-content\/uploads\/2026\/09\/Cyklista_v_Slovenskom_krase.jpeg 1376w, https:\/\/www.slovensky-kras.eu\/info\/wp-content\/uploads\/2026\/09\/Cyklista_v_Slovenskom_krase-800x447.jpeg 800w, https:\/\/www.slovensky-kras.eu\/info\/wp-content\/uploads\/2026\/09\/Cyklista_v_Slovenskom_krase-1024x572.jpeg 1024w, https:\/\/www.slovensky-kras.eu\/info\/wp-content\/uploads\/2026\/09\/Cyklista_v_Slovenskom_krase-768x429.jpeg 768w\" sizes=\"auto, (max-width: 900px) 100vw, 900px\" \/><\/a><\/p>\n","protected":false},"excerpt":{"rendered":"<p>Objavte nov\u00fd cyklistick\u00fd raj Gemera Pripravte sa na nezabudnute\u013en\u00fd cyklistick\u00fd z\u00e1\u017eitok v srdci o\u010daruj\u00faceho Gemera. Z Ro\u017e\u0148avy do Gombaseku po novej cyklotrase sa u\u017e \u010doskoro dostan\u00fa v\u0161etci nad\u0161enci bicyklovania aj [&hellip;]<\/p>\n","protected":false},"author":1,"featured_media":32251,"comment_status":"closed","ping_status":"closed","sticky":false,"template":"","format":"standard","meta":{"_uag_custom_page_level_css":"","footnotes":""},"categories":[1,314],"tags":[],"class_list":["post-32250","post","type-post","status-publish","format-standard","has-post-thumbnail","hentry","category-aktuality","category-cykloturistika"],"featured_image_src":"https:\/\/www.slovensky-kras.eu\/info\/wp-content\/uploads\/2026\/09\/Cyklista_v_Slovenskom_krase.jpeg","featured_image_src_square":"https:\/\/www.slovensky-kras.eu\/info\/wp-content\/uploads\/2026\/09\/Cyklista_v_Slovenskom_krase.jpeg","author_info":{"display_name":"admin","author_link":"https:\/\/www.slovensky-kras.eu\/info\/author\/admin\/"},"rbea_author_info":{"display_name":"admin","author_link":"https:\/\/www.slovensky-kras.eu\/info\/author\/admin\/"},"rbea_excerpt_info":"Objavte nov\u00fd cyklistick\u00fd raj Gemera Pripravte sa na nezabudnute\u013en\u00fd cyklistick\u00fd z\u00e1\u017eitok v srdci o\u010daruj\u00faceho Gemera. Z Ro\u017e\u0148avy do Gombaseku po novej cyklotrase sa u\u017e \u010doskoro dostan\u00fa v\u0161etci nad\u0161enci bicyklovania aj [&hellip;]","category_list":"<a href=\"https:\/\/www.slovensky-kras.eu\/info\/domov\/aktuality\/\" rel=\"category tag\">Aktuality<\/a>, <a href=\"https:\/\/www.slovensky-kras.eu\/info\/domov\/aktuality\/cykloturistika\/\" rel=\"category tag\">Cykloturistika<\/a>","comments_num":"0 comments","uagb_featured_image_src":{"full":["https:\/\/www.slovensky-kras.eu\/info\/wp-content\/uploads\/2026\/09\/Cyklista_v_Slovenskom_krase.jpeg",1376,768,false],"thumbnail":["https:\/\/www.slovensky-kras.eu\/info\/wp-content\/uploads\/2026\/09\/Cyklista_v_Slovenskom_krase-150x150.jpeg",150,150,true],"medium":["https:\/\/www.slovensky-kras.eu\/info\/wp-content\/uploads\/2026\/09\/Cyklista_v_Slovenskom_krase-800x447.jpeg",800,447,true],"medium_large":["https:\/\/www.slovensky-kras.eu\/info\/wp-content\/uploads\/2026\/09\/Cyklista_v_Slovenskom_krase-768x429.jpeg",768,429,true],"large":["https:\/\/www.slovensky-kras.eu\/info\/wp-content\/uploads\/2026\/09\/Cyklista_v_Slovenskom_krase-1024x572.jpeg",1024,572,true],"1536x1536":["https:\/\/www.slovensky-kras.eu\/info\/wp-content\/uploads\/2026\/09\/Cyklista_v_Slovenskom_krase.jpeg",1376,768,false],"2048x2048":["https:\/\/www.slovensky-kras.eu\/info\/wp-content\/uploads\/2026\/09\/Cyklista_v_Slovenskom_krase.jpeg",1376,768,false]},"uagb_author_info":{"display_name":"admin","author_link":"https:\/\/www.slovensky-kras.eu\/info\/author\/admin\/"},"uagb_comment_info":0,"uagb_excerpt":"Objavte nov\u00fd cyklistick\u00fd raj Gemera Pripravte sa na nezabudnute\u013en\u00fd cyklistick\u00fd z\u00e1\u017eitok v srdci o\u010daruj\u00faceho Gemera. Z Ro\u017e\u0148avy do Gombaseku po novej cyklotrase sa u\u017e \u010doskoro dostan\u00fa v\u0161etci nad\u0161enci bicyklovania aj [&hellip;]","_links":{"self":[{"href":"https:\/\/www.slovensky-kras.eu\/info\/wp-json\/wp\/v2\/posts\/32250","targetHints":{"allow":["GET"]}}],"collection":[{"href":"https:\/\/www.slovensky-kras.eu\/info\/wp-json\/wp\/v2\/posts"}],"about":[{"href":"https:\/\/www.slovensky-kras.eu\/info\/wp-json\/wp\/v2\/types\/post"}],"author":[{"embeddable":true,"href":"https:\/\/www.slovensky-kras.eu\/info\/wp-json\/wp\/v2\/users\/1"}],"replies":[{"embeddable":true,"href":"https:\/\/www.slovensky-kras.eu\/info\/wp-json\/wp\/v2\/comments?post=32250"}],"version-history":[{"count":1,"href":"https:\/\/www.slovensky-kras.eu\/info\/wp-json\/wp\/v2\/posts\/32250\/revisions"}],"predecessor-version":[{"id":32252,"href":"https:\/\/www.slovensky-kras.eu\/info\/wp-json\/wp\/v2\/posts\/32250\/revisions\/32252"}],"wp:featuredmedia":[{"embeddable":true,"href":"https:\/\/www.slovensky-kras.eu\/info\/wp-json\/wp\/v2\/media\/32251"}],"wp:attachment":[{"href":"https:\/\/www.slovensky-kras.eu\/info\/wp-json\/wp\/v2\/media?parent=32250"}],"wp:term":[{"taxonomy":"category","embeddable":true,"href":"https:\/\/www.slovensky-kras.eu\/info\/wp-json\/wp\/v2\/categories?post=32250"},{"taxonomy":"post_tag","embeddable":true,"href":"https:\/\/www.slovensky-kras.eu\/info\/wp-json\/wp\/v2\/tags?post=32250"}],"curies":[{"name":"wp","href":"https:\/\/api.w.org\/{rel}","templated":true}]}}