{"id":32244,"date":"2026-09-02T16:46:27","date_gmt":"2026-09-02T14:46:27","guid":{"rendered":"https:\/\/www.slovensky-kras.eu\/info\/?p=32244"},"modified":"2026-09-02T16:48:38","modified_gmt":"2026-09-02T14:48:38","slug":"leco-party-v-obci-ardovo","status":"publish","type":"post","link":"https:\/\/www.slovensky-kras.eu\/info\/leco-party-v-obci-ardovo\/","title":{"rendered":"Le\u010do Party v obci Ardovo"},"content":{"rendered":"<h2 data-path-to-node=\"0\"><span style=\"color: #800000;\">Chutn\u00fd gastronomick\u00fd z\u00e1\u017eitok na Gemeri: Pre\u010do nav\u0161t\u00edvi\u0165 tradi\u010dn\u00e9 podujatie Le\u010do Party v obci Ardovo?<\/span><\/h2>\n<p data-path-to-node=\"1\">Predstavte si neop\u00edsate\u013en\u00fa v\u00f4\u0148u \u010derstvej zeleniny, dymu z dreva a atmosf\u00e9ru pln\u00fa skvelej z\u00e1bavy v srdci \u010darokr\u00e1sneho Gemera.<\/p>\n<p data-path-to-node=\"1\">Tradi\u010dn\u00e9 gastronomick\u00e9 podujatie <b data-path-to-node=\"1\" data-index-in-node=\"158\">Le\u010do Party<\/b> prin\u00e1\u0161a neopakovate\u013en\u00fd z\u00e1\u017eitok, kde sa sp\u00e1ja poctiv\u00e1 kulin\u00e1rska s\u00fa\u0165a\u017e vo varen\u00ed le\u010da s ve\u013ekolepou degust\u00e1ciou pre v\u0161etk\u00fdch milovn\u00edkov dobr\u00e9ho jedla.<\/p>\n<p data-path-to-node=\"1\">V obci Ardovo to funguje presne takto \u2013 autenti\u010dne, chutne a komunitne.<\/p>\n<h2 data-path-to-node=\"2\"><span style=\"color: #800000;\">Kedy a kde sa kon\u00e1 gastronomick\u00e9 podujatie Le\u010do Party?<\/span><\/h2>\n<p data-path-to-node=\"3\">Gurm\u00e1nske podujatie <b data-path-to-node=\"3\" data-index-in-node=\"20\">Le\u010do Party<\/b> sa uskuto\u010dn\u00ed d\u0148a 05.09.2026 v maloblahod\u00e1rnej obci Ardovo (po ma\u010farsky Ard\u00f3).<\/p>\n<p data-path-to-node=\"3\">Ofici\u00e1lny podtitul akcie znie: U n\u00e1s to funguje takto \u2013 s\u00fa\u0165a\u017e vo varen\u00ed le\u010da a degust\u00e1cia.<\/p>\n<h2 data-path-to-node=\"4\"><span style=\"color: #800000;\">Ak\u00fd je \u010dasov\u00fd harmonogram podujatia Le\u010do Party?<\/span><\/h2>\n<p data-path-to-node=\"5\"><strong>Harmonogram ob\u013e\u00faben\u00e9ho gastronomick\u00e9ho festivalu Le\u010do Party je starostlivo napl\u00e1novan\u00fd na cel\u00fd de\u0148:<\/strong><\/p>\n<p data-path-to-node=\"6\">Od 10:30 hodiny prebieha ofici\u00e1lne odovzdanie vyhraden\u00fdch miest na varenie pre jednotliv\u00e9 t\u00edmy.<\/p>\n<p data-path-to-node=\"7\">O 12:00 hodine \u0161tartuje samotn\u00fd za\u010diatok <b data-path-to-node=\"7\" data-index-in-node=\"41\">s\u00fa\u0165a\u017ee vo varen\u00ed le\u010da<\/b>.<\/p>\n<p data-path-to-node=\"8\">Ihne\u010f po uvaren\u00ed vo\u0148av\u00e9ho le\u010da nasleduje o\u010dak\u00e1van\u00e1 ochutn\u00e1vka pre \u0161irok\u00fa verejnos\u0165.<\/p>\n<p data-path-to-node=\"9\">Presne o 14:30 hodine je napl\u00e1novan\u00e9 odovzdanie vzoriek <b data-path-to-node=\"9\" data-index-in-node=\"56\">s\u00fa\u0165a\u017en\u00e9ho le\u010da<\/b> odbornej porote.<\/p>\n<p data-path-to-node=\"10\">Do 16:30 hodiny prebieha odovzdanie degusta\u010dn\u00fdch l\u00edstkov od n\u00e1v\u0161tevn\u00edkov.<\/p>\n<p data-path-to-node=\"11\">O 17:30 hodine festival vrchol\u00ed a uskuto\u010dn\u00ed sa sl\u00e1vnostn\u00e9 vyhodnotenie <b data-path-to-node=\"11\" data-index-in-node=\"71\">s\u00fa\u0165a\u017ee vo varen\u00ed le\u010da<\/b>.<\/p>\n<h2 data-path-to-node=\"12\"><span style=\"color: #800000;\">Ak\u00e9 podmienky a servis platia pre s\u00fa\u0165a\u017en\u00e9 t\u00edmy na Le\u010do Party?<\/span><\/h2>\n<p data-path-to-node=\"13\">Organiz\u00e1tor podujatia <b data-path-to-node=\"13\" data-index-in-node=\"22\">Le\u010do Party<\/b> pre ka\u017ed\u00fd prihl\u00e1sen\u00fd kulin\u00e1rsky t\u00edm bezplatne zabezpe\u010d\u00ed z\u00e1kladn\u00fa bio zeleninu, palivov\u00e9 drevo, pr\u00edstre\u0161ok v podobe alt\u00e1nku a pohodln\u00fd pivn\u00fd set.<\/p>\n<p data-path-to-node=\"14\">V\u0161etky ostatn\u00e9 \u0161peci\u00e1lne suroviny a potrebn\u00e9 pom\u00f4cky na varenie si kompletne zabezpe\u010duje ka\u017ed\u00fd <b data-path-to-node=\"14\" data-index-in-node=\"95\">s\u00fa\u0165a\u017en\u00fd t\u00edm<\/b> s\u00e1m.<\/p>\n<p data-path-to-node=\"15\">N\u00e1v\u0161tevn\u00edci aj kuch\u00e1ri musia bra\u0165 do \u00favahy, \u017ee elektrina nebude k dispoz\u00edcii.<\/p>\n<p data-path-to-node=\"16\">Ka\u017ed\u00e1 kuch\u00e1rska skupina v plnej miere zodpoved\u00e1 za kvalitu a bezpe\u010dnos\u0165 pou\u017eit\u00fdch surov\u00edn, ako aj za pr\u00edsne dodr\u017eiavanie v\u0161etk\u00fdch hygienick\u00fdch, protipo\u017eiarnych a bezpe\u010dnostn\u00fdch predpisov.<\/p>\n<h2 data-path-to-node=\"17\"><span style=\"color: #800000;\">Ako funguje degust\u00e1cia a ochutn\u00e1vka le\u010da pre n\u00e1v\u0161tevn\u00edkov?<\/span><\/h2>\n<p data-path-to-node=\"18\">Svoj degusta\u010dn\u00fd l\u00edstok si ka\u017ed\u00fd n\u00e1v\u0161tevn\u00edk m\u00f4\u017ee pohodlne vyzdvihn\u00fa\u0165 priamo po\u010das konania podujatia.<\/p>\n<p data-path-to-node=\"19\">Ku ka\u017ed\u00e9mu zak\u00fapen\u00e9mu l\u00edstku dostane hostia praktick\u00fa misku a pr\u00edbor.<\/p>\n<p data-path-to-node=\"20\">Prostredn\u00edctvom degusta\u010dn\u00e9ho l\u00edstka m\u00f4\u017eete postupne ochutn\u00e1va\u0165 pestr\u00e9 kre\u00e1cie <b data-path-to-node=\"20\" data-index-in-node=\"78\">s\u00fa\u0165a\u017en\u00fdch le\u010d<\/b> od r\u00f4znych t\u00edmov.<\/p>\n<p data-path-to-node=\"21\">Svoj hlas za jednozna\u010dne najchutnej\u0161ie <b data-path-to-node=\"21\" data-index-in-node=\"39\">tradi\u010dn\u00e9 le\u010do<\/b> odovzd\u00e1te jednoducho prostredn\u00edctvom tohto degusta\u010dn\u00e9ho l\u00edstka.<\/p>\n<h2 data-path-to-node=\"22\"><span style=\"color: #800000;\">Ako prebieha z\u00e1vere\u010dn\u00e9 hodnotenie a udelenie cien?<\/span><\/h2>\n<p data-path-to-node=\"23\">Prest\u00ed\u017ena Cena verejnosti sa udelyje v\u00fdhradne pod\u013ea celkov\u00e9ho po\u010dtu odovzdan\u00fdch degusta\u010dn\u00fdch l\u00edstkov od spokojn\u00fdch host\u00ed.<\/p>\n<p data-path-to-node=\"24\">Ka\u017ed\u00e9 <b data-path-to-node=\"24\" data-index-in-node=\"6\">s\u00fa\u0165a\u017en\u00e9 le\u010do<\/b> z\u00e1rove\u0148 podrobne a nez\u00e1visle hodnot\u00ed aj odborn\u00e1 porota.<\/p>\n<p data-path-to-node=\"25\">Organiz\u00e1tori prip\u00e1jaj\u00fa d\u00f4le\u017eit\u00fa pozn\u00e1mku (PS) pre kuch\u00e1rov: pros\u00edme v\u00e1s, pod\u00e1vajte degusta\u010dn\u00e9 porcie tak, aby n\u00e1v\u0161tevn\u00edci mohli ochutna\u0165 \u010do najviac r\u00f4znych <b data-path-to-node=\"25\" data-index-in-node=\"156\">s\u00fa\u0165a\u017en\u00fdch le\u010d<\/b>.<\/p>\n<p data-path-to-node=\"25\">Podrobn\u00e9 inform\u00e1cie a aktualiz\u00e1cie n\u00e1jdete na ofici\u00e1lnom webe <a class=\"ng-star-inserted\" href=\"https:\/\/www.obecardovo.sk\/\" target=\"_blank\" rel=\"noopener\" data-hveid=\"0\" data-ved=\"0CAAQ_4QMahgKEwj61czI_s-WAxUAAAAAHQAAAAAQywI\">https:\/\/www.obecardovo.sk\/<\/a>.<\/p>\n<h2 data-path-to-node=\"26\"><span style=\"color: #800000;\">Tajomstvo dokonal\u00e9ho kulin\u00e1rskeho z\u00e1\u017eitku na Gemeri<\/span><\/h2>\n<p data-path-to-node=\"27\"><em>Nav\u0161t\u00edvi\u0165 toto jedine\u010dn\u00e9 gastronomick\u00e9 podujatie znamen\u00e1 za\u017ei\u0165 prav\u00fa pohostinnos\u0165 a neop\u00edsate\u013en\u00fa atmosf\u00e9ru malebn\u00e9ho region\u00e1lneho vidieka. <b data-path-to-node=\"27\" data-index-in-node=\"139\">Tradi\u010dn\u00e9 varenie le\u010da<\/b> sp\u00e1ja kulin\u00e1rske umenie, \u010derstv\u00e9 lok\u00e1lne ingrediencie a priate\u013esk\u00e9 z\u00e1polenie jednotliv\u00fdch t\u00edmov pod hol\u00fdm nebom. N\u00e1v\u0161tevn\u00edci z\u00edskaj\u00fa neopakovate\u013en\u00fa pr\u00edle\u017eitos\u0165 ochutna\u0165 desiatky origin\u00e1lnych recept\u00far na jednom mieste v priebehu jedin\u00e9ho popoludnia. Podujatie predstavuje ide\u00e1lny tip na v\u00edkendov\u00fd v\u00fdlet pre rodiny s de\u0165mi, partiu priate\u013eov aj v\u0161etk\u00fdch nad\u0161en\u00fdch gurm\u00e1nov. Pr\u00ed\u010fte podpori\u0165 miestne trad\u00edcie, objavte kr\u00e1sy obce Ardovo a pre\u017eite de\u0148 pln\u00fd nezabudnute\u013en\u00fdch chut\u00ed a v\u00f4n\u00ed.<\/em><\/p>\n<hr \/>\n<p data-path-to-node=\"27\"><a href=\"https:\/\/www.slovensky-kras.eu\/info\/wp-content\/uploads\/2026\/09\/leco.jpg\"><img loading=\"lazy\" decoding=\"async\" class=\"aligncenter wp-image-32246\" src=\"https:\/\/www.slovensky-kras.eu\/info\/wp-content\/uploads\/2026\/09\/leco.jpg\" alt=\"Le\u010do Party\" width=\"900\" height=\"1273\" srcset=\"https:\/\/www.slovensky-kras.eu\/info\/wp-content\/uploads\/2026\/09\/leco.jpg 1414w, https:\/\/www.slovensky-kras.eu\/info\/wp-content\/uploads\/2026\/09\/leco-424x600.jpg 424w, https:\/\/www.slovensky-kras.eu\/info\/wp-content\/uploads\/2026\/09\/leco-724x1024.jpg 724w, https:\/\/www.slovensky-kras.eu\/info\/wp-content\/uploads\/2026\/09\/leco-768x1086.jpg 768w, https:\/\/www.slovensky-kras.eu\/info\/wp-content\/uploads\/2026\/09\/leco-1086x1536.jpg 1086w\" sizes=\"auto, (max-width: 900px) 100vw, 900px\" \/><\/a><\/p>\n\n\n<p class=\"wp-block-paragraph\"><\/p>\n","protected":false},"excerpt":{"rendered":"<p>Chutn\u00fd gastronomick\u00fd z\u00e1\u017eitok na Gemeri: Pre\u010do nav\u0161t\u00edvi\u0165 tradi\u010dn\u00e9 podujatie Le\u010do Party v obci Ardovo? Predstavte si neop\u00edsate\u013en\u00fa v\u00f4\u0148u \u010derstvej zeleniny, dymu z dreva a atmosf\u00e9ru pln\u00fa skvelej z\u00e1bavy v srdci [&hellip;]<\/p>\n","protected":false},"author":1,"featured_media":32246,"comment_status":"closed","ping_status":"closed","sticky":false,"template":"","format":"standard","meta":{"_uag_custom_page_level_css":"","footnotes":""},"categories":[1,389],"tags":[],"class_list":["post-32244","post","type-post","status-publish","format-standard","has-post-thumbnail","hentry","category-aktuality","category-gastro-podujatia"],"featured_image_src":"https:\/\/www.slovensky-kras.eu\/info\/wp-content\/uploads\/2026\/09\/leco.jpg","featured_image_src_square":"https:\/\/www.slovensky-kras.eu\/info\/wp-content\/uploads\/2026\/09\/leco.jpg","author_info":{"display_name":"admin","author_link":"https:\/\/www.slovensky-kras.eu\/info\/author\/admin\/"},"rbea_author_info":{"display_name":"admin","author_link":"https:\/\/www.slovensky-kras.eu\/info\/author\/admin\/"},"rbea_excerpt_info":"Chutn\u00fd gastronomick\u00fd z\u00e1\u017eitok na Gemeri: Pre\u010do nav\u0161t\u00edvi\u0165 tradi\u010dn\u00e9 podujatie Le\u010do Party v obci Ardovo? Predstavte si neop\u00edsate\u013en\u00fa v\u00f4\u0148u \u010derstvej zeleniny, dymu z dreva a atmosf\u00e9ru pln\u00fa skvelej z\u00e1bavy v srdci [&hellip;]","category_list":"<a href=\"https:\/\/www.slovensky-kras.eu\/info\/domov\/aktuality\/\" rel=\"category tag\">Aktuality<\/a>, <a href=\"https:\/\/www.slovensky-kras.eu\/info\/domov\/aktuality\/gastro-podujatia\/\" rel=\"category tag\">Gastro podujatia<\/a>","comments_num":"0 comments","uagb_featured_image_src":{"full":["https:\/\/www.slovensky-kras.eu\/info\/wp-content\/uploads\/2026\/09\/leco.jpg",1414,2000,false],"thumbnail":["https:\/\/www.slovensky-kras.eu\/info\/wp-content\/uploads\/2026\/09\/leco-150x150.jpg",150,150,true],"medium":["https:\/\/www.slovensky-kras.eu\/info\/wp-content\/uploads\/2026\/09\/leco-424x600.jpg",424,600,true],"medium_large":["https:\/\/www.slovensky-kras.eu\/info\/wp-content\/uploads\/2026\/09\/leco-768x1086.jpg",768,1086,true],"large":["https:\/\/www.slovensky-kras.eu\/info\/wp-content\/uploads\/2026\/09\/leco-724x1024.jpg",724,1024,true],"1536x1536":["https:\/\/www.slovensky-kras.eu\/info\/wp-content\/uploads\/2026\/09\/leco-1086x1536.jpg",1086,1536,true],"2048x2048":["https:\/\/www.slovensky-kras.eu\/info\/wp-content\/uploads\/2026\/09\/leco.jpg",1414,2000,false]},"uagb_author_info":{"display_name":"admin","author_link":"https:\/\/www.slovensky-kras.eu\/info\/author\/admin\/"},"uagb_comment_info":0,"uagb_excerpt":"Chutn\u00fd gastronomick\u00fd z\u00e1\u017eitok na Gemeri: Pre\u010do nav\u0161t\u00edvi\u0165 tradi\u010dn\u00e9 podujatie Le\u010do Party v obci Ardovo? Predstavte si neop\u00edsate\u013en\u00fa v\u00f4\u0148u \u010derstvej zeleniny, dymu z dreva a atmosf\u00e9ru pln\u00fa skvelej z\u00e1bavy v srdci [&hellip;]","_links":{"self":[{"href":"https:\/\/www.slovensky-kras.eu\/info\/wp-json\/wp\/v2\/posts\/32244","targetHints":{"allow":["GET"]}}],"collection":[{"href":"https:\/\/www.slovensky-kras.eu\/info\/wp-json\/wp\/v2\/posts"}],"about":[{"href":"https:\/\/www.slovensky-kras.eu\/info\/wp-json\/wp\/v2\/types\/post"}],"author":[{"embeddable":true,"href":"https:\/\/www.slovensky-kras.eu\/info\/wp-json\/wp\/v2\/users\/1"}],"replies":[{"embeddable":true,"href":"https:\/\/www.slovensky-kras.eu\/info\/wp-json\/wp\/v2\/comments?post=32244"}],"version-history":[{"count":2,"href":"https:\/\/www.slovensky-kras.eu\/info\/wp-json\/wp\/v2\/posts\/32244\/revisions"}],"predecessor-version":[{"id":32248,"href":"https:\/\/www.slovensky-kras.eu\/info\/wp-json\/wp\/v2\/posts\/32244\/revisions\/32248"}],"wp:featuredmedia":[{"embeddable":true,"href":"https:\/\/www.slovensky-kras.eu\/info\/wp-json\/wp\/v2\/media\/32246"}],"wp:attachment":[{"href":"https:\/\/www.slovensky-kras.eu\/info\/wp-json\/wp\/v2\/media?parent=32244"}],"wp:term":[{"taxonomy":"category","embeddable":true,"href":"https:\/\/www.slovensky-kras.eu\/info\/wp-json\/wp\/v2\/categories?post=32244"},{"taxonomy":"post_tag","embeddable":true,"href":"https:\/\/www.slovensky-kras.eu\/info\/wp-json\/wp\/v2\/tags?post=32244"}],"curies":[{"name":"wp","href":"https:\/\/api.w.org\/{rel}","templated":true}]}}