{"id":30364,"date":"2026-04-30T07:28:28","date_gmt":"2026-04-30T05:28:28","guid":{"rendered":"https:\/\/www.slovensky-kras.eu\/info\/?p=30364"},"modified":"2026-04-30T07:29:38","modified_gmt":"2026-04-30T05:29:38","slug":"snm-muzeum-betliar-kvetinovy-a-remeselnicky-trh-v-parku-kastiela","status":"publish","type":"post","link":"https:\/\/www.slovensky-kras.eu\/info\/snm-muzeum-betliar-kvetinovy-a-remeselnicky-trh-v-parku-kastiela\/","title":{"rendered":"SNM &#8211; M\u00fazeum Betliar : Kvetinov\u00fd a remeseln\u00edcky trh v parku ka\u0161tie\u013ea"},"content":{"rendered":"<h2 data-path-to-node=\"0\"><span style=\"color: #800000;\"><b data-path-to-node=\"0\" data-index-in-node=\"0\">Kvetinov\u00fd a remeseln\u00edcky trh v parku ka\u0161tie\u013ea Betliar: Kedy rozkvitne hist\u00f3ria v SNM &#8211; M\u00fazeum Betliar?<\/b><\/span><\/h2>\n<p data-path-to-node=\"1\">T\u00fa\u017eite po dni, kde sa <b data-path-to-node=\"1\" data-index-in-node=\"22\">luxusn\u00e9 \u0161\u013eachtick\u00e9 s\u00eddlo<\/b> premen\u00ed na rozkvitnut\u00fa z\u00e1hradu pln\u00fa remesiel? <b data-path-to-node=\"1\" data-index-in-node=\"93\">SNM &#8211; M\u00fazeum Betliar<\/b>, spr\u00e1va niekdaj\u0161\u00edch s\u00eddiel <b data-path-to-node=\"1\" data-index-in-node=\"141\">najv\u00fdznamnej\u0161\u00edch eur\u00f3pskych aristokratov 19. storo\u010dia<\/b>, rodiny <b data-path-to-node=\"1\" data-index-in-node=\"203\">Andr\u00e1ssyovcov<\/b>, otv\u00e1ra svoje br\u00e1ny pre v\u00fdnimo\u010dn\u00e9 podujatie, ktor\u00e9 ilustruje aj prilo\u017een\u00fd s\u00fabor <b data-path-to-node=\"1\" data-index-in-node=\"297\">kvetinovy trh.jpg<\/b>, pr\u00e1ve 2. m\u00e1ja 2026.<\/p>\n<h2 data-path-to-node=\"3\"><span style=\"color: #800000;\">Pre\u010do je SNM &#8211; M\u00fazeum Betliar ide\u00e1lnym miestom pre jarn\u00fd trh?<\/span><\/h2>\n<p data-path-to-node=\"4\">Pr\u00ed\u010fte si naplno u\u017ei\u0165 <b data-path-to-node=\"4\" data-index-in-node=\"22\">\u010darovn\u00fa jarn\u00fa atmosf\u00e9ru<\/b> na podujat\u00ed, ktor\u00e9 host\u00ed ob\u013e\u00faben\u00fd <b data-path-to-node=\"4\" data-index-in-node=\"80\">Kvetinov\u00fd a remeseln\u00edcky trh<\/b>. T\u00e1to jedine\u010dn\u00e1 akcia sa uskuto\u010dn\u00ed <b data-path-to-node=\"4\" data-index-in-node=\"144\">2. m\u00e1ja 2026<\/b> v mimoriadne <b data-path-to-node=\"4\" data-index-in-node=\"170\">kr\u00e1snom prostred\u00ed<\/b> are\u00e1lu, ktor\u00fd obklopuje <b data-path-to-node=\"4\" data-index-in-node=\"212\">ka\u0161tie\u013e Betliar<\/b>, postaven\u00fd p\u00f4vodne ako <b data-path-to-node=\"4\" data-index-in-node=\"251\">reprezentat\u00edvne po\u013eovn\u00edcke s\u00eddlo<\/b> a s\u00fakromn\u00e9 m\u00fazeum gr\u00f3fa <b data-path-to-node=\"4\" data-index-in-node=\"308\">Emanuela I. Andr\u00e1ssyho<\/b>. Cel\u00fd program <b data-path-to-node=\"4\" data-index-in-node=\"345\">trhu sa za\u010d\u00edna u\u017e r\u00e1no<\/b> a jeho bohat\u00e1 ponuka <b data-path-to-node=\"4\" data-index-in-node=\"389\">potrv\u00e1 a\u017e do ve\u010dera<\/b>, \u010do v\u00e1m zaru\u010d\u00ed de\u0148 pln\u00fd z\u00e1\u017eitkov v kulis\u00e1ch architekt\u00fary in\u0161pirovanej <b data-path-to-node=\"4\" data-index-in-node=\"479\">anglick\u00fdmi vidieckymi s\u00eddlami<\/b>, o ktor\u00fdch sa viac dozviete na ofici\u00e1lnej str\u00e1nke <a class=\"ng-star-inserted\" href=\"https:\/\/www.snm.sk\/muzea-snm\/muzeum-betliar\/muzeum-betliar\/o-muzeu\" target=\"_blank\" rel=\"noopener\" data-hveid=\"0\" data-ved=\"0CAAQ_4QMahgKEwioidyB4pSUAxUAAAAAHQAAAAAQ_QM\">https:\/\/www.snm.sk\/muzea-snm\/muzeum-betliar\/muzeum-betliar\/o-muzeu<\/a>.<\/p>\n<h2 data-path-to-node=\"5\"><span style=\"color: #800000;\">Ak\u00e9 unik\u00e1ty pon\u00faka Kvetinov\u00fd a remeseln\u00edcky trh a expoz\u00edcie m\u00fazea?<\/span><\/h2>\n<p data-path-to-node=\"6\">N\u00e1v\u0161tevn\u00edci sa m\u00f4\u017eu \u00faprimne <b data-path-to-node=\"6\" data-index-in-node=\"28\">te\u0161i\u0165 na pestr\u00fa ponuku kvetov<\/b>, rozmanit\u00fdch <b data-path-to-node=\"6\" data-index-in-node=\"71\">okrasn\u00fdch kr\u00edkov<\/b> a \u0161t\u00fdlov\u00fdch <b data-path-to-node=\"6\" data-index-in-node=\"100\">z\u00e1hradn\u00fdch doplnkov<\/b> pre skr\u00e1\u0161lenie svojich domovov. S\u00fa\u010das\u0165ou v\u00fdstavy s\u00fa aj <b data-path-to-node=\"6\" data-index-in-node=\"175\">origin\u00e1lne v\u00fdrobky<\/b> vytvoren\u00e9 rukami <b data-path-to-node=\"6\" data-index-in-node=\"211\">\u0161ikovn\u00fdch remeseln\u00edkov<\/b> a na mieste n\u00e1jdete chutn\u00e9 <b data-path-to-node=\"6\" data-index-in-node=\"261\">lok\u00e1lne dobroty<\/b> \u010di vyh\u013ead\u00e1van\u00e9 <b data-path-to-node=\"6\" data-index-in-node=\"292\">tradi\u010dn\u00e9 poch\u00fa\u0165ky<\/b>. Okrem trhu m\u00f4\u017eete obdivova\u0165 unik\u00e1tny <b data-path-to-node=\"6\" data-index-in-node=\"348\">zbierkov\u00fd fond<\/b>, ktor\u00fd tvor\u00ed <b data-path-to-node=\"6\" data-index-in-node=\"376\">pozostalos\u0165 po rodine Andr\u00e1ssy<\/b>, pri\u010dom pre najmen\u0161\u00edch s\u00fa pripraven\u00e9 z\u00e1bavn\u00e9 <b data-path-to-node=\"6\" data-index-in-node=\"452\">tvoriv\u00e9 dielne pre deti<\/b> v \u010dase <b data-path-to-node=\"6\" data-index-in-node=\"483\">od 13.00 do 16.00<\/b>.<\/p>\n<h2 data-path-to-node=\"7\"><span style=\"color: #800000;\">Pre koho je n\u00e1v\u0161teva historick\u00e9ho parku a ka\u0161tie\u013ea v m\u00e1ji ur\u010den\u00e1?<\/span><\/h2>\n<p data-path-to-node=\"8\">Nev\u00e1hajte a <b data-path-to-node=\"8\" data-index-in-node=\"12\">pr\u00ed\u010fte sa nad\u00fdcha\u0165 jari<\/b>, na\u010derpa\u0165 nov\u00fa <b data-path-to-node=\"8\" data-index-in-node=\"51\">in\u0161pir\u00e1ciu<\/b> do \u017eivota a z\u00e1rove\u0148 akt\u00edvne <b data-path-to-node=\"8\" data-index-in-node=\"90\">podpori\u0165 lok\u00e1lnych tvorcov<\/b>, ktor\u00ed nadv\u00e4zuj\u00fa na trad\u00edcie regi\u00f3nu. Ur\u010dite <b data-path-to-node=\"8\" data-index-in-node=\"162\">vezmite rodinu aj priate\u013eov<\/b> a spolo\u010dne <b data-path-to-node=\"8\" data-index-in-node=\"201\">str\u00e1vte kr\u00e1sny de\u0148<\/b> v neopakovate\u013enom a <b data-path-to-node=\"8\" data-index-in-node=\"240\">jedine\u010dnom prostred\u00ed<\/b>, ktor\u00e9 poskytuje tento <b data-path-to-node=\"8\" data-index-in-node=\"284\">historick\u00fd pr\u00edrodn\u00fd park<\/b>, vyhl\u00e1sen\u00fd za <b data-path-to-node=\"8\" data-index-in-node=\"323\">n\u00e1rodn\u00fa kult\u00farnu pamiatku<\/b>. Cel\u00fd organiza\u010dn\u00fd t\u00edm <b data-path-to-node=\"8\" data-index-in-node=\"371\">SNM &#8211; M\u00fazeum Betliar<\/b>, ktor\u00fd chr\u00e1ni odkaz \u0161\u013eachtickej kult\u00fary u\u017e od roku 1952, odkazuje: <b data-path-to-node=\"8\" data-index-in-node=\"459\">Te\u0161\u00edme sa na v\u00e1s!<\/b><\/p>\n<h2 data-path-to-node=\"10\"><span style=\"color: #800000;\">Gemer v plnom kvete: Pre\u010do spoji\u0165 hist\u00f3riu Andr\u00e1ssyovcov s relaxom<\/span><\/h2>\n<p data-path-to-node=\"11\"><em>N\u00e1v\u0161teva are\u00e1lu <b data-path-to-node=\"11\" data-index-in-node=\"16\">SNM &#8211; M\u00fazeum Betliar<\/b> po\u010das kvetinov\u00e9ho d\u0148a pon\u00faka vz\u00e1cnu pr\u00edle\u017eitos\u0165 vidie\u0165 <b data-path-to-node=\"11\" data-index-in-node=\"92\">celistv\u00e9 \u0161\u013eachtick\u00e9 dedi\u010dstvo<\/b>, ktor\u00e9 ako jedno z m\u00e1la na Slovensku pre\u017eilo vojnov\u00e9 besnenie. Prech\u00e1dzka medzi st\u00e1nkami remeseln\u00edkov v <b data-path-to-node=\"11\" data-index-in-node=\"226\">anglickom parku<\/b> evokuje atmosf\u00e9ru niekdaj\u0161\u00edch z\u00e1hradn\u00fdch sl\u00e1vnost\u00ed <b data-path-to-node=\"11\" data-index-in-node=\"293\">gr\u00f3fskej rodiny<\/b>. Objavovan\u00edm <b data-path-to-node=\"11\" data-index-in-node=\"322\">bytovej kult\u00fary \u0161\u013eachty<\/b> v prepojen\u00ed s n\u00e1kupom jarn\u00fdch saden\u00edc z\u00edskate komplexn\u00fd estetick\u00fd z\u00e1\u017eitok pre v\u0161etky zmysly. Podpora <b data-path-to-node=\"11\" data-index-in-node=\"447\">lok\u00e1lnej produkcie<\/b> priamo v tieni ikonick\u00fdch ve\u017ei\u010diek ka\u0161tie\u013ea dod\u00e1va podujatiu punc <b data-path-to-node=\"11\" data-index-in-node=\"532\">udr\u017eate\u013enosti a \u00facty k trad\u00edci\u00e1m<\/b>. Va\u0161a pr\u00edtomnos\u0165 pom\u00e1ha zachov\u00e1va\u0165 tento <b data-path-to-node=\"11\" data-index-in-node=\"606\">architektonick\u00fd a pr\u00edrodn\u00fd skvost<\/b> pre \u010fal\u0161ie gener\u00e1cie milovn\u00edkov hist\u00f3rie.<\/em><\/p>\n<hr data-path-to-node=\"9\" \/>\n<p><a href=\"https:\/\/www.slovensky-kras.eu\/info\/wp-content\/uploads\/2026\/04\/kvetinovy-trh.jpg\"><img loading=\"lazy\" decoding=\"async\" class=\"aligncenter wp-image-30366\" src=\"https:\/\/www.slovensky-kras.eu\/info\/wp-content\/uploads\/2026\/04\/kvetinovy-trh.jpg\" alt=\"SNM - M\u00fazeum Betliar\" width=\"900\" height=\"1473\" srcset=\"https:\/\/www.slovensky-kras.eu\/info\/wp-content\/uploads\/2026\/04\/kvetinovy-trh.jpg 1080w, https:\/\/www.slovensky-kras.eu\/info\/wp-content\/uploads\/2026\/04\/kvetinovy-trh-367x600.jpg 367w, https:\/\/www.slovensky-kras.eu\/info\/wp-content\/uploads\/2026\/04\/kvetinovy-trh-626x1024.jpg 626w, https:\/\/www.slovensky-kras.eu\/info\/wp-content\/uploads\/2026\/04\/kvetinovy-trh-768x1257.jpg 768w, https:\/\/www.slovensky-kras.eu\/info\/wp-content\/uploads\/2026\/04\/kvetinovy-trh-938x1536.jpg 938w\" sizes=\"auto, (max-width: 900px) 100vw, 900px\" \/><\/a><\/p>\n","protected":false},"excerpt":{"rendered":"<p>Kvetinov\u00fd a remeseln\u00edcky trh v parku ka\u0161tie\u013ea Betliar: Kedy rozkvitne hist\u00f3ria v SNM &#8211; M\u00fazeum Betliar? T\u00fa\u017eite po dni, kde sa luxusn\u00e9 \u0161\u013eachtick\u00e9 s\u00eddlo premen\u00ed na rozkvitnut\u00fa z\u00e1hradu pln\u00fa remesiel? [&hellip;]<\/p>\n","protected":false},"author":1,"featured_media":30366,"comment_status":"closed","ping_status":"closed","sticky":false,"template":"","format":"standard","meta":{"_uag_custom_page_level_css":"","footnotes":""},"categories":[1,308],"tags":[],"class_list":["post-30364","post","type-post","status-publish","format-standard","has-post-thumbnail","hentry","category-aktuality","category-kulturne-podujatia"],"featured_image_src":"https:\/\/www.slovensky-kras.eu\/info\/wp-content\/uploads\/2026\/04\/kvetinovy-trh.jpg","featured_image_src_square":"https:\/\/www.slovensky-kras.eu\/info\/wp-content\/uploads\/2026\/04\/kvetinovy-trh.jpg","author_info":{"display_name":"admin","author_link":"https:\/\/www.slovensky-kras.eu\/info\/author\/admin\/"},"rbea_author_info":{"display_name":"admin","author_link":"https:\/\/www.slovensky-kras.eu\/info\/author\/admin\/"},"rbea_excerpt_info":"Kvetinov\u00fd a remeseln\u00edcky trh v parku ka\u0161tie\u013ea Betliar: Kedy rozkvitne hist\u00f3ria v SNM &#8211; M\u00fazeum Betliar? T\u00fa\u017eite po dni, kde sa luxusn\u00e9 \u0161\u013eachtick\u00e9 s\u00eddlo premen\u00ed na rozkvitnut\u00fa z\u00e1hradu pln\u00fa remesiel? [&hellip;]","category_list":"<a href=\"https:\/\/www.slovensky-kras.eu\/info\/domov\/aktuality\/\" rel=\"category tag\">Aktuality<\/a>, <a href=\"https:\/\/www.slovensky-kras.eu\/info\/domov\/aktuality\/kulturne-podujatia\/\" rel=\"category tag\">Kult\u00farne podujatia<\/a>","comments_num":"0 comments","uagb_featured_image_src":{"full":["https:\/\/www.slovensky-kras.eu\/info\/wp-content\/uploads\/2026\/04\/kvetinovy-trh.jpg",1080,1768,false],"thumbnail":["https:\/\/www.slovensky-kras.eu\/info\/wp-content\/uploads\/2026\/04\/kvetinovy-trh-150x150.jpg",150,150,true],"medium":["https:\/\/www.slovensky-kras.eu\/info\/wp-content\/uploads\/2026\/04\/kvetinovy-trh-367x600.jpg",367,600,true],"medium_large":["https:\/\/www.slovensky-kras.eu\/info\/wp-content\/uploads\/2026\/04\/kvetinovy-trh-768x1257.jpg",768,1257,true],"large":["https:\/\/www.slovensky-kras.eu\/info\/wp-content\/uploads\/2026\/04\/kvetinovy-trh-626x1024.jpg",626,1024,true],"1536x1536":["https:\/\/www.slovensky-kras.eu\/info\/wp-content\/uploads\/2026\/04\/kvetinovy-trh-938x1536.jpg",938,1536,true],"2048x2048":["https:\/\/www.slovensky-kras.eu\/info\/wp-content\/uploads\/2026\/04\/kvetinovy-trh.jpg",1080,1768,false]},"uagb_author_info":{"display_name":"admin","author_link":"https:\/\/www.slovensky-kras.eu\/info\/author\/admin\/"},"uagb_comment_info":0,"uagb_excerpt":"Kvetinov\u00fd a remeseln\u00edcky trh v parku ka\u0161tie\u013ea Betliar: Kedy rozkvitne hist\u00f3ria v SNM &#8211; M\u00fazeum Betliar? T\u00fa\u017eite po dni, kde sa luxusn\u00e9 \u0161\u013eachtick\u00e9 s\u00eddlo premen\u00ed na rozkvitnut\u00fa z\u00e1hradu pln\u00fa remesiel? [&hellip;]","_links":{"self":[{"href":"https:\/\/www.slovensky-kras.eu\/info\/wp-json\/wp\/v2\/posts\/30364","targetHints":{"allow":["GET"]}}],"collection":[{"href":"https:\/\/www.slovensky-kras.eu\/info\/wp-json\/wp\/v2\/posts"}],"about":[{"href":"https:\/\/www.slovensky-kras.eu\/info\/wp-json\/wp\/v2\/types\/post"}],"author":[{"embeddable":true,"href":"https:\/\/www.slovensky-kras.eu\/info\/wp-json\/wp\/v2\/users\/1"}],"replies":[{"embeddable":true,"href":"https:\/\/www.slovensky-kras.eu\/info\/wp-json\/wp\/v2\/comments?post=30364"}],"version-history":[{"count":3,"href":"https:\/\/www.slovensky-kras.eu\/info\/wp-json\/wp\/v2\/posts\/30364\/revisions"}],"predecessor-version":[{"id":30369,"href":"https:\/\/www.slovensky-kras.eu\/info\/wp-json\/wp\/v2\/posts\/30364\/revisions\/30369"}],"wp:featuredmedia":[{"embeddable":true,"href":"https:\/\/www.slovensky-kras.eu\/info\/wp-json\/wp\/v2\/media\/30366"}],"wp:attachment":[{"href":"https:\/\/www.slovensky-kras.eu\/info\/wp-json\/wp\/v2\/media?parent=30364"}],"wp:term":[{"taxonomy":"category","embeddable":true,"href":"https:\/\/www.slovensky-kras.eu\/info\/wp-json\/wp\/v2\/categories?post=30364"},{"taxonomy":"post_tag","embeddable":true,"href":"https:\/\/www.slovensky-kras.eu\/info\/wp-json\/wp\/v2\/tags?post=30364"}],"curies":[{"name":"wp","href":"https:\/\/api.w.org\/{rel}","templated":true}]}}