{"id":30341,"date":"2026-04-29T06:21:08","date_gmt":"2026-04-29T04:21:08","guid":{"rendered":"https:\/\/www.slovensky-kras.eu\/info\/?p=30341"},"modified":"2026-04-29T06:21:08","modified_gmt":"2026-04-29T04:21:08","slug":"zupne-dni-2026-v-moldave-nad-bodvou","status":"publish","type":"post","link":"https:\/\/www.slovensky-kras.eu\/info\/zupne-dni-2026-v-moldave-nad-bodvou\/","title":{"rendered":"\u017dupn\u00e9 dni 2026 v MOLDAVE NAD BODVOU"},"content":{"rendered":"<h2 data-path-to-node=\"2\"><span style=\"color: #800000;\">Pre\u010do by ste si nemali necha\u0165 ujs\u0165 \u017dupn\u00e9 dni 2026 v MOLDAVE NAD BODVOU?<\/span><\/h2>\n<p data-path-to-node=\"3\"><b data-path-to-node=\"3\" data-index-in-node=\"0\">\u017dupn\u00e9 dni 2026 v MOLDAVE NAD BODVOU<\/b> s\u00fa jedine\u010dnou pr\u00edle\u017eitos\u0165ou, kedy <b data-path-to-node=\"3\" data-index-in-node=\"70\">Ko\u0161ick\u00fd samospr\u00e1vny kraj<\/b> vyr\u00e1\u017ea priamo za vami, aby v\u00e1m uk\u00e1zal to najlep\u0161ie zo svojho regi\u00f3nu. Tento rok sa podujatie nesie v inovat\u00edvnom duchu a pon\u00faka fascinuj\u00face spojenie <b data-path-to-node=\"3\" data-index-in-node=\"244\">trad\u00edci\u00ed s modern\u00fdmi technol\u00f3giami<\/b>. Pr\u00ed\u010fte v <b data-path-to-node=\"3\" data-index-in-node=\"289\">utorok 5. m\u00e1ja<\/b> do <b data-path-to-node=\"3\" data-index-in-node=\"307\">Mestsk\u00e9ho \u0161portov\u00e9ho are\u00e1lu<\/b>, kde v\u00e1s od <b data-path-to-node=\"3\" data-index-in-node=\"347\">14:00 do 20:00<\/b> \u010dak\u00e1 bohat\u00fd program, v\u010faka ktor\u00e9mu za\u017eijete svoj kraj z \u00faplnej bl\u00edzkosti.<\/p>\n<h2 data-path-to-node=\"5\"><span style=\"color: #800000;\">Ak\u00fd hudobn\u00fd a kult\u00farny program pon\u00fakaj\u00fa \u017dupn\u00e9 dni 2026 v MOLDAVE NAD BODVOU?<\/span><\/h2>\n<p data-path-to-node=\"6\">Milovn\u00edci hudby a kult\u00fary sa m\u00f4\u017eu te\u0161i\u0165 na vyst\u00fapenie popul\u00e1rneho <b data-path-to-node=\"6\" data-index-in-node=\"66\">Alana Murina<\/b> a charizmatick\u00e9ho <b data-path-to-node=\"6\" data-index-in-node=\"97\">Petra \u0160r\u00e1meka<\/b>, ktor\u00fdch dopln\u00ed energick\u00fd <b data-path-to-node=\"6\" data-index-in-node=\"137\">DJ Just Dave<\/b>. Atmosf\u00e9ru dotvoria unik\u00e1tne <b data-path-to-node=\"6\" data-index-in-node=\"179\">Klenoty kraja<\/b> a umeleck\u00fd z\u00e1\u017eitok prinesie <b data-path-to-node=\"6\" data-index-in-node=\"221\">Divadlo Th\u00e1lia Szinh\u00e1z<\/b> so svoj\u00edm p\u00fatav\u00fdm predstaven\u00edm v <b data-path-to-node=\"6\" data-index-in-node=\"277\">ma\u010farskom jazyku<\/b>.<\/p>\n<h2 data-path-to-node=\"8\"><span style=\"color: #800000;\">Ak\u00e9 technologick\u00e9 inov\u00e1cie a z\u00e1\u017eitky v\u00e1s \u010dakaj\u00fa v Mestskom \u0161portovom are\u00e1li?<\/span><\/h2>\n<p data-path-to-node=\"9\">V r\u00e1mci t\u00e9my inov\u00e1ci\u00ed si m\u00f4\u017eete vysk\u00fa\u0161a\u0165 <b data-path-to-node=\"9\" data-index-in-node=\"41\">3D tla\u010d<\/b>, prec\u00edzne <b data-path-to-node=\"9\" data-index-in-node=\"59\">vypa\u013eovanie laserom<\/b> \u010di fascinuj\u00face <b data-path-to-node=\"9\" data-index-in-node=\"94\">programovanie robotov<\/b>. S\u00fa\u010das\u0165ou programu s\u00fa aj <b data-path-to-node=\"9\" data-index-in-node=\"141\">digit\u00e1lne potulky<\/b>, ktor\u00e9 pripravilo <b data-path-to-node=\"9\" data-index-in-node=\"177\">Gymn\u00e1zium \u0160tefana Moyzesa<\/b> v spolupr\u00e1ci so <b data-path-to-node=\"9\" data-index-in-node=\"219\">Strednou odbornou \u0161kolou agrotechnickou v Moldave nad Bodvou<\/b>. Pre zvedav\u00e9 mysle s\u00fa pripraven\u00e9 <b data-path-to-node=\"9\" data-index-in-node=\"313\">vedeck\u00e9 pokusy<\/b>, dychber\u00face <b data-path-to-node=\"9\" data-index-in-node=\"340\">nadrozmern\u00e9 plan\u00e9ty<\/b>, r\u00f4znorod\u00e9 <b data-path-to-node=\"9\" data-index-in-node=\"371\">kv\u00edzy<\/b> a uk\u00e1\u017eky modernej <b data-path-to-node=\"9\" data-index-in-node=\"395\">cest\u00e1rskej techniky<\/b>.<\/p>\n<h2 data-path-to-node=\"11\"><span style=\"color: #800000;\">Ktor\u00e9 tradi\u010dn\u00e9 remesl\u00e1 a aktivity pre rodiny s\u00fa pripraven\u00e9?<\/span><\/h2>\n<p data-path-to-node=\"12\">Spoznajte pestr\u00fa ponuku v\u00fdletov v na\u0161om kraji a ponorte sa do hist\u00f3rie cez <b data-path-to-node=\"12\" data-index-in-node=\"75\">tkanie<\/b>, <b data-path-to-node=\"12\" data-index-in-node=\"83\">v\u00fdrobu b\u00e1bok<\/b> \u010di sledovanie umenia <b data-path-to-node=\"12\" data-index-in-node=\"117\">choduliarov<\/b>. Pre deti aj dospel\u00fdch je pripraven\u00e9 <b data-path-to-node=\"12\" data-index-in-node=\"166\">ma\u013eovanie na tv\u00e1r<\/b>, \u0161t\u00fdlov\u00e9 <b data-path-to-node=\"12\" data-index-in-node=\"193\">zapletanie copov<\/b> a ob\u013e\u00faben\u00fd <b data-path-to-node=\"12\" data-index-in-node=\"221\">fotonaut<\/b> na zachytenie spomienok. Prezentova\u0165 sa bud\u00fa aj in\u0161pirat\u00edvne <b data-path-to-node=\"12\" data-index-in-node=\"291\">aktivity \u017eupn\u00fdch stredn\u00fdch \u0161k\u00f4l<\/b> a d\u00f4le\u017eit\u00fdch <b data-path-to-node=\"12\" data-index-in-node=\"336\">zariaden\u00ed soci\u00e1lnych slu\u017eieb<\/b>.<\/p>\n<h2 data-path-to-node=\"14\"><span style=\"color: #800000;\">Kde n\u00e1jdete ofici\u00e1lne inform\u00e1cie a ak\u00e9 s\u00fa \u010fal\u0161ie term\u00edny podujatia?<\/span><\/h2>\n<p data-path-to-node=\"15\">Pre kompletn\u00fd preh\u013ead a aktuality klikajte na <a title=\"www.zupnednikosickehokraja.sk\" href=\"https:\/\/www.zupnednikosickehokraja.sk\/\" target=\"_blank\" rel=\"noopener\"><b data-path-to-node=\"15\" data-index-in-node=\"46\">www.zupnednikosickehokraja.sk<\/b><\/a> a nezme\u0161kajte <b data-path-to-node=\"15\" data-index-in-node=\"76\">\u017dupn\u00e9 dni v Moldave nad Bodvou<\/b>, kde na v\u00e1s \u010dakaj\u00fa aj <b data-path-to-node=\"15\" data-index-in-node=\"129\">lok\u00e1lne chu\u0165ovky<\/b> a origin\u00e1lne <b data-path-to-node=\"15\" data-index-in-node=\"159\">remeseln\u00e9 produkty<\/b>. Te\u0161\u00edme sa na v\u00e1s aj v \u010fal\u0161\u00edch term\u00ednoch: <b data-path-to-node=\"15\" data-index-in-node=\"220\">8. 5. v Spi\u0161skej Novej Vsi<\/b> (piatok), <b data-path-to-node=\"15\" data-index-in-node=\"257\">15. 5. v Michalovciach<\/b> (piatok), <b data-path-to-node=\"15\" data-index-in-node=\"290\">22. 5. v Gelnici<\/b> (piatok), <b data-path-to-node=\"15\" data-index-in-node=\"317\">29. 5. v Ko\u0161iciach<\/b> (piatok), <b data-path-to-node=\"15\" data-index-in-node=\"346\">6. 6. v Sobranciach<\/b> (sobota) a <b data-path-to-node=\"15\" data-index-in-node=\"377\">10. 6. v Kr\u00e1\u013eovskom Chlmci<\/b> (streda), pri\u010dom <b data-path-to-node=\"15\" data-index-in-node=\"421\">zmena programu je vyhraden\u00e1<\/b>.<\/p>\n<h2 data-path-to-node=\"17\"><span style=\"color: #800000;\">Objavte du\u0161u v\u00fdchodu cez prizmu inov\u00e1ci\u00ed<\/span><\/h2>\n<p data-path-to-node=\"18\"><em>N\u00e1v\u0161teva tohto podujatia v\u00e1m otvor\u00ed dvere k hlb\u0161iemu pochopeniu synergie medzi <b data-path-to-node=\"18\" data-index-in-node=\"79\">bohat\u00fdm dedi\u010dstvom<\/b> na\u0161ich predkov a <b data-path-to-node=\"18\" data-index-in-node=\"115\">v\u00edziou bud\u00facnosti<\/b>, ktor\u00fa kraj buduje. Z\u00edskate unik\u00e1tny preh\u013ead o <b data-path-to-node=\"18\" data-index-in-node=\"180\">vzdel\u00e1vac\u00edch a soci\u00e1lnych mo\u017enostiach<\/b> v regi\u00f3ne, \u010do m\u00f4\u017ee by\u0165 k\u013e\u00fa\u010dov\u00e9 pre smerovanie va\u0161ich det\u00ed. Priama interakcia s <b data-path-to-node=\"18\" data-index-in-node=\"297\">modernou vedou a remeslami<\/b> podnecuje kreativitu a lok\u00e1lnu hrdos\u0165 u v\u0161etk\u00fdch vekov\u00fdch kateg\u00f3ri\u00ed. Okrem nezabudnute\u013en\u00fdch z\u00e1\u017eitkov podpor\u00edte <b data-path-to-node=\"18\" data-index-in-node=\"435\">miestnych producentov<\/b> a odnesiete si domov k\u00fasok autentick\u00e9ho v\u00fdchodu v podobe chut\u00ed \u010di remeseln\u00fdch v\u00fdrobkov. \u017dupn\u00e9 dni s\u00fa miestom, kde sa komunita sp\u00e1ja, aby spolo\u010dne osl\u00e1vila <b data-path-to-node=\"18\" data-index-in-node=\"612\">dynamick\u00fd rozvoj a pohostinnos\u0165<\/b> Ko\u0161ick\u00e9ho kraja.<\/em><\/p>\n<hr data-path-to-node=\"16\" \/>\n<p><a href=\"https:\/\/www.slovensky-kras.eu\/info\/wp-content\/uploads\/2026\/04\/zpne-dni-moldava.jpg\"><img loading=\"lazy\" decoding=\"async\" class=\"aligncenter wp-image-30343\" src=\"https:\/\/www.slovensky-kras.eu\/info\/wp-content\/uploads\/2026\/04\/zpne-dni-moldava.jpg\" alt=\"\u017dupn\u00e9 dni 2026 v MOLDAVE NAD BODVOU\" width=\"900\" height=\"471\" srcset=\"https:\/\/www.slovensky-kras.eu\/info\/wp-content\/uploads\/2026\/04\/zpne-dni-moldava.jpg 2048w, https:\/\/www.slovensky-kras.eu\/info\/wp-content\/uploads\/2026\/04\/zpne-dni-moldava-800x418.jpg 800w, https:\/\/www.slovensky-kras.eu\/info\/wp-content\/uploads\/2026\/04\/zpne-dni-moldava-1024x536.jpg 1024w, https:\/\/www.slovensky-kras.eu\/info\/wp-content\/uploads\/2026\/04\/zpne-dni-moldava-768x402.jpg 768w, https:\/\/www.slovensky-kras.eu\/info\/wp-content\/uploads\/2026\/04\/zpne-dni-moldava-1536x803.jpg 1536w\" sizes=\"auto, (max-width: 900px) 100vw, 900px\" \/><\/a><\/p>\n","protected":false},"excerpt":{"rendered":"<p>Pre\u010do by ste si nemali necha\u0165 ujs\u0165 \u017dupn\u00e9 dni 2026 v MOLDAVE NAD BODVOU? \u017dupn\u00e9 dni 2026 v MOLDAVE NAD BODVOU s\u00fa jedine\u010dnou pr\u00edle\u017eitos\u0165ou, kedy Ko\u0161ick\u00fd samospr\u00e1vny kraj vyr\u00e1\u017ea priamo [&hellip;]<\/p>\n","protected":false},"author":1,"featured_media":30343,"comment_status":"closed","ping_status":"closed","sticky":false,"template":"","format":"standard","meta":{"_uag_custom_page_level_css":"","footnotes":""},"categories":[308],"tags":[],"class_list":["post-30341","post","type-post","status-publish","format-standard","has-post-thumbnail","hentry","category-kulturne-podujatia"],"featured_image_src":"https:\/\/www.slovensky-kras.eu\/info\/wp-content\/uploads\/2026\/04\/zpne-dni-moldava.jpg","featured_image_src_square":"https:\/\/www.slovensky-kras.eu\/info\/wp-content\/uploads\/2026\/04\/zpne-dni-moldava.jpg","author_info":{"display_name":"admin","author_link":"https:\/\/www.slovensky-kras.eu\/info\/author\/admin\/"},"rbea_author_info":{"display_name":"admin","author_link":"https:\/\/www.slovensky-kras.eu\/info\/author\/admin\/"},"rbea_excerpt_info":"Pre\u010do by ste si nemali necha\u0165 ujs\u0165 \u017dupn\u00e9 dni 2026 v MOLDAVE NAD BODVOU? \u017dupn\u00e9 dni 2026 v MOLDAVE NAD BODVOU s\u00fa jedine\u010dnou pr\u00edle\u017eitos\u0165ou, kedy Ko\u0161ick\u00fd samospr\u00e1vny kraj vyr\u00e1\u017ea priamo [&hellip;]","category_list":"<a href=\"https:\/\/www.slovensky-kras.eu\/info\/domov\/aktuality\/kulturne-podujatia\/\" rel=\"category tag\">Kult\u00farne podujatia<\/a>","comments_num":"0 comments","uagb_featured_image_src":{"full":["https:\/\/www.slovensky-kras.eu\/info\/wp-content\/uploads\/2026\/04\/zpne-dni-moldava.jpg",2048,1071,false],"thumbnail":["https:\/\/www.slovensky-kras.eu\/info\/wp-content\/uploads\/2026\/04\/zpne-dni-moldava-150x150.jpg",150,150,true],"medium":["https:\/\/www.slovensky-kras.eu\/info\/wp-content\/uploads\/2026\/04\/zpne-dni-moldava-800x418.jpg",800,418,true],"medium_large":["https:\/\/www.slovensky-kras.eu\/info\/wp-content\/uploads\/2026\/04\/zpne-dni-moldava-768x402.jpg",768,402,true],"large":["https:\/\/www.slovensky-kras.eu\/info\/wp-content\/uploads\/2026\/04\/zpne-dni-moldava-1024x536.jpg",1024,536,true],"1536x1536":["https:\/\/www.slovensky-kras.eu\/info\/wp-content\/uploads\/2026\/04\/zpne-dni-moldava-1536x803.jpg",1536,803,true],"2048x2048":["https:\/\/www.slovensky-kras.eu\/info\/wp-content\/uploads\/2026\/04\/zpne-dni-moldava.jpg",2048,1071,false]},"uagb_author_info":{"display_name":"admin","author_link":"https:\/\/www.slovensky-kras.eu\/info\/author\/admin\/"},"uagb_comment_info":0,"uagb_excerpt":"Pre\u010do by ste si nemali necha\u0165 ujs\u0165 \u017dupn\u00e9 dni 2026 v MOLDAVE NAD BODVOU? \u017dupn\u00e9 dni 2026 v MOLDAVE NAD BODVOU s\u00fa jedine\u010dnou pr\u00edle\u017eitos\u0165ou, kedy Ko\u0161ick\u00fd samospr\u00e1vny kraj vyr\u00e1\u017ea priamo [&hellip;]","_links":{"self":[{"href":"https:\/\/www.slovensky-kras.eu\/info\/wp-json\/wp\/v2\/posts\/30341","targetHints":{"allow":["GET"]}}],"collection":[{"href":"https:\/\/www.slovensky-kras.eu\/info\/wp-json\/wp\/v2\/posts"}],"about":[{"href":"https:\/\/www.slovensky-kras.eu\/info\/wp-json\/wp\/v2\/types\/post"}],"author":[{"embeddable":true,"href":"https:\/\/www.slovensky-kras.eu\/info\/wp-json\/wp\/v2\/users\/1"}],"replies":[{"embeddable":true,"href":"https:\/\/www.slovensky-kras.eu\/info\/wp-json\/wp\/v2\/comments?post=30341"}],"version-history":[{"count":2,"href":"https:\/\/www.slovensky-kras.eu\/info\/wp-json\/wp\/v2\/posts\/30341\/revisions"}],"predecessor-version":[{"id":30345,"href":"https:\/\/www.slovensky-kras.eu\/info\/wp-json\/wp\/v2\/posts\/30341\/revisions\/30345"}],"wp:featuredmedia":[{"embeddable":true,"href":"https:\/\/www.slovensky-kras.eu\/info\/wp-json\/wp\/v2\/media\/30343"}],"wp:attachment":[{"href":"https:\/\/www.slovensky-kras.eu\/info\/wp-json\/wp\/v2\/media?parent=30341"}],"wp:term":[{"taxonomy":"category","embeddable":true,"href":"https:\/\/www.slovensky-kras.eu\/info\/wp-json\/wp\/v2\/categories?post=30341"},{"taxonomy":"post_tag","embeddable":true,"href":"https:\/\/www.slovensky-kras.eu\/info\/wp-json\/wp\/v2\/tags?post=30341"}],"curies":[{"name":"wp","href":"https:\/\/api.w.org\/{rel}","templated":true}]}}