{"id":30337,"date":"2026-04-29T06:08:57","date_gmt":"2026-04-29T04:08:57","guid":{"rendered":"https:\/\/www.slovensky-kras.eu\/info\/?p=30337"},"modified":"2026-04-29T06:08:57","modified_gmt":"2026-04-29T04:08:57","slug":"zupne-dni-2026-v-roznave","status":"publish","type":"post","link":"https:\/\/www.slovensky-kras.eu\/info\/zupne-dni-2026-v-roznave\/","title":{"rendered":"\u017dupn\u00e9 dni 2026 v RO\u017d\u0147AVE"},"content":{"rendered":"<h2 data-path-to-node=\"0\"><span style=\"color: #800000;\">Pre\u010do si nenecha\u0165 ujs\u0165 \u017dupn\u00e9 dni 2026 v RO\u017d\u0147AVE a za\u017ei\u0165 technologick\u00fa revol\u00faciu Gemera?<\/span><\/h2>\n<p data-path-to-node=\"1\"><b data-path-to-node=\"1\" data-index-in-node=\"0\">\u017dupn\u00e9 dni 2026 v RO\u017d\u0147AVE<\/b> otv\u00e1raj\u00fa svoje br\u00e1ny v\u0161etk\u00fdm nad\u0161encom trad\u00edci\u00ed aj bud\u00facich technol\u00f3gi\u00ed. Vo \u0161tvrtok <b data-path-to-node=\"1\" data-index-in-node=\"109\">30. apr\u00edla<\/b> v\u00e1s s rados\u0165ou \u010dak\u00e1me priamo v srdci <b data-path-to-node=\"1\" data-index-in-node=\"157\">RO\u017d\u0147AVY na N\u00e1mest\u00ed ban\u00edkov<\/b>. Mil\u00ed <b data-path-to-node=\"1\" data-index-in-node=\"190\">V\u00fdchodniari<\/b>, vyu\u017eite t\u00fato jedine\u010dn\u00fa pr\u00edle\u017eitos\u0165 a pr\u00ed\u010fte v \u010dase od <b data-path-to-node=\"1\" data-index-in-node=\"257\">14:00 do 21:00<\/b> za\u017ei\u0165 svoj milovan\u00fd <b data-path-to-node=\"1\" data-index-in-node=\"292\">kraj \u00faplne zbl\u00edzka<\/b>! Aktu\u00e1lny ro\u010dn\u00edk sa nesie v in\u0161pirat\u00edvnom duchu a s fascinuj\u00facou <b data-path-to-node=\"1\" data-index-in-node=\"376\">t\u00e9mou inov\u00e1ci\u00ed<\/b>.<\/p>\n<h2 data-path-to-node=\"3\"><span style=\"color: #800000;\">Ak\u00fd kult\u00farny program pon\u00fakaj\u00fa \u017dupn\u00e9 dni 2026 v RO\u017d\u0147AVE?<\/span><\/h2>\n<p data-path-to-node=\"4\">Na \u010do sa m\u00f4\u017eete v r\u00e1mci podujatia te\u0161i\u0165? Va\u0161u pozornos\u0165 si podman\u00ed popul\u00e1rna skupina <b data-path-to-node=\"4\" data-index-in-node=\"85\">Hex<\/b> a dynamick\u00fd set, ktor\u00fd odohr\u00e1 <b data-path-to-node=\"4\" data-index-in-node=\"119\">DJ Just Dave<\/b>. Dramatick\u00e9 umenie zast\u00fapi <b data-path-to-node=\"4\" data-index-in-node=\"159\">Pir\u00e1tska odysea \u2013 Plamene Gemera<\/b>, unik\u00e1tna <b data-path-to-node=\"4\" data-index-in-node=\"202\">divadeln\u00e1 hra<\/b>, a ch\u00fdba\u0165 nebude ani tradi\u010dn\u00e9 <b data-path-to-node=\"4\" data-index-in-node=\"246\">stavanie m\u00e1ja<\/b> v r\u00e9\u017eii s\u00faboru <b data-path-to-node=\"4\" data-index-in-node=\"275\">Klenoty kraja<\/b>.<\/p>\n<p data-path-to-node=\"5\">Hudobn\u00fd z\u00e1\u017eitok umocn\u00ed <b data-path-to-node=\"5\" data-index-in-node=\"23\">koncert Konzervat\u00f3ria J. Adamovi\u010da<\/b> spolo\u010dne s <b data-path-to-node=\"5\" data-index-in-node=\"69\">Konzervat\u00f3riom P. Dvorsk\u00e9ho<\/b>. Milovn\u00edkov ma\u010farskej kult\u00fary pote\u0161\u00ed <b data-path-to-node=\"5\" data-index-in-node=\"134\">Divadlo Th\u00e1lia Sz\u00ednh\u00e1z<\/b> a ich <b data-path-to-node=\"5\" data-index-in-node=\"163\">predstavenie v ma\u010far\u010dine<\/b>. Vyvrcholen\u00edm kulin\u00e1rskej \u010dasti bude <b data-path-to-node=\"5\" data-index-in-node=\"225\">Vare\u0161ka Ko\u0161ick\u00e9ho kraja<\/b> a sl\u00e1vnostn\u00e9 <b data-path-to-node=\"5\" data-index-in-node=\"262\">vyhl\u00e1senie v\u00fdsledkov<\/b> tejto s\u00fa\u0165a\u017ee.<\/p>\n<h2 data-path-to-node=\"7\"><span style=\"color: #800000;\">Ak\u00e9 inov\u00e1cie a modern\u00e9 technol\u00f3gie m\u00f4\u017eete v Ro\u017e\u0148ave vysk\u00fa\u0161a\u0165?<\/span><\/h2>\n<p data-path-to-node=\"8\">\u010co v\u00e1s \u010dak\u00e1 v r\u00e1mci technologickej z\u00f3ny? Na vlastn\u00e9 o\u010di uvid\u00edte prec\u00edznu <b data-path-to-node=\"8\" data-index-in-node=\"73\">3D tla\u010d<\/b> a modern\u00e9 <b data-path-to-node=\"8\" data-index-in-node=\"91\">vypa\u013eovanie laserom<\/b>. Bud\u00facnos\u0165 v\u00e1m pribl\u00ed\u017eia interakt\u00edvne <b data-path-to-node=\"8\" data-index-in-node=\"149\">AI okuliare<\/b> a \u0161t\u00fdlov\u00e1 <b data-path-to-node=\"8\" data-index-in-node=\"171\">fotostena<\/b>. Ak pl\u00e1nujete leto, k dispoz\u00edcii je bohat\u00e1 <b data-path-to-node=\"8\" data-index-in-node=\"224\">ponuka letn\u00fdch t\u00e1borov v kraji<\/b> aj in\u0161pirat\u00edvna <b data-path-to-node=\"8\" data-index-in-node=\"271\">ponuka v\u00fdletov v kraji<\/b>.<\/p>\n<p data-path-to-node=\"9\">Vedu v\u00e1m pribl\u00ed\u017eia <b data-path-to-node=\"9\" data-index-in-node=\"19\">nadrozmern\u00e9 plan\u00e9ty<\/b> a p\u00fatav\u00e9 <b data-path-to-node=\"9\" data-index-in-node=\"48\">vedeck\u00e9 pokusy<\/b>. Pre kreat\u00edvne du\u0161e je pripraven\u00e1 <b data-path-to-node=\"9\" data-index-in-node=\"97\">v\u00fdroba b\u00e1bok<\/b> a tradi\u010dn\u00e9 <b data-path-to-node=\"9\" data-index-in-node=\"121\">tkanie<\/b>. Atmosf\u00e9ru dotvoria <b data-path-to-node=\"9\" data-index-in-node=\"148\">\u017eiv\u00e9 sochy<\/b> a fascinuj\u00faci <b data-path-to-node=\"9\" data-index-in-node=\"173\">choduliari<\/b>. Pre zvedavcov s\u00fa otvoren\u00e9 <b data-path-to-node=\"9\" data-index-in-node=\"211\">tvoriv\u00e9 laborat\u00f3ri\u00e1<\/b>, vystaven\u00e1 <b data-path-to-node=\"9\" data-index-in-node=\"242\">cest\u00e1rska technika<\/b> a pripraven\u00e9 s\u00fa\u0165a\u017en\u00e9 <b data-path-to-node=\"9\" data-index-in-node=\"282\">kv\u00edzy<\/b>.<\/p>\n<h2 data-path-to-node=\"11\"><span style=\"color: #800000;\">Ktor\u00e9 lok\u00e1lne \u0161peciality a sprievodn\u00e9 aktivity spr\u00edjemnia v\u00e1\u0161 de\u0148?<\/span><\/h2>\n<p data-path-to-node=\"12\">\u010co \u010fal\u0161ie v\u00e1s po\u010das n\u00e1v\u0161tevy pote\u0161\u00ed? Va\u0161e chu\u0165ov\u00e9 poh\u00e1riky uspokoja poctiv\u00e9 <b data-path-to-node=\"12\" data-index-in-node=\"76\">lok\u00e1lne chu\u0165ovky<\/b> a dom\u00e1ce <b data-path-to-node=\"12\" data-index-in-node=\"102\">remeseln\u00e9 produkty<\/b>. Deti aj dospel\u00fdch rozvesel\u00ed ob\u013e\u00faben\u00e9 <b data-path-to-node=\"12\" data-index-in-node=\"159\">ma\u013eovanie na tv\u00e1r<\/b>, profesion\u00e1lne <b data-path-to-node=\"12\" data-index-in-node=\"192\">zapletanie copov<\/b> a modern\u00fd <b data-path-to-node=\"12\" data-index-in-node=\"219\">fotonaut<\/b>. Svoju \u010dinnos\u0165 a \u0161ikovnos\u0165 \u0161tudentov predstavia aj <b data-path-to-node=\"12\" data-index-in-node=\"279\">aktivity \u017eupn\u00fdch stredn\u00fdch \u0161k\u00f4l a zariaden\u00ed soci\u00e1lnych slu\u017eieb<\/b>.<\/p>\n<h2 data-path-to-node=\"14\"><span style=\"color: #800000;\">Kde n\u00e1jdete kompletn\u00fd harmonogram a \u010fal\u0161ie zast\u00e1vky podujatia?<\/span><\/h2>\n<p data-path-to-node=\"15\">Pre viac inform\u00e1ci\u00ed a detailn\u00fd program klikajte na webov\u00fa str\u00e1nku <b data-path-to-node=\"15\" data-index-in-node=\"66\">www.zupnedni.sk<\/b> a ur\u010dite nezme\u0161kajte <b data-path-to-node=\"15\" data-index-in-node=\"103\">\u017dupn\u00e9 dni v Ro\u017e\u0148ave<\/b>. Te\u0161\u00edme sa na v\u00e1s aj v \u010fal\u0161\u00edch term\u00ednoch a mest\u00e1ch: v utorok <b data-path-to-node=\"15\" data-index-in-node=\"184\">5. 5. v Moldave nad Bodvou<\/b>, v piatok <b data-path-to-node=\"15\" data-index-in-node=\"221\">8. 5. v Spi\u0161skej Novej Vsi<\/b>, v piatok <b data-path-to-node=\"15\" data-index-in-node=\"258\">15. 5. v Michalovciach<\/b>, v piatok <b data-path-to-node=\"15\" data-index-in-node=\"291\">22. 5. v Gelnici<\/b>, v piatok <b data-path-to-node=\"15\" data-index-in-node=\"318\">29. 5. v Ko\u0161iciach<\/b>, v sobotu <b data-path-to-node=\"15\" data-index-in-node=\"347\">6. 6. v Sobranciach<\/b> a v stredu <b data-path-to-node=\"15\" data-index-in-node=\"378\">10. 6. v Kr\u00e1\u013eovskom Chlmci<\/b>.<\/p>\n<p data-path-to-node=\"15\">Viac info: <a href=\"https:\/\/www.zupnednikosickehokraja.sk\/\" target=\"_blank\" rel=\"noopener\">https:\/\/www.zupnednikosickehokraja.sk\/<\/a><\/p>\n<h2 data-path-to-node=\"17\"><span style=\"color: #800000;\">Gemersk\u00fd k\u00f3d k dokonal\u00e9mu rodinn\u00e9mu v\u00fdletu<\/span><\/h2>\n<p data-path-to-node=\"18\"><em>N\u00e1v\u0161teva tohto podujatia v Ro\u017e\u0148ave predstavuje dokonal\u00fd prienik medzi <b data-path-to-node=\"18\" data-index-in-node=\"70\">historick\u00fdm dedi\u010dstvom Gemera<\/b> a v\u00edziou <b data-path-to-node=\"18\" data-index-in-node=\"109\">modernej bud\u00facnosti<\/b>. Z\u00edskate unik\u00e1tny preh\u013ead o <b data-path-to-node=\"18\" data-index-in-node=\"157\">invest\u00edci\u00e1ch do vzdelania<\/b> a inov\u00e1ci\u00ed v regi\u00f3ne, zatia\u013e \u010do va\u0161e deti sa zabavia pri eduka\u010dn\u00fdch <b data-path-to-node=\"18\" data-index-in-node=\"251\">vedeck\u00fdch experimentoch<\/b>. Podujatie efekt\u00edvne sp\u00e1ja <b data-path-to-node=\"18\" data-index-in-node=\"302\">komunitn\u00fd networking<\/b> s podporou region\u00e1lnych producentov, \u010do z neho rob\u00ed k\u013e\u00fa\u010dov\u00fd bod v kalend\u00e1ri <b data-path-to-node=\"18\" data-index-in-node=\"399\">cestovn\u00e9ho ruchu v\u00fdchodn\u00e9ho Slovenska<\/b>. Je to ide\u00e1lna pr\u00edle\u017eitos\u0165 pre <b data-path-to-node=\"18\" data-index-in-node=\"468\">autentick\u00e9 spozn\u00e1vanie kraja<\/b>, kde sa folkl\u00f3r prirodzene stret\u00e1va s umelou inteligenciou. Neodch\u00e1dzate len so z\u00e1\u017eitkom, ale s hlb\u0161\u00edm pochopen\u00edm identity modern\u00e9ho <b data-path-to-node=\"18\" data-index-in-node=\"630\">Ko\u0161ick\u00e9ho samospr\u00e1vneho kraja<\/b>.<\/em><\/p>\n<hr data-path-to-node=\"16\" \/>\n<p><a href=\"https:\/\/www.slovensky-kras.eu\/info\/wp-content\/uploads\/2026\/04\/zupne-dni-roznava.jpg\"><img loading=\"lazy\" decoding=\"async\" class=\"aligncenter wp-image-30339\" src=\"https:\/\/www.slovensky-kras.eu\/info\/wp-content\/uploads\/2026\/04\/zupne-dni-roznava.jpg\" alt=\"\u017dupn\u00e9 dni 2026 v RO\u017d\u0147AVE\" width=\"900\" height=\"471\" srcset=\"https:\/\/www.slovensky-kras.eu\/info\/wp-content\/uploads\/2026\/04\/zupne-dni-roznava.jpg 2048w, https:\/\/www.slovensky-kras.eu\/info\/wp-content\/uploads\/2026\/04\/zupne-dni-roznava-800x418.jpg 800w, https:\/\/www.slovensky-kras.eu\/info\/wp-content\/uploads\/2026\/04\/zupne-dni-roznava-1024x536.jpg 1024w, https:\/\/www.slovensky-kras.eu\/info\/wp-content\/uploads\/2026\/04\/zupne-dni-roznava-768x402.jpg 768w, https:\/\/www.slovensky-kras.eu\/info\/wp-content\/uploads\/2026\/04\/zupne-dni-roznava-1536x803.jpg 1536w\" sizes=\"auto, (max-width: 900px) 100vw, 900px\" \/><\/a><\/p>\n","protected":false},"excerpt":{"rendered":"<p>Pre\u010do si nenecha\u0165 ujs\u0165 \u017dupn\u00e9 dni 2026 v RO\u017d\u0147AVE a za\u017ei\u0165 technologick\u00fa revol\u00faciu Gemera? \u017dupn\u00e9 dni 2026 v RO\u017d\u0147AVE otv\u00e1raj\u00fa svoje br\u00e1ny v\u0161etk\u00fdm nad\u0161encom trad\u00edci\u00ed aj bud\u00facich technol\u00f3gi\u00ed. Vo \u0161tvrtok [&hellip;]<\/p>\n","protected":false},"author":1,"featured_media":30339,"comment_status":"closed","ping_status":"closed","sticky":false,"template":"","format":"standard","meta":{"_uag_custom_page_level_css":"","footnotes":""},"categories":[1,308],"tags":[],"class_list":["post-30337","post","type-post","status-publish","format-standard","has-post-thumbnail","hentry","category-aktuality","category-kulturne-podujatia"],"featured_image_src":"https:\/\/www.slovensky-kras.eu\/info\/wp-content\/uploads\/2026\/04\/zupne-dni-roznava.jpg","featured_image_src_square":"https:\/\/www.slovensky-kras.eu\/info\/wp-content\/uploads\/2026\/04\/zupne-dni-roznava.jpg","author_info":{"display_name":"admin","author_link":"https:\/\/www.slovensky-kras.eu\/info\/author\/admin\/"},"rbea_author_info":{"display_name":"admin","author_link":"https:\/\/www.slovensky-kras.eu\/info\/author\/admin\/"},"rbea_excerpt_info":"Pre\u010do si nenecha\u0165 ujs\u0165 \u017dupn\u00e9 dni 2026 v RO\u017d\u0147AVE a za\u017ei\u0165 technologick\u00fa revol\u00faciu Gemera? \u017dupn\u00e9 dni 2026 v RO\u017d\u0147AVE otv\u00e1raj\u00fa svoje br\u00e1ny v\u0161etk\u00fdm nad\u0161encom trad\u00edci\u00ed aj bud\u00facich technol\u00f3gi\u00ed. Vo \u0161tvrtok [&hellip;]","category_list":"<a href=\"https:\/\/www.slovensky-kras.eu\/info\/domov\/aktuality\/\" rel=\"category tag\">Aktuality<\/a>, <a href=\"https:\/\/www.slovensky-kras.eu\/info\/domov\/aktuality\/kulturne-podujatia\/\" rel=\"category tag\">Kult\u00farne podujatia<\/a>","comments_num":"0 comments","uagb_featured_image_src":{"full":["https:\/\/www.slovensky-kras.eu\/info\/wp-content\/uploads\/2026\/04\/zupne-dni-roznava.jpg",2048,1071,false],"thumbnail":["https:\/\/www.slovensky-kras.eu\/info\/wp-content\/uploads\/2026\/04\/zupne-dni-roznava-150x150.jpg",150,150,true],"medium":["https:\/\/www.slovensky-kras.eu\/info\/wp-content\/uploads\/2026\/04\/zupne-dni-roznava-800x418.jpg",800,418,true],"medium_large":["https:\/\/www.slovensky-kras.eu\/info\/wp-content\/uploads\/2026\/04\/zupne-dni-roznava-768x402.jpg",768,402,true],"large":["https:\/\/www.slovensky-kras.eu\/info\/wp-content\/uploads\/2026\/04\/zupne-dni-roznava-1024x536.jpg",1024,536,true],"1536x1536":["https:\/\/www.slovensky-kras.eu\/info\/wp-content\/uploads\/2026\/04\/zupne-dni-roznava-1536x803.jpg",1536,803,true],"2048x2048":["https:\/\/www.slovensky-kras.eu\/info\/wp-content\/uploads\/2026\/04\/zupne-dni-roznava.jpg",2048,1071,false]},"uagb_author_info":{"display_name":"admin","author_link":"https:\/\/www.slovensky-kras.eu\/info\/author\/admin\/"},"uagb_comment_info":0,"uagb_excerpt":"Pre\u010do si nenecha\u0165 ujs\u0165 \u017dupn\u00e9 dni 2026 v RO\u017d\u0147AVE a za\u017ei\u0165 technologick\u00fa revol\u00faciu Gemera? \u017dupn\u00e9 dni 2026 v RO\u017d\u0147AVE otv\u00e1raj\u00fa svoje br\u00e1ny v\u0161etk\u00fdm nad\u0161encom trad\u00edci\u00ed aj bud\u00facich technol\u00f3gi\u00ed. Vo \u0161tvrtok [&hellip;]","_links":{"self":[{"href":"https:\/\/www.slovensky-kras.eu\/info\/wp-json\/wp\/v2\/posts\/30337","targetHints":{"allow":["GET"]}}],"collection":[{"href":"https:\/\/www.slovensky-kras.eu\/info\/wp-json\/wp\/v2\/posts"}],"about":[{"href":"https:\/\/www.slovensky-kras.eu\/info\/wp-json\/wp\/v2\/types\/post"}],"author":[{"embeddable":true,"href":"https:\/\/www.slovensky-kras.eu\/info\/wp-json\/wp\/v2\/users\/1"}],"replies":[{"embeddable":true,"href":"https:\/\/www.slovensky-kras.eu\/info\/wp-json\/wp\/v2\/comments?post=30337"}],"version-history":[{"count":1,"href":"https:\/\/www.slovensky-kras.eu\/info\/wp-json\/wp\/v2\/posts\/30337\/revisions"}],"predecessor-version":[{"id":30340,"href":"https:\/\/www.slovensky-kras.eu\/info\/wp-json\/wp\/v2\/posts\/30337\/revisions\/30340"}],"wp:featuredmedia":[{"embeddable":true,"href":"https:\/\/www.slovensky-kras.eu\/info\/wp-json\/wp\/v2\/media\/30339"}],"wp:attachment":[{"href":"https:\/\/www.slovensky-kras.eu\/info\/wp-json\/wp\/v2\/media?parent=30337"}],"wp:term":[{"taxonomy":"category","embeddable":true,"href":"https:\/\/www.slovensky-kras.eu\/info\/wp-json\/wp\/v2\/categories?post=30337"},{"taxonomy":"post_tag","embeddable":true,"href":"https:\/\/www.slovensky-kras.eu\/info\/wp-json\/wp\/v2\/tags?post=30337"}],"curies":[{"name":"wp","href":"https:\/\/api.w.org\/{rel}","templated":true}]}}