{"id":30330,"date":"2026-04-28T09:58:17","date_gmt":"2026-04-28T07:58:17","guid":{"rendered":"https:\/\/www.slovensky-kras.eu\/info\/?p=30330"},"modified":"2026-04-28T10:00:19","modified_gmt":"2026-04-28T08:00:19","slug":"vino-v-remesle-remeslo-vo-vine","status":"publish","type":"post","link":"https:\/\/www.slovensky-kras.eu\/info\/vino-v-remesle-remeslo-vo-vine\/","title":{"rendered":"V\u00edno v remesle remeslo vo v\u00edne"},"content":{"rendered":"<h2 data-path-to-node=\"0\"><span style=\"color: #800000;\">&#x1f377; STREDOVEK, KTOR\u00dd CHUT\u00cd: ZA\u017dITE GEMER INAK!<\/span><\/h2>\n<p data-path-to-node=\"0\">Objavte k\u00fazlo stredoveku a trad\u00edci\u00ed po\u010das jedine\u010dn\u00e9ho podujatia <b data-path-to-node=\"0\" data-index-in-node=\"64\">V\u00edno v remesle remeslo vo v\u00edne<\/b>, ktor\u00e9 premen\u00ed historick\u00fd <b data-path-to-node=\"0\" data-index-in-node=\"121\">Vodn\u00fd hrad \u0160t\u00edtnik<\/b> na centrum z\u00e1\u017eitkov. Pripravte sa na de\u0148 pln\u00fd chut\u00ed, hist\u00f3rie a interakt\u00edvnej z\u00e1bavy, kde sa minulos\u0165 stret\u00e1va s pr\u00edtomnos\u0165ou v srdci podmaniv\u00e9ho <b data-path-to-node=\"0\" data-index-in-node=\"286\">Gemera<\/b>.<\/p>\n<h2 data-path-to-node=\"1\"><span style=\"color: #800000;\">Kde a kedy sa kon\u00e1 podujatie V\u00edno v remesle remeslo vo v\u00edne?<\/span><\/h2>\n<p data-path-to-node=\"2\">Srde\u010dne v\u00e1s poz\u00fdvame osl\u00e1vi\u0165 <b data-path-to-node=\"2\" data-index-in-node=\"29\">1. m\u00e1j<\/b> v autentick\u00fdch priestoroch pamiatky <b data-path-to-node=\"2\" data-index-in-node=\"72\">Vodn\u00fd hrad \u0160t\u00edtnik<\/b>. Program podujatia <b data-path-to-node=\"2\" data-index-in-node=\"110\">V\u00edno v remesle remeslo vo v\u00edne<\/b> za\u010d\u00edna u\u017e v polud\u0148aj\u0161\u00edch hodin\u00e1ch, pri\u010dom v popolud\u0148aj\u0161om bloku sa uskuto\u010dn\u00ed aj <b data-path-to-node=\"2\" data-index-in-node=\"221\">sl\u00e1vnostn\u00e9 otvorenie<\/b> v\u00fdnimo\u010dn\u00e9ho projektu s n\u00e1zvom <b data-path-to-node=\"2\" data-index-in-node=\"272\">Cesta Lacka Bebeka<\/b>.<\/p>\n<h2 data-path-to-node=\"3\"><span style=\"color: #800000;\">\u010co prin\u00e1\u0161a projekt Cesta Lacka Bebeka n\u00e1v\u0161tevn\u00edkom \u0160t\u00edtnika?<\/span><\/h2>\n<p data-path-to-node=\"4\">Samospr\u00e1va <b data-path-to-node=\"4\" data-index-in-node=\"11\">obec \u0160t\u00edtnik<\/b> prin\u00e1\u0161a projekt <b data-path-to-node=\"4\" data-index-in-node=\"40\">Cesta Lacka Bebeka<\/b>, ktor\u00fd hravou a interakt\u00edvnou formou pribl\u00ed\u017ei de\u0165om aj dospel\u00fdm fascinuj\u00facu <b data-path-to-node=\"4\" data-index-in-node=\"135\">hist\u00f3riu stredovek\u00e9ho Gemera<\/b>. Hlavn\u00fdm cie\u013eom tejto iniciat\u00edvy je zatrakt\u00edvni\u0165 historick\u00fd are\u00e1l, ktor\u00fdm disponuje <b data-path-to-node=\"4\" data-index-in-node=\"248\">Vodn\u00fd hrad \u0160t\u00edtnik<\/b>, a efekt\u00edvne podpori\u0165 jeho <b data-path-to-node=\"4\" data-index-in-node=\"294\">n\u00e1v\u0161tevnos\u0165<\/b> prostredn\u00edctvom implement\u00e1cie inovat\u00edvnych prvkov.<\/p>\n<h2 data-path-to-node=\"5\"><span style=\"color: #800000;\">Ak\u00e9 vzdel\u00e1vacie a digit\u00e1lne prvky s\u00fa s\u00fa\u010das\u0165ou novej expoz\u00edcie?<\/span><\/h2>\n<p data-path-to-node=\"6\">Aktu\u00e1lne pl\u00e1novan\u00e1 koncepcia zah\u0155\u0148a vydanie putavej ilustrovanej <b data-path-to-node=\"6\" data-index-in-node=\"65\">detskej kni\u017eky<\/b> pod n\u00e1zvom <b data-path-to-node=\"6\" data-index-in-node=\"91\">Pr\u00edbehy Lacka Bebeka<\/b>, ktor\u00e1 \u010ditate\u013eom sprostredkuje legendy spojen\u00e9 so zn\u00e1mym \u0161\u013eachticom tohto regi\u00f3nu. T\u00fato liter\u00e1rnu zlo\u017eku vhodne dopln\u00ed modern\u00e1 <b data-path-to-node=\"6\" data-index-in-node=\"239\">mobiln\u00e1 hra<\/b> s ozna\u010den\u00edm <b data-path-to-node=\"6\" data-index-in-node=\"263\">Lackova cesta<\/b>, ktor\u00e1 n\u00e1v\u0161tevn\u00edkov interakt\u00edvne a p\u00fatavo prevedie cel\u00fdm hradn\u00fdm are\u00e1lom.<\/p>\n<h2 data-path-to-node=\"7\"><span style=\"color: #800000;\">Na ak\u00e9 interakt\u00edvne stanovi\u0161tia sa m\u00f4\u017eu te\u0161i\u0165 rodiny s de\u0165mi?<\/span><\/h2>\n<p data-path-to-node=\"8\">Hlavn\u00fdm a nosn\u00fdm prvkom cel\u00e9ho projektu v\u0161ak bude <b data-path-to-node=\"8\" data-index-in-node=\"50\">12 interakt\u00edvnych stanov\u00edsk<\/b> strategicky umiestnen\u00fdch priamo v are\u00e1li hradu. N\u00e1v\u0161tevn\u00edci si tu bud\u00fa m\u00f4c\u0165 na vlastnej ko\u017ei vysk\u00fa\u0161a\u0165 r\u00f4zne aktivity \u2013 od \u0161t\u00fadia <b data-path-to-node=\"8\" data-index-in-node=\"207\">historick\u00fdch m\u00e1p<\/b> a manipul\u00e1cie s <b data-path-to-node=\"8\" data-index-in-node=\"240\">bojov\u00fdmi \u0161t\u00edtmi<\/b> a\u017e po spozn\u00e1vanie <b data-path-to-node=\"8\" data-index-in-node=\"274\">stredovekej kuchyne<\/b>, pri\u010dom z\u00e1\u017eitok dotvoria <b data-path-to-node=\"8\" data-index-in-node=\"319\">zvukov\u00e9 efekty<\/b> a interakt\u00edvne panely, ktor\u00e9 im sprostredkuj\u00fa dokonale autentick\u00fd z\u00e1\u017eitok zo <b data-path-to-node=\"8\" data-index-in-node=\"411\">stredoveku<\/b>.<\/p>\n<h2 data-path-to-node=\"9\"><span style=\"color: #800000;\">Ak\u00fd v\u00fdznam m\u00e1 tento projekt pre cestovn\u00fd ruch v regi\u00f3ne Gemer?<\/span><\/h2>\n<p data-path-to-node=\"10\">V\u010faka t\u00fdmto aktivit\u00e1m sa <b data-path-to-node=\"10\" data-index-in-node=\"25\">Vodn\u00fd hrad \u0160t\u00edtnik<\/b> premen\u00ed na atrakt\u00edvnu <b data-path-to-node=\"10\" data-index-in-node=\"66\">turistick\u00fa destin\u00e1ciu<\/b> nielen pre nad\u0161en\u00fdch milovn\u00edkov hist\u00f3rie, ale aj pre rodiny s de\u0165mi. Tento projekt tak v\u00fdznamn\u00fdm sp\u00f4sobom prispeje k celkov\u00e9mu <b data-path-to-node=\"10\" data-index-in-node=\"215\">o\u017eiveniu kult\u00farneho turizmu<\/b> v regi\u00f3ne a cite\u013ene zatrakt\u00edvni <b data-path-to-node=\"10\" data-index-in-node=\"275\">\u0160t\u00edtnik<\/b> ako d\u00f4le\u017eit\u00fd a v\u00fdznamn\u00fd <b data-path-to-node=\"10\" data-index-in-node=\"307\">historick\u00fd bod<\/b> na mape Slovenska.<\/p>\n<h2 data-path-to-node=\"11\"><span style=\"color: #800000;\">Pre\u010do by ste si nemali necha\u0165 ujs\u0165 n\u00e1v\u0161tevu Vodn\u00e9ho hradu \u0160t\u00edtnik?<\/span><\/h2>\n<p data-path-to-node=\"12\"><em>N\u00e1v\u0161teva tohto podujatia predstavuje ide\u00e1lnu kombin\u00e1ciu eduk\u00e1cie a relaxu v prostred\u00ed n\u00e1rodnej kult\u00farnej pamiatky. Spojenie degust\u00e1cie kvalitn\u00fdch v\u00edn s objavovan\u00edm remeseln\u00fdch zru\u010dnost\u00ed na\u0161ich predkov vytv\u00e1ra neopakovate\u013en\u00fa atmosf\u00e9ru. Deti sa zabavia pri modern\u00fdch technol\u00f3gi\u00e1ch, zatia\u013e \u010do dospel\u00ed ocenia historick\u00fd kontext a lok\u00e1lnu gastron\u00f3miu. Podporou tohto projektu priamo prispievate k zachovaniu kult\u00farneho dedi\u010dstva ju\u017en\u00e9ho Slovenska. Odnesiete si nielen nov\u00e9 poznatky o rode Bebekovcov, ale aj nezabudnute\u013en\u00e9 z\u00e1\u017eitky z d\u0148a str\u00e1ven\u00e9ho v srdci historick\u00e9ho Gemera.<\/em><\/p>\n<hr \/>\n<p data-path-to-node=\"12\"><a href=\"https:\/\/www.slovensky-kras.eu\/info\/wp-content\/uploads\/2026\/04\/vino.jpg\"><img loading=\"lazy\" decoding=\"async\" class=\"aligncenter wp-image-30331\" src=\"https:\/\/www.slovensky-kras.eu\/info\/wp-content\/uploads\/2026\/04\/vino.jpg\" alt=\"V\u00edno v remesle remeslo vo v\u00edne\" width=\"900\" height=\"1113\" srcset=\"https:\/\/www.slovensky-kras.eu\/info\/wp-content\/uploads\/2026\/04\/vino.jpg 831w, https:\/\/www.slovensky-kras.eu\/info\/wp-content\/uploads\/2026\/04\/vino-485x600.jpg 485w, https:\/\/www.slovensky-kras.eu\/info\/wp-content\/uploads\/2026\/04\/vino-828x1024.jpg 828w, https:\/\/www.slovensky-kras.eu\/info\/wp-content\/uploads\/2026\/04\/vino-768x950.jpg 768w\" sizes=\"auto, (max-width: 900px) 100vw, 900px\" \/><\/a><\/p>\n","protected":false},"excerpt":{"rendered":"<p>&#x1f377; STREDOVEK, KTOR\u00dd CHUT\u00cd: ZA\u017dITE GEMER INAK! Objavte k\u00fazlo stredoveku a trad\u00edci\u00ed po\u010das jedine\u010dn\u00e9ho podujatia V\u00edno v remesle remeslo vo v\u00edne, ktor\u00e9 premen\u00ed historick\u00fd Vodn\u00fd hrad \u0160t\u00edtnik na centrum z\u00e1\u017eitkov. [&hellip;]<\/p>\n","protected":false},"author":1,"featured_media":30331,"comment_status":"closed","ping_status":"closed","sticky":false,"template":"","format":"standard","meta":{"_uag_custom_page_level_css":"","footnotes":""},"categories":[1,308],"tags":[],"class_list":["post-30330","post","type-post","status-publish","format-standard","has-post-thumbnail","hentry","category-aktuality","category-kulturne-podujatia"],"featured_image_src":"https:\/\/www.slovensky-kras.eu\/info\/wp-content\/uploads\/2026\/04\/vino.jpg","featured_image_src_square":"https:\/\/www.slovensky-kras.eu\/info\/wp-content\/uploads\/2026\/04\/vino.jpg","author_info":{"display_name":"admin","author_link":"https:\/\/www.slovensky-kras.eu\/info\/author\/admin\/"},"rbea_author_info":{"display_name":"admin","author_link":"https:\/\/www.slovensky-kras.eu\/info\/author\/admin\/"},"rbea_excerpt_info":"&#x1f377; STREDOVEK, KTOR\u00dd CHUT\u00cd: ZA\u017dITE GEMER INAK! Objavte k\u00fazlo stredoveku a trad\u00edci\u00ed po\u010das jedine\u010dn\u00e9ho podujatia V\u00edno v remesle remeslo vo v\u00edne, ktor\u00e9 premen\u00ed historick\u00fd Vodn\u00fd hrad \u0160t\u00edtnik na centrum z\u00e1\u017eitkov. [&hellip;]","category_list":"<a href=\"https:\/\/www.slovensky-kras.eu\/info\/domov\/aktuality\/\" rel=\"category tag\">Aktuality<\/a>, <a href=\"https:\/\/www.slovensky-kras.eu\/info\/domov\/aktuality\/kulturne-podujatia\/\" rel=\"category tag\">Kult\u00farne podujatia<\/a>","comments_num":"0 comments","uagb_featured_image_src":{"full":["https:\/\/www.slovensky-kras.eu\/info\/wp-content\/uploads\/2026\/04\/vino.jpg",831,1028,false],"thumbnail":["https:\/\/www.slovensky-kras.eu\/info\/wp-content\/uploads\/2026\/04\/vino-150x150.jpg",150,150,true],"medium":["https:\/\/www.slovensky-kras.eu\/info\/wp-content\/uploads\/2026\/04\/vino-485x600.jpg",485,600,true],"medium_large":["https:\/\/www.slovensky-kras.eu\/info\/wp-content\/uploads\/2026\/04\/vino-768x950.jpg",768,950,true],"large":["https:\/\/www.slovensky-kras.eu\/info\/wp-content\/uploads\/2026\/04\/vino-828x1024.jpg",828,1024,true],"1536x1536":["https:\/\/www.slovensky-kras.eu\/info\/wp-content\/uploads\/2026\/04\/vino.jpg",831,1028,false],"2048x2048":["https:\/\/www.slovensky-kras.eu\/info\/wp-content\/uploads\/2026\/04\/vino.jpg",831,1028,false]},"uagb_author_info":{"display_name":"admin","author_link":"https:\/\/www.slovensky-kras.eu\/info\/author\/admin\/"},"uagb_comment_info":0,"uagb_excerpt":"&#x1f377; STREDOVEK, KTOR\u00dd CHUT\u00cd: ZA\u017dITE GEMER INAK! Objavte k\u00fazlo stredoveku a trad\u00edci\u00ed po\u010das jedine\u010dn\u00e9ho podujatia V\u00edno v remesle remeslo vo v\u00edne, ktor\u00e9 premen\u00ed historick\u00fd Vodn\u00fd hrad \u0160t\u00edtnik na centrum z\u00e1\u017eitkov. [&hellip;]","_links":{"self":[{"href":"https:\/\/www.slovensky-kras.eu\/info\/wp-json\/wp\/v2\/posts\/30330","targetHints":{"allow":["GET"]}}],"collection":[{"href":"https:\/\/www.slovensky-kras.eu\/info\/wp-json\/wp\/v2\/posts"}],"about":[{"href":"https:\/\/www.slovensky-kras.eu\/info\/wp-json\/wp\/v2\/types\/post"}],"author":[{"embeddable":true,"href":"https:\/\/www.slovensky-kras.eu\/info\/wp-json\/wp\/v2\/users\/1"}],"replies":[{"embeddable":true,"href":"https:\/\/www.slovensky-kras.eu\/info\/wp-json\/wp\/v2\/comments?post=30330"}],"version-history":[{"count":2,"href":"https:\/\/www.slovensky-kras.eu\/info\/wp-json\/wp\/v2\/posts\/30330\/revisions"}],"predecessor-version":[{"id":30333,"href":"https:\/\/www.slovensky-kras.eu\/info\/wp-json\/wp\/v2\/posts\/30330\/revisions\/30333"}],"wp:featuredmedia":[{"embeddable":true,"href":"https:\/\/www.slovensky-kras.eu\/info\/wp-json\/wp\/v2\/media\/30331"}],"wp:attachment":[{"href":"https:\/\/www.slovensky-kras.eu\/info\/wp-json\/wp\/v2\/media?parent=30330"}],"wp:term":[{"taxonomy":"category","embeddable":true,"href":"https:\/\/www.slovensky-kras.eu\/info\/wp-json\/wp\/v2\/categories?post=30330"},{"taxonomy":"post_tag","embeddable":true,"href":"https:\/\/www.slovensky-kras.eu\/info\/wp-json\/wp\/v2\/tags?post=30330"}],"curies":[{"name":"wp","href":"https:\/\/api.w.org\/{rel}","templated":true}]}}