{"id":30325,"date":"2026-04-25T07:23:43","date_gmt":"2026-04-25T05:23:43","guid":{"rendered":"https:\/\/www.slovensky-kras.eu\/info\/?p=30325"},"modified":"2026-04-25T07:23:43","modified_gmt":"2026-04-25T05:23:43","slug":"noc-muzei-a-galerii-opat-aj-v-banickom-muzeu-v-roznave","status":"publish","type":"post","link":"https:\/\/www.slovensky-kras.eu\/info\/noc-muzei-a-galerii-opat-aj-v-banickom-muzeu-v-roznave\/","title":{"rendered":"Noc m\u00faze\u00ed a gal\u00e9ri\u00ed op\u00e4\u0165 aj v Ban\u00edckom m\u00fazeu v Ro\u017e\u0148ave"},"content":{"rendered":"<h2 data-path-to-node=\"1\"><span style=\"color: #800000;\">Kedy sa uskuto\u010dn\u00ed Noc m\u00faze\u00ed a gal\u00e9ri\u00ed op\u00e4\u0165 aj v Ban\u00edckom m\u00fazeu v Ro\u017e\u0148ave?<\/span><\/h2>\n<p data-path-to-node=\"2\"><b data-path-to-node=\"2\" data-index-in-node=\"0\">Noc m\u00faze\u00ed a gal\u00e9ri\u00ed op\u00e4\u0165 aj v Ban\u00edckom m\u00fazeu v Ro\u017e\u0148ave<\/b> sa kon\u00e1 u\u017e v <b data-path-to-node=\"2\" data-index-in-node=\"68\">sobotu 23. m\u00e1ja 2026<\/b>. Toto kult\u00farne zariadenie <b data-path-to-node=\"2\" data-index-in-node=\"115\">Ko\u0161ick\u00e9ho samospr\u00e1vneho kraja<\/b> sa t\u00fdmto krokom op\u00e4tovne zap\u00e1ja do <b data-path-to-node=\"2\" data-index-in-node=\"180\">22. ro\u010dn\u00edka<\/b> zn\u00e1mej <b data-path-to-node=\"2\" data-index-in-node=\"199\">celoeur\u00f3pskej iniciat\u00edvy<\/b>. Pripravte sa na ve\u010der pln\u00fd objavov, ktor\u00fd sp\u00e1ja hist\u00f3riu, techniku a umenie do jedn\u00e9ho atrakt\u00edvneho celku.<\/p>\n<h2 data-path-to-node=\"4\"><span style=\"color: #800000;\">Ak\u00fd program pripravilo m\u00fazeum pre n\u00e1v\u0161tevn\u00edkov gal\u00e9rie?<\/span><\/h2>\n<p data-path-to-node=\"5\">Okrem ob\u013e\u00faben\u00fdch <b data-path-to-node=\"5\" data-index-in-node=\"17\">individu\u00e1lnych prehliadok<\/b> v\u0161etk\u00fdch otvoren\u00fdch expoz\u00edci\u00ed m\u00fazeum zostavilo skuto\u010dne <b data-path-to-node=\"5\" data-index-in-node=\"99\">bohat\u00fd program<\/b>. V priestoroch <b data-path-to-node=\"5\" data-index-in-node=\"129\">Gal\u00e9rie Ban\u00edckeho m\u00fazea v Ro\u017e\u0148ave<\/b> je pre v\u00e1s pripraven\u00e1 st\u00e1la <b data-path-to-node=\"5\" data-index-in-node=\"191\">Expoz\u00edciu v\u00fdtvarn\u00e9ho umenia region\u00e1lnych autorov<\/b>. Z\u00e1rove\u0148 si m\u00f4\u017eete pozrie\u0165 dve do\u010dasn\u00e9 v\u00fdstavy: autorsk\u00fa prezent\u00e1ciu <b data-path-to-node=\"5\" data-index-in-node=\"309\">Evy Wilson<\/b> s n\u00e1zvom <b data-path-to-node=\"5\" data-index-in-node=\"329\">Ma\u013eba, kresba, drevorezba<\/b> a historick\u00fa expoz\u00edciu <b data-path-to-node=\"5\" data-index-in-node=\"378\">250 rokov Ro\u017e\u0148avskej diec\u00e9zy<\/b>.<\/p>\n<h2 data-path-to-node=\"7\"><span style=\"color: #800000;\">\u010co za\u017eij\u00fa deti po\u010das Noci mal\u00fdch \u0161\u013eachticov?<\/span><\/h2>\n<p data-path-to-node=\"8\">Pre <b data-path-to-node=\"8\" data-index-in-node=\"4\">rodiny s de\u0165mi<\/b> je v \u010dase od <b data-path-to-node=\"8\" data-index-in-node=\"32\">17:00 hod. do 18:00 hod.<\/b> nachystan\u00fd \u0161peci\u00e1lny workshop <b data-path-to-node=\"8\" data-index-in-node=\"87\">Noc mal\u00fdch \u0161\u013eachticov<\/b>. Mal\u00ed n\u00e1v\u0161tevn\u00edci sa cez diela <b data-path-to-node=\"8\" data-index-in-node=\"140\">Evy Wilson<\/b> hravou formou zozn\u00e1mia so <b data-path-to-node=\"8\" data-index-in-node=\"177\">svetom \u0161\u013eachtick\u00fdch rodov<\/b> n\u00e1\u0161ho regi\u00f3nu. V r\u00e1mci <b data-path-to-node=\"8\" data-index-in-node=\"226\">tvorivej dielne<\/b> si vyrobia vlastn\u00fd <b data-path-to-node=\"8\" data-index-in-node=\"261\">\u0161\u013eachtick\u00fd list<\/b>, za\u017eij\u00fa symbolick\u00e9 <b data-path-to-node=\"8\" data-index-in-node=\"296\">pov\u00fd\u0161enie na \u0161\u013eachticov<\/b> a t\u00ed najmen\u0161\u00ed si domov odnes\u00fa vlastnoru\u010dne vyroben\u00e9 <b data-path-to-node=\"8\" data-index-in-node=\"372\">\u0161t\u00edty a korunky<\/b>.<\/p>\n<h2 data-path-to-node=\"10\"><span style=\"color: #800000;\">Kedy sa kon\u00e1 kur\u00e1torsk\u00fd sprievod v\u00fdstavou o diec\u00e9ze?<\/span><\/h2>\n<p data-path-to-node=\"11\">Ak v\u00e1s zauj\u00edma hlb\u0161\u00ed poh\u013ead na dejiny, o <b data-path-to-node=\"11\" data-index-in-node=\"41\">18:00 hod.<\/b> v\u00e1s v\u00fdstavou <b data-path-to-node=\"11\" data-index-in-node=\"65\">250 rokov Ro\u017e\u0148avskej diec\u00e9zy<\/b> osobne prevedie jej kur\u00e1torka <b data-path-to-node=\"11\" data-index-in-node=\"124\">Silvia L\u00f6rin\u010d\u00edkov\u00e1<\/b>. Je to jedine\u010dn\u00e1 mo\u017enos\u0165 z\u00edska\u0165 odborn\u00fd v\u00fdklad k jubileu tejto v\u00fdznamnej cirkevnej in\u0161tit\u00facie.<\/p>\n<h2 data-path-to-node=\"13\"><span style=\"color: #800000;\">\u010co pon\u00faka Z\u00e1\u017eitkov\u00e9 centrum Sentinel a &#8222;F\u00e1ranie spomienok&#8220;?<\/span><\/h2>\n<p data-path-to-node=\"14\"><b data-path-to-node=\"14\" data-index-in-node=\"0\">P\u00fatav\u00fd program<\/b> pokra\u010duje aj v <b data-path-to-node=\"14\" data-index-in-node=\"30\">Z\u00e1\u017eitkovom centre Sentinel<\/b>. Okrem prehliadky <b data-path-to-node=\"14\" data-index-in-node=\"75\">Expoz\u00edcie ban\u00edctva a hutn\u00edctva Gemera<\/b>, expoz\u00edcie <b data-path-to-node=\"14\" data-index-in-node=\"124\">\u010cas pary<\/b> a <b data-path-to-node=\"14\" data-index-in-node=\"135\">Bansk\u00fdch pracov\u00edsk<\/b>, m\u00fazeum po prv\u00fdkr\u00e1t uv\u00e1dza <b data-path-to-node=\"14\" data-index-in-node=\"181\">hran\u00fa a z\u00e1\u017eitkov\u00fa prehliadku<\/b> pod n\u00e1zvom <b data-path-to-node=\"14\" data-index-in-node=\"221\">F\u00e1ranie spomienok dole v dole<\/b>. Profesion\u00e1lni <b data-path-to-node=\"14\" data-index-in-node=\"266\">herci<\/b> v\u00e1m netradi\u010dn\u00fdm sp\u00f4sobom pribl\u00ed\u017eia bansko-hutn\u00edcku expoz\u00edciu v \u0161tyroch vstupoch so za\u010diatkom o <b data-path-to-node=\"14\" data-index-in-node=\"367\">16:00, 16:30, 17:00 a 17:30 hod.<\/b><\/p>\n<h2 data-path-to-node=\"16\"><span style=\"color: #800000;\">Kedy vyst\u00fapi Karmen P\u00e1l-Bal\u00e1\u017e a ako prem\u00e1va bansk\u00fd vl\u00e1\u010dik?<\/span><\/h2>\n<p data-path-to-node=\"17\">Kult\u00farny z\u00e1\u017eitok uzavrie <b data-path-to-node=\"17\" data-index-in-node=\"25\">koncert Karmen P\u00e1l-Bal\u00e1\u017e &amp; OliverFromEarth<\/b> na n\u00e1dvor\u00ed centra v \u010dase od <b data-path-to-node=\"17\" data-index-in-node=\"96\">20:00 do 21:00 hod.<\/b> Ak bude <b data-path-to-node=\"17\" data-index-in-node=\"124\">priazniv\u00e9 po\u010dasie<\/b>, pre n\u00e1v\u0161tevn\u00edkov bude pripraven\u00fd aj ob\u013e\u00faben\u00fd <b data-path-to-node=\"17\" data-index-in-node=\"188\">bansk\u00fd vl\u00e1\u010dik<\/b>. Upozor\u0148ujeme v\u0161ak, \u017ee <b data-path-to-node=\"17\" data-index-in-node=\"225\">jazda bansk\u00fdm vl\u00e1\u010dikom<\/b> a prehliadka expoz\u00edcie <b data-path-to-node=\"17\" data-index-in-node=\"271\">Bansk\u00e9 pracovisk\u00e1<\/b> bud\u00fa k dispoz\u00edcii len do <b data-path-to-node=\"17\" data-index-in-node=\"314\">19:30 hod.<\/b> z d\u00f4vodu technick\u00fdch pr\u00edprav koncertu.<\/p>\n<h2 data-path-to-node=\"19\"><span style=\"color: #800000;\">Ak\u00e9 s\u00fa podmienky vstupu a kde n\u00e1jdem viac inform\u00e1ci\u00ed?<\/span><\/h2>\n<p data-path-to-node=\"20\">Podujatie trv\u00e1 od <b data-path-to-node=\"20\" data-index-in-node=\"18\">16:00 do 22:00 hod.<\/b> Z\u00e1kladn\u00e9 <b data-path-to-node=\"20\" data-index-in-node=\"47\">vstupn\u00e9<\/b> je <b data-path-to-node=\"20\" data-index-in-node=\"58\">5 Eur<\/b>, k\u00fdm <b data-path-to-node=\"20\" data-index-in-node=\"69\">z\u013eavnen\u00e9 vstupn\u00e9<\/b> (deti od 4 rokov, \u0161tudenti, d\u00f4chodcovia, \u0164ZP) predstavuje <b data-path-to-node=\"20\" data-index-in-node=\"144\">3 Eur\u00e1<\/b>. Najmen\u0161ie deti do 3 rokov maj\u00fa <b data-path-to-node=\"20\" data-index-in-node=\"183\">vstup zadarmo<\/b>. <b data-path-to-node=\"20\" data-index-in-node=\"198\">Jedna zak\u00fapen\u00e1 vstupenka<\/b> plat\u00ed do v\u0161etk\u00fdch expoz\u00edci\u00ed, no nezabudnite, \u017ee <b data-path-to-node=\"20\" data-index-in-node=\"271\">kapacita koncertu<\/b> je obmedzen\u00e1 a zmena programu vyhraden\u00e1. V\u0161etci ste srde\u010dne v\u00edtan\u00ed a viac inform\u00e1ci\u00ed n\u00e1jdete na: <b data-path-to-node=\"20\" data-index-in-node=\"386\"><a class=\"ng-star-inserted\" href=\"https:\/\/www.banmuz.sk\/pripravujeme\/885-noc-muzei-a-galerii-opaet-aj-v-banickom-muzeu-v-roznave\" target=\"_blank\" rel=\"noopener\" data-hveid=\"0\" data-ved=\"0CAAQ_4QMahgKEwiRmbu5l4iUAxUAAAAAHQAAAAAQigM\">https:\/\/www.banmuz.sk\/pripravujeme\/885-noc-muzei-a-galerii-opaet-aj-v-banickom-muzeu-v-roznave<\/a><\/b><\/p>\n<h2 data-path-to-node=\"22\"><span style=\"color: #800000;\">Pre\u010do sa oplat\u00ed nav\u0161t\u00edvi\u0165 Ro\u017e\u0148avu pr\u00e1ve teraz?<\/span><\/h2>\n<p data-path-to-node=\"23\"><em>Tento ro\u010dn\u00edk prin\u00e1\u0161a neopakovate\u013en\u00fa symbi\u00f3zu <b data-path-to-node=\"23\" data-index-in-node=\"45\">industri\u00e1lnej hist\u00f3rie<\/b> a \u017eiv\u00e9ho umenia priamo v autentickom prostred\u00ed ban\u00edckeho mesta. Va\u0161a n\u00e1v\u0161teva podpor\u00ed zachovanie <b data-path-to-node=\"23\" data-index-in-node=\"165\">kult\u00farneho dedi\u010dstva Gemera<\/b> a umo\u017en\u00ed v\u00e1m nahliadnu\u0165 do z\u00e1kulisia m\u00fazejnej pr\u00e1ce, ktor\u00e9 je be\u017ene skryt\u00e9. Deti z\u00edskaj\u00fa hrav\u00fd vz\u0165ah k dejin\u00e1m, zatia\u013e \u010do dospel\u00ed si vychutnaj\u00fa <b data-path-to-node=\"23\" data-index-in-node=\"337\">kvalitn\u00fa hudbu<\/b> a odborn\u00e9 v\u00fdklady pod hviezdnou oblohou. Invest\u00edcia do vstupn\u00e9ho sa v\u00e1m vr\u00e1ti v podobe <b data-path-to-node=\"23\" data-index-in-node=\"439\">komplexn\u00e9ho rodinn\u00e9ho z\u00e1\u017eitku<\/b>, ktor\u00fd vzdel\u00e1va aj zab\u00e1va z\u00e1rove\u0148. Pridanou hodnotou je mo\u017enos\u0165 za\u017ei\u0165 <b data-path-to-node=\"23\" data-index-in-node=\"539\">premi\u00e9ru hranej prehliadky<\/b>, ktor\u00e1 v na\u0161om regi\u00f3ne nem\u00e1 obdobu.<\/em><\/p>\n<hr \/>\n<figure id=\"attachment_30327\" aria-describedby=\"caption-attachment-30327\" style=\"width: 900px\" class=\"wp-caption aligncenter\"><a href=\"https:\/\/www.slovensky-kras.eu\/info\/wp-content\/uploads\/2026\/04\/Plagt_-_Noc_mze_a_galri_v_Banckom_mzeu_v_Roave_zm.png\"><img loading=\"lazy\" decoding=\"async\" class=\"wp-image-30327\" src=\"https:\/\/www.slovensky-kras.eu\/info\/wp-content\/uploads\/2026\/04\/Plagt_-_Noc_mze_a_galri_v_Banckom_mzeu_v_Roave_zm.png\" alt=\"Noc m\u00faze\u00ed a gal\u00e9ri\u00ed op\u00e4\u0165 aj v Ban\u00edckom m\u00fazeu v Ro\u017e\u0148ave\" width=\"900\" height=\"1262\" srcset=\"https:\/\/www.slovensky-kras.eu\/info\/wp-content\/uploads\/2026\/04\/Plagt_-_Noc_mze_a_galri_v_Banckom_mzeu_v_Roave_zm.png 826w, https:\/\/www.slovensky-kras.eu\/info\/wp-content\/uploads\/2026\/04\/Plagt_-_Noc_mze_a_galri_v_Banckom_mzeu_v_Roave_zm-428x600.png 428w, https:\/\/www.slovensky-kras.eu\/info\/wp-content\/uploads\/2026\/04\/Plagt_-_Noc_mze_a_galri_v_Banckom_mzeu_v_Roave_zm-730x1024.png 730w, https:\/\/www.slovensky-kras.eu\/info\/wp-content\/uploads\/2026\/04\/Plagt_-_Noc_mze_a_galri_v_Banckom_mzeu_v_Roave_zm-768x1077.png 768w\" sizes=\"auto, (max-width: 900px) 100vw, 900px\" \/><\/a><figcaption id=\"caption-attachment-30327\" class=\"wp-caption-text\">Noc m\u00faze\u00ed a gal\u00e9ri\u00ed op\u00e4\u0165 aj v Ban\u00edckom m\u00fazeu v Ro\u017e\u0148ave<\/figcaption><\/figure>\n","protected":false},"excerpt":{"rendered":"<p>Kedy sa uskuto\u010dn\u00ed Noc m\u00faze\u00ed a gal\u00e9ri\u00ed op\u00e4\u0165 aj v Ban\u00edckom m\u00fazeu v Ro\u017e\u0148ave? Noc m\u00faze\u00ed a gal\u00e9ri\u00ed op\u00e4\u0165 aj v Ban\u00edckom m\u00fazeu v Ro\u017e\u0148ave sa kon\u00e1 u\u017e v sobotu [&hellip;]<\/p>\n","protected":false},"author":1,"featured_media":30327,"comment_status":"closed","ping_status":"closed","sticky":false,"template":"","format":"standard","meta":{"_uag_custom_page_level_css":"","footnotes":""},"categories":[1,308,312],"tags":[],"class_list":["post-30325","post","type-post","status-publish","format-standard","has-post-thumbnail","hentry","category-aktuality","category-kulturne-podujatia","category-muzea-a-galerie"],"featured_image_src":"https:\/\/www.slovensky-kras.eu\/info\/wp-content\/uploads\/2026\/04\/Plagt_-_Noc_mze_a_galri_v_Banckom_mzeu_v_Roave_zm.png","featured_image_src_square":"https:\/\/www.slovensky-kras.eu\/info\/wp-content\/uploads\/2026\/04\/Plagt_-_Noc_mze_a_galri_v_Banckom_mzeu_v_Roave_zm.png","author_info":{"display_name":"admin","author_link":"https:\/\/www.slovensky-kras.eu\/info\/author\/admin\/"},"rbea_author_info":{"display_name":"admin","author_link":"https:\/\/www.slovensky-kras.eu\/info\/author\/admin\/"},"rbea_excerpt_info":"Kedy sa uskuto\u010dn\u00ed Noc m\u00faze\u00ed a gal\u00e9ri\u00ed op\u00e4\u0165 aj v Ban\u00edckom m\u00fazeu v Ro\u017e\u0148ave? Noc m\u00faze\u00ed a gal\u00e9ri\u00ed op\u00e4\u0165 aj v Ban\u00edckom m\u00fazeu v Ro\u017e\u0148ave sa kon\u00e1 u\u017e v sobotu [&hellip;]","category_list":"<a href=\"https:\/\/www.slovensky-kras.eu\/info\/domov\/aktuality\/\" rel=\"category tag\">Aktuality<\/a>, <a href=\"https:\/\/www.slovensky-kras.eu\/info\/domov\/aktuality\/kulturne-podujatia\/\" rel=\"category tag\">Kult\u00farne podujatia<\/a>, <a href=\"https:\/\/www.slovensky-kras.eu\/info\/domov\/aktuality\/muzea-a-galerie\/\" rel=\"category tag\">M\u00faze\u00e1 a gal\u00e9rie<\/a>","comments_num":"0 comments","uagb_featured_image_src":{"full":["https:\/\/www.slovensky-kras.eu\/info\/wp-content\/uploads\/2026\/04\/Plagt_-_Noc_mze_a_galri_v_Banckom_mzeu_v_Roave_zm.png",826,1158,false],"thumbnail":["https:\/\/www.slovensky-kras.eu\/info\/wp-content\/uploads\/2026\/04\/Plagt_-_Noc_mze_a_galri_v_Banckom_mzeu_v_Roave_zm-150x150.png",150,150,true],"medium":["https:\/\/www.slovensky-kras.eu\/info\/wp-content\/uploads\/2026\/04\/Plagt_-_Noc_mze_a_galri_v_Banckom_mzeu_v_Roave_zm-428x600.png",428,600,true],"medium_large":["https:\/\/www.slovensky-kras.eu\/info\/wp-content\/uploads\/2026\/04\/Plagt_-_Noc_mze_a_galri_v_Banckom_mzeu_v_Roave_zm-768x1077.png",768,1077,true],"large":["https:\/\/www.slovensky-kras.eu\/info\/wp-content\/uploads\/2026\/04\/Plagt_-_Noc_mze_a_galri_v_Banckom_mzeu_v_Roave_zm-730x1024.png",730,1024,true],"1536x1536":["https:\/\/www.slovensky-kras.eu\/info\/wp-content\/uploads\/2026\/04\/Plagt_-_Noc_mze_a_galri_v_Banckom_mzeu_v_Roave_zm.png",826,1158,false],"2048x2048":["https:\/\/www.slovensky-kras.eu\/info\/wp-content\/uploads\/2026\/04\/Plagt_-_Noc_mze_a_galri_v_Banckom_mzeu_v_Roave_zm.png",826,1158,false]},"uagb_author_info":{"display_name":"admin","author_link":"https:\/\/www.slovensky-kras.eu\/info\/author\/admin\/"},"uagb_comment_info":0,"uagb_excerpt":"Kedy sa uskuto\u010dn\u00ed Noc m\u00faze\u00ed a gal\u00e9ri\u00ed op\u00e4\u0165 aj v Ban\u00edckom m\u00fazeu v Ro\u017e\u0148ave? Noc m\u00faze\u00ed a gal\u00e9ri\u00ed op\u00e4\u0165 aj v Ban\u00edckom m\u00fazeu v Ro\u017e\u0148ave sa kon\u00e1 u\u017e v sobotu [&hellip;]","_links":{"self":[{"href":"https:\/\/www.slovensky-kras.eu\/info\/wp-json\/wp\/v2\/posts\/30325","targetHints":{"allow":["GET"]}}],"collection":[{"href":"https:\/\/www.slovensky-kras.eu\/info\/wp-json\/wp\/v2\/posts"}],"about":[{"href":"https:\/\/www.slovensky-kras.eu\/info\/wp-json\/wp\/v2\/types\/post"}],"author":[{"embeddable":true,"href":"https:\/\/www.slovensky-kras.eu\/info\/wp-json\/wp\/v2\/users\/1"}],"replies":[{"embeddable":true,"href":"https:\/\/www.slovensky-kras.eu\/info\/wp-json\/wp\/v2\/comments?post=30325"}],"version-history":[{"count":1,"href":"https:\/\/www.slovensky-kras.eu\/info\/wp-json\/wp\/v2\/posts\/30325\/revisions"}],"predecessor-version":[{"id":30328,"href":"https:\/\/www.slovensky-kras.eu\/info\/wp-json\/wp\/v2\/posts\/30325\/revisions\/30328"}],"wp:featuredmedia":[{"embeddable":true,"href":"https:\/\/www.slovensky-kras.eu\/info\/wp-json\/wp\/v2\/media\/30327"}],"wp:attachment":[{"href":"https:\/\/www.slovensky-kras.eu\/info\/wp-json\/wp\/v2\/media?parent=30325"}],"wp:term":[{"taxonomy":"category","embeddable":true,"href":"https:\/\/www.slovensky-kras.eu\/info\/wp-json\/wp\/v2\/categories?post=30325"},{"taxonomy":"post_tag","embeddable":true,"href":"https:\/\/www.slovensky-kras.eu\/info\/wp-json\/wp\/v2\/tags?post=30325"}],"curies":[{"name":"wp","href":"https:\/\/api.w.org\/{rel}","templated":true}]}}