{"id":30241,"date":"2026-04-18T06:55:45","date_gmt":"2026-04-18T04:55:45","guid":{"rendered":"https:\/\/www.slovensky-kras.eu\/info\/?p=30241"},"modified":"2026-04-18T08:09:09","modified_gmt":"2026-04-18T06:09:09","slug":"chalupa-ida","status":"publish","type":"post","link":"https:\/\/www.slovensky-kras.eu\/info\/chalupa-ida\/","title":{"rendered":"Chalupa Ida v obci Slavec &#8211; ubytovanie"},"content":{"rendered":"<p><a href=\"https:\/\/www.slovensky-kras.eu\/info\/wp-content\/uploads\/2021\/04\/slavec-Ida3.jpg\"><img loading=\"lazy\" decoding=\"async\" class=\"aligncenter wp-image-20245 size-full\" src=\"https:\/\/www.slovensky-kras.eu\/info\/wp-content\/uploads\/2021\/04\/slavec-Ida3.jpg\" alt=\"Gemersk\u00e1 \u013eudov\u00e1 architekt\u00fara v obci Slavec\" width=\"900\" height=\"675\" srcset=\"https:\/\/www.slovensky-kras.eu\/info\/wp-content\/uploads\/2021\/04\/slavec-Ida3.jpg 900w, https:\/\/www.slovensky-kras.eu\/info\/wp-content\/uploads\/2021\/04\/slavec-Ida3-800x600.jpg 800w, https:\/\/www.slovensky-kras.eu\/info\/wp-content\/uploads\/2021\/04\/slavec-Ida3-768x576.jpg 768w\" sizes=\"auto, (max-width: 900px) 100vw, 900px\" \/><\/a><\/p>\n<hr \/>\n<h2 data-path-to-node=\"0\"><span style=\"color: #800000;\"><b data-path-to-node=\"0\" data-index-in-node=\"0\">Objavte ubytovanie Chalupa Ida \u2013 tradi\u010dn\u00fd gemersk\u00fd dom v Slovenskom krase<\/b><\/span><\/h2>\n<p data-path-to-node=\"1\">Prebu\u010fte svoje zmysly v lone nedotknutej pr\u00edrody a ubytujte sa tam, kde <b data-path-to-node=\"1\" data-index-in-node=\"72\">hist\u00f3ria Gemera<\/b> o\u017e\u00edva v ka\u017edom detaile. <b data-path-to-node=\"1\" data-index-in-node=\"112\">Chalupa Ida<\/b> nie je len oby\u010dajn\u00fdm miestom na prespanie; je to port\u00e1l do \u010dias, kedy sa stavalo s \u00factou k trad\u00edcii, no dnes v\u00e1m pon\u00faka v\u0161etok komfort modernej doby pre va\u0161e nezabudnute\u013en\u00e9 dobrodru\u017estvo.<\/p>\n<p data-path-to-node=\"2\">Spoznajte hist\u00f3riu, pr\u00edrodu a pohodlie ubytovania ide\u00e1lneho pre <b data-path-to-node=\"2\" data-index-in-node=\"64\">turistiku<\/b> a <b data-path-to-node=\"2\" data-index-in-node=\"76\">cykloturistiku<\/b>, ktor\u00e9 v sebe majstrovsky sp\u00e1ja <b data-path-to-node=\"2\" data-index-in-node=\"123\">autentick\u00fa hist\u00f3riu<\/b>, dom\u00e1ce <b data-path-to-node=\"2\" data-index-in-node=\"151\">pohodlie<\/b> a bezprostredn\u00fa <b data-path-to-node=\"2\" data-index-in-node=\"176\">bl\u00edzkos\u0165 pr\u00edrody<\/b>.<\/p>\n<h2 data-path-to-node=\"4\"><span style=\"color: #800000;\">\u010co rob\u00ed ubytovanie Chalupa Ida v\u00fdnimo\u010dn\u00fdm miestom pre v\u00e1\u0161 oddych?<\/span><\/h2>\n<p data-path-to-node=\"5\">Tento <b data-path-to-node=\"5\" data-index-in-node=\"6\">tradi\u010dn\u00fd gemersk\u00fd dom<\/b> s pietou zachov\u00e1va <b data-path-to-node=\"5\" data-index-in-node=\"47\">p\u00f4vodn\u00fa architekt\u00faru<\/b> tohto r\u00e1zovit\u00e9ho regi\u00f3nu. Svojim hos\u0165om pon\u00faka mimoriadne <b data-path-to-node=\"5\" data-index-in-node=\"126\">\u00fatuln\u00e9 prostredie<\/b>, ktor\u00e9 je stvoren\u00e9 pre <b data-path-to-node=\"5\" data-index-in-node=\"167\">rodiny s de\u0165mi<\/b>, <b data-path-to-node=\"5\" data-index-in-node=\"183\">skupiny priate\u013eov<\/b> i individu\u00e1lnych <b data-path-to-node=\"5\" data-index-in-node=\"218\">turistov<\/b>, ktor\u00fdch cie\u013eom je objavova\u0165 unik\u00e1tne <b data-path-to-node=\"5\" data-index-in-node=\"265\">pr\u00edrodn\u00e9 kr\u00e1sy<\/b> a tajomstv\u00e1, ktor\u00e9 ukr\u00fdva <b data-path-to-node=\"5\" data-index-in-node=\"306\">Slovensk\u00fd kras<\/b>.<\/p>\n<p data-path-to-node=\"6\"><b data-path-to-node=\"6\" data-index-in-node=\"0\">Chalupa Ida<\/b> je vz\u00e1cnou a \u017eivou uk\u00e1\u017ekou stavite\u013estva zo za\u010diatku <b data-path-to-node=\"6\" data-index-in-node=\"64\">20. storo\u010dia<\/b>, ktor\u00e9 bolo pr\u00edzna\u010dn\u00e9 pre historick\u00e9 oblasti <b data-path-to-node=\"6\" data-index-in-node=\"122\">Gemeru<\/b>, <b data-path-to-node=\"6\" data-index-in-node=\"130\">Malohontu<\/b> a <b data-path-to-node=\"6\" data-index-in-node=\"142\">Abova<\/b>. Dom d\u00f4sledne zachov\u00e1va <b data-path-to-node=\"6\" data-index-in-node=\"172\">tradi\u010dn\u00fa trojpriestorov\u00fa sch\u00e9mu<\/b>, ktor\u00fa tvor\u00ed <b data-path-to-node=\"6\" data-index-in-node=\"217\">izba, pitvor a komora<\/b>, pri\u010dom z\u00e1rove\u0148 pon\u00faka <b data-path-to-node=\"6\" data-index-in-node=\"262\">modern\u00e9 vybavenie<\/b> pre maxim\u00e1lne <b data-path-to-node=\"6\" data-index-in-node=\"294\">komfortn\u00fd pobyt<\/b>.<\/p>\n<h2 data-path-to-node=\"8\"><span style=\"color: #800000;\">V \u010dom spo\u010d\u00edva jedine\u010dnos\u0165 polohy obce Slavec a ka\u0148onu, v ktorom le\u017e\u00ed?<\/span><\/h2>\n<p data-path-to-node=\"9\">Obec <b data-path-to-node=\"9\" data-index-in-node=\"5\">Slavec<\/b>, zn\u00e1ma v ma\u010far\u010dine aj pod n\u00e1zvom <b data-path-to-node=\"9\" data-index-in-node=\"45\">Szal\u00f3c<\/b>, je situovan\u00e1 v dramaticky kr\u00e1snom a \u00fazkom <b data-path-to-node=\"9\" data-index-in-node=\"95\">Slanskom ka\u0148one<\/b>. Toto strategick\u00e9 umiestnenie z nej rob\u00ed <b data-path-to-node=\"9\" data-index-in-node=\"152\">br\u00e1nu do kr\u00e1s Slovensk\u00e9ho krasu<\/b>, kde sa na dosah ruky stret\u00e1vaj\u00fa monument\u00e1lne v\u00e1pencov\u00e9 steny <b data-path-to-node=\"9\" data-index-in-node=\"246\">Ple\u0161iveckej planiny<\/b> a <b data-path-to-node=\"9\" data-index-in-node=\"268\">Silickej planiny<\/b>.<\/p>\n<p data-path-to-node=\"10\">Pr\u00e1ve tu, v tesnom zovret\u00ed h\u00f4r, m\u00f4\u017eete na vlastnej ko\u017ei sk\u00fama\u0165 fascinuj\u00face <b data-path-to-node=\"10\" data-index-in-node=\"75\">jaskyne<\/b>, hlbok\u00e9 <b data-path-to-node=\"10\" data-index-in-node=\"91\">priepasti<\/b> \u010di typick\u00e9 krasov\u00e9 <b data-path-to-node=\"10\" data-index-in-node=\"120\">z\u00e1vrty<\/b>, ktor\u00e9 dop\u013a\u0148a svetovo unik\u00e1tna <b data-path-to-node=\"10\" data-index-in-node=\"158\">fauna a fl\u00f3ra<\/b>. Okolie je bohat\u00e9 na vz\u00e1cne pr\u00edrodn\u00e9 \u00fakazy, ktor\u00e9 z tejto lokality robia jeden z najkraj\u0161\u00edch slovensk\u00fdch n\u00e1rodn\u00fdch parkov.<\/p>\n<h2 data-path-to-node=\"12\"><span style=\"color: #800000;\">Ktor\u00e9 kult\u00farne pamiatky m\u00f4\u017eete nav\u0161t\u00edvi\u0165 priamo v obci Slavec?<\/span><\/h2>\n<p data-path-to-node=\"13\">Dominantou obce je <b data-path-to-node=\"13\" data-index-in-node=\"19\">reformovan\u00fd kostol<\/b>, p\u00f4vodne <b data-path-to-node=\"13\" data-index-in-node=\"47\">gotick\u00fd kostol z konca 14. storo\u010dia<\/b>, prestavan\u00fd v <b data-path-to-node=\"13\" data-index-in-node=\"97\">19. storo\u010d\u00ed<\/b>. Z h\u013eadiska architekt\u00fary ide o <b data-path-to-node=\"13\" data-index-in-node=\"140\">jednolo\u010fov\u00fa stavbu<\/b> s charakteristick\u00fdm <b data-path-to-node=\"13\" data-index-in-node=\"179\">pravouhl\u00fdm z\u00e1verom<\/b> a majest\u00e1tnou <b data-path-to-node=\"13\" data-index-in-node=\"212\">ve\u017eou<\/b>.<\/p>\n<p data-path-to-node=\"14\">Obec sa p\u00fd\u0161i aj <b data-path-to-node=\"14\" data-index-in-node=\"16\">barokovou k\u00fariou Szaloci Cs\u00e1kany<\/b> z <b data-path-to-node=\"14\" data-index-in-node=\"51\">18. storo\u010dia<\/b>, ktor\u00e1 je zap\u00edsan\u00e1 ako <b data-path-to-node=\"14\" data-index-in-node=\"87\">n\u00e1rodn\u00e1 kult\u00farna pamiatka<\/b> a bola v 19. storo\u010d\u00ed roz\u0161\u00edren\u00e1 do tvaru L. Odkaz predkov reprezentuje aj <b data-path-to-node=\"14\" data-index-in-node=\"186\">dom h\u00e1morn\u00edkov<\/b> a zachovan\u00e9 pr\u00edklady <b data-path-to-node=\"14\" data-index-in-node=\"222\">gemerskej \u013eudovej architekt\u00fary<\/b>, vr\u00e1tane <b data-path-to-node=\"14\" data-index-in-node=\"262\">hospod\u00e1rskej budovy z 19. storo\u010dia<\/b> a domov z konca 19. a za\u010diatku 20. storo\u010dia.<\/p>\n<h2 data-path-to-node=\"16\"><span style=\"color: #800000;\">Ak\u00e1 je kapacita a technick\u00e9 vybavenie objektu Chalupa Ida?<\/span><\/h2>\n<p data-path-to-node=\"17\">Celkov\u00e1 ubytovacia <b data-path-to-node=\"17\" data-index-in-node=\"19\">kapacita<\/b> objektu je flexibiln\u00e1, od komorn\u00e9ho nastavenia pre <b data-path-to-node=\"17\" data-index-in-node=\"79\">max. 7 host\u00ed<\/b> a\u017e po celkov\u00fa kapacitu <b data-path-to-node=\"17\" data-index-in-node=\"115\">13 os\u00f4b<\/b> (11 l\u00f4\u017eok + 2 pr\u00edstelky). Dispoz\u00edcia zah\u0155\u0148a <b data-path-to-node=\"17\" data-index-in-node=\"167\">2 izby<\/b> (jednu trojl\u00f4\u017ekov\u00fa a jednu \u0161tvorl\u00f4\u017ekov\u00fa) so spolo\u010dn\u00fdm soci\u00e1lnym zariaden\u00edm.<\/p>\n<p data-path-to-node=\"18\">N\u00e1ro\u010dnej\u0161\u00edch host\u00ed pote\u0161\u00ed <b data-path-to-node=\"18\" data-index-in-node=\"26\">podkrovn\u00fd apartm\u00e1n<\/b>, ktor\u00fd disponuje <b data-path-to-node=\"18\" data-index-in-node=\"62\">s\u00fakromnou k\u00fape\u013e\u0148ou<\/b> a vlastn\u00fdm <b data-path-to-node=\"18\" data-index-in-node=\"92\">kuchynsk\u00fdm k\u00fatom<\/b>. S\u00fa\u010das\u0165ou je aj priestrann\u00e1 <b data-path-to-node=\"18\" data-index-in-node=\"137\">spolo\u010densk\u00e1 miestnos\u0165<\/b> vybaven\u00e1 pohodln\u00fdm gau\u010dom a <b data-path-to-node=\"18\" data-index-in-node=\"187\">TV\/SAT<\/b>. K dispoz\u00edcii je <b data-path-to-node=\"18\" data-index-in-node=\"211\">plne vybaven\u00e1 kuchy\u0148a<\/b>, roz\u013eahl\u00e1 <b data-path-to-node=\"18\" data-index-in-node=\"243\">z\u00e1hrada<\/b>, vonkaj\u0161\u00ed <b data-path-to-node=\"18\" data-index-in-node=\"261\">alt\u00e1nok<\/b>, <b data-path-to-node=\"18\" data-index-in-node=\"270\">gril<\/b> a bezpe\u010dn\u00e9 <b data-path-to-node=\"18\" data-index-in-node=\"286\">detsk\u00e9 ihrisko<\/b>.<\/p>\n<h2 data-path-to-node=\"20\"><span style=\"color: #800000;\">Pre\u010do je t\u00e1to lokalita pova\u017eovan\u00e1 za raj pre turistiku a cyklistov?<\/span><\/h2>\n<p data-path-to-node=\"21\">Okolie pon\u00faka mno\u017estvo mo\u017enost\u00ed na akt\u00edvnu <b data-path-to-node=\"21\" data-index-in-node=\"43\">turistiku<\/b>, <b data-path-to-node=\"21\" data-index-in-node=\"54\">cykloturistiku<\/b> a neust\u00e1le <b data-path-to-node=\"21\" data-index-in-node=\"80\">pozn\u00e1vanie pr\u00edrodn\u00fdch kr\u00e1s<\/b>. Pre akt\u00edvnych n\u00e1v\u0161tevn\u00edkov je k dispoz\u00edcii <b data-path-to-node=\"21\" data-index-in-node=\"151\">\u017elt\u00e1 turistick\u00e1 trasa<\/b>, ktor\u00e1 v\u00e1s vyvedie priamo na n\u00e1horn\u00fa <b data-path-to-node=\"21\" data-index-in-node=\"210\">Ple\u0161iveck\u00fa planinu<\/b> a k unik\u00e1tnej <b data-path-to-node=\"21\" data-index-in-node=\"243\">jaskyni Silick\u00e1 \u013eadnica<\/b>.<\/p>\n<p data-path-to-node=\"22\">Ak preferujete pohyb na dvoch koles\u00e1ch, lokalitou prech\u00e1dza ve\u013ekolep\u00e1 <b data-path-to-node=\"22\" data-index-in-node=\"70\">Cyklomagistr\u00e1la Slovensk\u00fd kras<\/b>, ktor\u00e1 v r\u00e1mci siete pon\u00faka a\u017e <b data-path-to-node=\"22\" data-index-in-node=\"132\">195 km zna\u010den\u00fdch tr\u00e1s<\/b>. Pre milovn\u00edkov h\u013abok je l\u00e1kadlom <b data-path-to-node=\"22\" data-index-in-node=\"188\">Divia\u010dia priepas\u0165<\/b>, ktor\u00e1 je so svojimi <b data-path-to-node=\"22\" data-index-in-node=\"227\">123 metrami<\/b> najhlb\u0161ou priepas\u0165ou na celej Ple\u0161iveckej planiny.<\/p>\n<h2 data-path-to-node=\"24\"><span style=\"color: #800000;\">\u010co v\u0161etko pon\u00faka rekrea\u010dn\u00e9 stredisko Gombasek a jeho okolie?<\/span><\/h2>\n<p data-path-to-node=\"25\">Ne\u010falek\u00fd <b data-path-to-node=\"25\" data-index-in-node=\"9\">Gombasek<\/b> je miestom, kde sa koncentruje hist\u00f3ria s pr\u00edrodou. Nach\u00e1dza sa tu svetozn\u00e1ma <b data-path-to-node=\"25\" data-index-in-node=\"96\">Gombaseck\u00e1 jasky\u0148a<\/b>, zap\u00edsan\u00e1 v zozname <b data-path-to-node=\"25\" data-index-in-node=\"135\">UNESCO<\/b> ako n\u00e1rodn\u00e1 pr\u00edrodn\u00e1 pamiatka s unik\u00e1tnou v\u00fdzdobou. Historick\u00e9 jadro lokality tvor\u00ed <b data-path-to-node=\"25\" data-index-in-node=\"226\">kl\u00e1\u0161tor paul\u00ednov<\/b>, tajupln\u00e1 <b data-path-to-node=\"25\" data-index-in-node=\"253\">zr\u00facanina gotick\u00e9ho kl\u00e1\u0161tora zo 14. storo\u010dia<\/b>, ktorej dominuje <b data-path-to-node=\"25\" data-index-in-node=\"315\">zvonica s vyhliadkou<\/b>.<\/p>\n<p data-path-to-node=\"26\">Milovn\u00edci kult\u00fary ocenia aj <b data-path-to-node=\"26\" data-index-in-node=\"28\">rokokov\u00fa k\u00fariu Andr\u00e1\u0161iovcov<\/b> z 18. storo\u010dia, v ktorej dnes s\u00eddli <b data-path-to-node=\"26\" data-index-in-node=\"92\">m\u00fazeum s archeologick\u00fdmi artefaktmi<\/b>. Po prehliadke m\u00f4\u017eete nav\u0161t\u00edvi\u0165 <b data-path-to-node=\"26\" data-index-in-node=\"160\">Remeseln\u00edcky (\u0161af\u00e1rov) dom<\/b> (klasicistick\u00fd dom z 19. storo\u010dia), kde dnes s\u00eddli kaviare\u0148 <b data-path-to-node=\"26\" data-index-in-node=\"247\">Mandevilla K\u00e1v\u00e9h\u00e1z<\/b>.<\/p>\n<h2 data-path-to-node=\"28\"><span style=\"color: #800000;\">Ak\u00e9 z\u00e1zemie a slu\u017eby poskytuje Chalupa Ida pre v\u00e1\u0161 komfort?<\/span><\/h2>\n<p data-path-to-node=\"29\">V objekte si m\u00f4\u017eete vari\u0165 sami \u2013 k dispoz\u00edcii je <b data-path-to-node=\"29\" data-index-in-node=\"49\">plne vybaven\u00e1 kuchy\u0148a<\/b> (mikrovlnn\u00e1 r\u00fara, r\u00fdchlovarn\u00e1 kanvica, spor\u00e1k, r\u00fara, chladni\u010dka, mrazni\u010dka). Ak by ste potrebovali doplni\u0165 z\u00e1soby, <b data-path-to-node=\"29\" data-index-in-node=\"186\">obchod s potravinami<\/b> sa nach\u00e1dza len <b data-path-to-node=\"29\" data-index-in-node=\"223\">30 metrov<\/b> od vchodu a v bl\u00edzkom okol\u00ed n\u00e1jdete aj kvalitn\u00e9 <b data-path-to-node=\"29\" data-index-in-node=\"281\">re\u0161taur\u00e1cie<\/b>.<\/p>\n<p data-path-to-node=\"30\">Samozrejmos\u0165ou je <b data-path-to-node=\"30\" data-index-in-node=\"18\">bezplatn\u00e9 Wi-Fi pripojenie<\/b>, bezpe\u010dn\u00e9 <b data-path-to-node=\"30\" data-index-in-node=\"55\">parkovanie priamo pri chalupe<\/b> a garancia pokoja v\u010faka <b data-path-to-node=\"30\" data-index-in-node=\"109\">tichej lokalite<\/b>, \u010do je z\u00e1rukou pohodln\u00e9ho pobytu. V\u0161etky tieto atrib\u00faty robia z objektu <b data-path-to-node=\"30\" data-index-in-node=\"197\">Chalupa Ida<\/b> ide\u00e1lne \u00fato\u010disko pre relax po dni plnom v\u00fdletov.<\/p>\n<h3 data-path-to-node=\"32\"><span style=\"color: #808000;\">Rezerv\u00e1cia a kontakt<\/span><\/h3>\n<ul data-path-to-node=\"33\">\n<li>\n<p data-path-to-node=\"33,0,0\"><b data-path-to-node=\"33,0,0\" data-index-in-node=\"0\">Adresa:<\/b> Chalupa IDA, Slavec \u010d. 5, okres Ro\u017e\u0148ava, Ko\u0161ick\u00fd kraj<\/p>\n<\/li>\n<li>\n<p data-path-to-node=\"33,1,0\"><b data-path-to-node=\"33,1,0\" data-index-in-node=\"0\">GPS s\u00faradnice:<\/b> N48\u00b0 35\u2019 2.46\u2019\u2019, E20\u00b0 28\u2019 0.9\u2019\u2019<\/p>\n<\/li>\n<li>\n<p data-path-to-node=\"33,2,0\"><b data-path-to-node=\"33,2,0\" data-index-in-node=\"0\">Mobiln\u00fd kontakt:<\/b> 0907 047 280<\/p>\n<\/li>\n<li>\n<p data-path-to-node=\"33,3,0\"><b data-path-to-node=\"33,3,0\" data-index-in-node=\"0\">E-mailov\u00e1 adresa:<\/b> <a href=\"mailto:idacsefo@zoznam.sk\" target=\"_blank\" rel=\"noopener\">idacsefo@zoznam.sk<\/a><\/p>\n<\/li>\n<li>\n<p data-path-to-node=\"33,4,0\"><b data-path-to-node=\"33,4,0\" data-index-in-node=\"0\">Soci\u00e1lne siete:<\/b> <a href=\"https:\/\/www.facebook.com\/ubytovaniechalupaIda\" target=\"_blank\" rel=\"noopener\">Facebook: Chalupa IDA<\/a><\/p>\n<\/li>\n<\/ul>\n<h2 data-path-to-node=\"35\"><span style=\"color: #800000;\">Va\u0161a br\u00e1na k autentick\u00fdm z\u00e1\u017eitkom a dokonal\u00e9mu relaxu<\/span><\/h2>\n<p data-path-to-node=\"36\"><em>Pobyt v na\u0161om regi\u00f3ne v\u00e1m prinesie hlbok\u00e9 prepojenie s kore\u0148mi na\u0161ich predkov bez toho, aby ste museli z\u013eavi\u0165 zo svojich n\u00e1rokov na modern\u00fd komfort. <b data-path-to-node=\"36\" data-index-in-node=\"149\">Chalupa Ida<\/b> sl\u00fa\u017ei ako dokonal\u00fd filter od ka\u017edodenn\u00e9ho stresu, kde ticho pr\u00edrody lie\u010di myse\u013e a \u010derstv\u00fd horsk\u00fd vzduch dod\u00e1va nov\u00fa energiu pre va\u0161e objavite\u013esk\u00e9 v\u00fdpravy.\u00a0V\u010faka na\u0161ej unik\u00e1tnej polohe z\u00edskate viac ne\u017e len ubytovanie \u2013 z\u00edskate strategick\u00fa z\u00e1klad\u0148u, z ktorej vyraz\u00edte za pokladmi UNESCO a tajomstvami krasov\u00fdch plan\u00edn. Ka\u017ed\u00fd k\u00fat tohto gemersk\u00e9ho domu rozpr\u00e1va pr\u00edbeh, ktor\u00e9ho s\u00fa\u010das\u0165ou sa stanete aj vy po\u010das svojich potuliek Slansk\u00fdm ka\u0148onom. Ver\u00edme, \u017ee spojenie tradi\u010dnej architekt\u00fary a divokej pr\u00edrody vytvor\u00ed vo va\u0161om srdci spomienky, ktor\u00e9 si radi uchov\u00e1te na cel\u00fd \u017eivot. Va\u0161a spokojnos\u0165 a objavovanie skryt\u00fdch klenotov Slovenska s\u00fa pre n\u00e1s prioritou pri ka\u017edej jednej n\u00e1v\u0161teve.<\/em><\/p>\n<p data-path-to-node=\"36\">Fotogal\u00e9ria<\/p>\n<p data-path-to-node=\"36\"><style type=\"text\/css\">\n#foogallery-gallery-30245 .fg-image { width: 200px; }<\/style>\n\t\t\t<div class=\"foogallery foogallery-container foogallery-carousel foogallery-lightbox-foogallery fg-carousel fg-ready fg-light fg-border-medium fg-round-small fg-shadow-medium fg-loading-default fg-loaded-fade-in fg-hover-semi-zoomed fg-hover-fade fg-hover-circle-plus2\" id=\"foogallery-gallery-30245\" data-foogallery=\"{&quot;panel&quot;:{&quot;buttons&quot;:{&quot;download&quot;:false}},&quot;item&quot;:{&quot;showCaptionTitle&quot;:true,&quot;showCaptionDescription&quot;:true},&quot;lazy&quot;:true,&quot;template&quot;:{&quot;maxItems&quot;:5,&quot;scale&quot;:0.11999999999999999555910790149937383830547332763671875,&quot;gutter&quot;:{&quot;min&quot;:-40,&quot;max&quot;:-20,&quot;unit&quot;:&quot;%&quot;},&quot;autoplay&quot;:{&quot;time&quot;:0,&quot;interaction&quot;:&quot;pause&quot;},&quot;centerOnClick&quot;:true,&quot;align&quot;:&quot;center&quot;,&quot;activePosition&quot;:&quot;center&quot;}}\" data-foogallery-lightbox=\"{&quot;thumbs&quot;:&quot;bottom&quot;,&quot;thumbsCaptions&quot;:false,&quot;thumbsBestFit&quot;:false,&quot;thumbsSmall&quot;:false,&quot;thumbsCaptionsAlign&quot;:&quot;default&quot;,&quot;info&quot;:&quot;bottom&quot;,&quot;infoVisible&quot;:true,&quot;infoOverlay&quot;:true,&quot;infoAlign&quot;:&quot;default&quot;,&quot;transition&quot;:&quot;fade&quot;,&quot;hoverButtons&quot;:false,&quot;fitMedia&quot;:false,&quot;noScrollbars&quot;:true,&quot;preserveButtonSpace&quot;:true,&quot;buttons&quot;:{&quot;fullscreen&quot;:true,&quot;info&quot;:true,&quot;thumbs&quot;:false,&quot;download&quot;:false},&quot;video&quot;:{&quot;autoPlay&quot;:true}}\" style=\"--fg-title-line-clamp: 1; --fg-description-line-clamp: 2;\" >\n\t<button type=\"button\" class=\"fg-carousel-prev\" title=\"Previous\"><\/button>\n\t<div class=\"fg-carousel-inner\">\n\t\t<div class=\"fg-carousel-center\"><\/div>\n\t\t<div class=\"fg-item fg-type-image fg-idle\"><figure class=\"fg-item-inner\"><a href=\"https:\/\/www.slovensky-kras.eu\/info\/wp-content\/uploads\/2026\/04\/ida-2.jpg\" data-caption-title=\"Chalupa Ida v obci Slavec\" data-attachment-id=\"30246\" data-type=\"image\" class=\"fg-thumb\"><span class=\"fg-image-wrap\"><img decoding=\"async\" alt=\"Chalupa Ida v obci Slavec\" title=\"Chalupa Ida v obci Slavec\" width=\"200\" height=\"200\" class=\"skip-lazy fg-image\" data-src-fg=\"https:\/\/www.slovensky-kras.eu\/info\/wp-content\/uploads\/cache\/2026\/04\/ida-2\/4063744115.jpg\" src=\"data:image\/svg+xml,%3Csvg%20xmlns%3D%22http%3A%2F%2Fwww.w3.org%2F2000%2Fsvg%22%20width%3D%22200%22%20height%3D%22200%22%20viewBox%3D%220%200%20200%20200%22%3E%3C%2Fsvg%3E\" loading=\"eager\"><\/span><span class=\"fg-image-overlay\"><\/span><\/a><figcaption class=\"fg-caption\"><div class=\"fg-caption-inner\"><div class=\"fg-caption-title\">Chalupa Ida v obci Slavec<\/div><\/div><\/figcaption><\/figure><div class=\"fg-loader\"><\/div><\/div><div class=\"fg-item fg-type-image fg-idle\"><figure class=\"fg-item-inner\"><a href=\"https:\/\/www.slovensky-kras.eu\/info\/wp-content\/uploads\/2026\/04\/ida4.jpg\" data-caption-title=\"Chalupa Ida v obci Slavec\" data-attachment-id=\"30248\" data-type=\"image\" class=\"fg-thumb\"><span class=\"fg-image-wrap\"><img decoding=\"async\" alt=\"Chalupa Ida v obci Slavec\" title=\"Chalupa Ida v obci Slavec\" width=\"200\" height=\"200\" class=\"skip-lazy fg-image\" data-src-fg=\"https:\/\/www.slovensky-kras.eu\/info\/wp-content\/uploads\/cache\/2026\/04\/ida4\/3809114948.jpg\" src=\"data:image\/svg+xml,%3Csvg%20xmlns%3D%22http%3A%2F%2Fwww.w3.org%2F2000%2Fsvg%22%20width%3D%22200%22%20height%3D%22200%22%20viewBox%3D%220%200%20200%20200%22%3E%3C%2Fsvg%3E\" loading=\"eager\"><\/span><span class=\"fg-image-overlay\"><\/span><\/a><figcaption class=\"fg-caption\"><div class=\"fg-caption-inner\"><div class=\"fg-caption-title\">Chalupa Ida v obci Slavec<\/div><\/div><\/figcaption><\/figure><div class=\"fg-loader\"><\/div><\/div><div class=\"fg-item fg-type-image fg-idle\"><figure class=\"fg-item-inner\"><a href=\"https:\/\/www.slovensky-kras.eu\/info\/wp-content\/uploads\/2026\/04\/ida5.jpg\" data-caption-title=\"Chalupa Ida v obci Slavec\" data-attachment-id=\"30249\" data-type=\"image\" class=\"fg-thumb\"><span class=\"fg-image-wrap\"><img decoding=\"async\" alt=\"Chalupa Ida v obci Slavec\" title=\"Chalupa Ida v obci Slavec\" width=\"200\" height=\"200\" class=\"skip-lazy fg-image\" data-src-fg=\"https:\/\/www.slovensky-kras.eu\/info\/wp-content\/uploads\/cache\/2026\/04\/ida5\/816600839.jpg\" src=\"data:image\/svg+xml,%3Csvg%20xmlns%3D%22http%3A%2F%2Fwww.w3.org%2F2000%2Fsvg%22%20width%3D%22200%22%20height%3D%22200%22%20viewBox%3D%220%200%20200%20200%22%3E%3C%2Fsvg%3E\" loading=\"eager\"><\/span><span class=\"fg-image-overlay\"><\/span><\/a><figcaption class=\"fg-caption\"><div class=\"fg-caption-inner\"><div class=\"fg-caption-title\">Chalupa Ida v obci Slavec<\/div><\/div><\/figcaption><\/figure><div class=\"fg-loader\"><\/div><\/div><div class=\"fg-item fg-type-image fg-idle\"><figure class=\"fg-item-inner\"><a href=\"https:\/\/www.slovensky-kras.eu\/info\/wp-content\/uploads\/2026\/04\/ida6.jpg\" data-caption-title=\"Chalupa Ida v obci Slavec\" data-attachment-id=\"30250\" data-type=\"image\" class=\"fg-thumb\"><span class=\"fg-image-wrap\"><img decoding=\"async\" alt=\"Chalupa Ida v obci Slavec\" title=\"Chalupa Ida v obci Slavec\" width=\"200\" height=\"200\" class=\"skip-lazy fg-image\" data-src-fg=\"https:\/\/www.slovensky-kras.eu\/info\/wp-content\/uploads\/cache\/2026\/04\/ida6\/2704521364.jpg\" src=\"data:image\/svg+xml,%3Csvg%20xmlns%3D%22http%3A%2F%2Fwww.w3.org%2F2000%2Fsvg%22%20width%3D%22200%22%20height%3D%22200%22%20viewBox%3D%220%200%20200%20200%22%3E%3C%2Fsvg%3E\" loading=\"eager\"><\/span><span class=\"fg-image-overlay\"><\/span><\/a><figcaption class=\"fg-caption\"><div class=\"fg-caption-inner\"><div class=\"fg-caption-title\">Chalupa Ida v obci Slavec<\/div><\/div><\/figcaption><\/figure><div class=\"fg-loader\"><\/div><\/div><div class=\"fg-item fg-type-image fg-idle\"><figure class=\"fg-item-inner\"><a href=\"https:\/\/www.slovensky-kras.eu\/info\/wp-content\/uploads\/2026\/04\/ida7.jpg\" data-caption-title=\"Chalupa Ida v obci Slavec\" data-attachment-id=\"30251\" data-type=\"image\" class=\"fg-thumb\"><span class=\"fg-image-wrap\"><img decoding=\"async\" alt=\"Chalupa Ida v obci Slavec\" title=\"Chalupa Ida v obci Slavec\" width=\"200\" height=\"200\" class=\"skip-lazy fg-image\" data-src-fg=\"https:\/\/www.slovensky-kras.eu\/info\/wp-content\/uploads\/cache\/2026\/04\/ida7\/1922405591.jpg\" src=\"data:image\/svg+xml,%3Csvg%20xmlns%3D%22http%3A%2F%2Fwww.w3.org%2F2000%2Fsvg%22%20width%3D%22200%22%20height%3D%22200%22%20viewBox%3D%220%200%20200%20200%22%3E%3C%2Fsvg%3E\" loading=\"eager\"><\/span><span class=\"fg-image-overlay\"><\/span><\/a><figcaption class=\"fg-caption\"><div class=\"fg-caption-inner\"><div class=\"fg-caption-title\">Chalupa Ida v obci Slavec<\/div><\/div><\/figcaption><\/figure><div class=\"fg-loader\"><\/div><\/div><div class=\"fg-item fg-type-image fg-idle\"><figure class=\"fg-item-inner\"><a href=\"https:\/\/www.slovensky-kras.eu\/info\/wp-content\/uploads\/2026\/04\/ida8.jpg\" data-caption-title=\"Chalupa Ida v obci Slavec\" data-attachment-id=\"30252\" data-type=\"image\" class=\"fg-thumb\"><span class=\"fg-image-wrap\"><img decoding=\"async\" alt=\"Chalupa Ida v obci Slavec\" title=\"Chalupa Ida v obci Slavec\" width=\"200\" height=\"200\" class=\"skip-lazy fg-image\" data-src-fg=\"https:\/\/www.slovensky-kras.eu\/info\/wp-content\/uploads\/cache\/2026\/04\/ida8\/2325869340.jpg\" src=\"data:image\/svg+xml,%3Csvg%20xmlns%3D%22http%3A%2F%2Fwww.w3.org%2F2000%2Fsvg%22%20width%3D%22200%22%20height%3D%22200%22%20viewBox%3D%220%200%20200%20200%22%3E%3C%2Fsvg%3E\" loading=\"eager\"><\/span><span class=\"fg-image-overlay\"><\/span><\/a><figcaption class=\"fg-caption\"><div class=\"fg-caption-inner\"><div class=\"fg-caption-title\">Chalupa Ida v obci Slavec<\/div><\/div><\/figcaption><\/figure><div class=\"fg-loader\"><\/div><\/div><div class=\"fg-item fg-type-image fg-idle\"><figure class=\"fg-item-inner\"><a href=\"https:\/\/www.slovensky-kras.eu\/info\/wp-content\/uploads\/2026\/04\/ida9.jpg\" data-caption-title=\"Chalupa Ida v obci Slavec\" data-attachment-id=\"30253\" data-type=\"image\" class=\"fg-thumb\"><span class=\"fg-image-wrap\"><img decoding=\"async\" alt=\"Chalupa Ida v obci Slavec\" title=\"Chalupa Ida v obci Slavec\" width=\"200\" height=\"200\" class=\"skip-lazy fg-image\" data-src-fg=\"https:\/\/www.slovensky-kras.eu\/info\/wp-content\/uploads\/cache\/2026\/04\/ida9\/1493688159.jpg\" src=\"data:image\/svg+xml,%3Csvg%20xmlns%3D%22http%3A%2F%2Fwww.w3.org%2F2000%2Fsvg%22%20width%3D%22200%22%20height%3D%22200%22%20viewBox%3D%220%200%20200%20200%22%3E%3C%2Fsvg%3E\" loading=\"eager\"><\/span><span class=\"fg-image-overlay\"><\/span><\/a><figcaption class=\"fg-caption\"><div class=\"fg-caption-inner\"><div class=\"fg-caption-title\">Chalupa Ida v obci Slavec<\/div><\/div><\/figcaption><\/figure><div class=\"fg-loader\"><\/div><\/div><div class=\"fg-item fg-type-image fg-idle\"><figure class=\"fg-item-inner\"><a href=\"https:\/\/www.slovensky-kras.eu\/info\/wp-content\/uploads\/2026\/04\/ida3-1.jpg\" data-caption-title=\"Chalupa Ida v obci Slavec\" data-attachment-id=\"30254\" data-type=\"image\" class=\"fg-thumb\"><span class=\"fg-image-wrap\"><img decoding=\"async\" alt=\"Chalupa Ida v obci Slavec\" title=\"Chalupa Ida v obci Slavec\" width=\"200\" height=\"200\" class=\"skip-lazy fg-image\" data-src-fg=\"https:\/\/www.slovensky-kras.eu\/info\/wp-content\/uploads\/cache\/2026\/04\/ida3-1\/1654777230.jpg\" src=\"data:image\/svg+xml,%3Csvg%20xmlns%3D%22http%3A%2F%2Fwww.w3.org%2F2000%2Fsvg%22%20width%3D%22200%22%20height%3D%22200%22%20viewBox%3D%220%200%20200%20200%22%3E%3C%2Fsvg%3E\" loading=\"eager\"><\/span><span class=\"fg-image-overlay\"><\/span><\/a><figcaption class=\"fg-caption\"><div class=\"fg-caption-inner\"><div class=\"fg-caption-title\">Chalupa Ida v obci Slavec<\/div><\/div><\/figcaption><\/figure><div class=\"fg-loader\"><\/div><\/div>\t<\/div>\n\t<div class=\"fg-carousel-bottom\"><\/div>\n\t<div class=\"fg-carousel-progress\"><\/div>\n\t<button type=\"button\" class=\"fg-carousel-next\" title=\"Next\"><\/button>\n<\/div>\n<h3><span style=\"color: #808000;\">Bl\u00edzke stredisko, turistick\u00e9 centrum, obec alebo mesto:<\/span><\/h3>\n<ul>\n<li><a href=\"http:\/\/www.slovensky-kras.eu\/info\/strediska-a-centra\/obec-slavec\/\">Obec Slavec<\/a><\/li>\n<\/ul>\n<h2><span style=\"color: #800000;\">Mapy<\/span><\/h2>\n<p><strong>Vrstvy: <\/strong>Turistick\u00e1 mapa, Automapa, Cyklomapa, Ly\u017eiarska mapa, Satelitn\u00e1 mapa a OpenStreetMap.<\/p>\n<p><strong>Kliknut\u00edm na logo &#8222;Freemap.sk&#8220; sa V\u00e1m mapa zobraz\u00ed na celej ploche obrazovky.<\/strong><\/p>\n<p><iframe style=\"width: 900px; height: 600px; border: 0;\" src=\"https:\/\/www.freemap.sk\/?map=13\/48.586657\/20.467615&amp;info-point=48.586657\/20.467615,Obec Slavec&amp;layers=TX&amp;embed=search\" allowfullscreen=\"allowfullscreen\"><span data-mce-type=\"bookmark\" style=\"display: inline-block; width: 0px; overflow: hidden; line-height: 0;\" class=\"mce_SELRES_start\">\ufeff<\/span><\/iframe><\/p>\n<h2><span style=\"color: #800000;\">Po\u010dasie<\/span><strong><br \/>\n<\/strong><br \/>\n<iframe style=\"width: 900px; height: 609px;\" src=\"https:\/\/www.meteoblue.com\/sk\/po%C4%8Dasie\/widget\/three\/slavec_slovensk%c3%a1-republika_723590?geoloc=fixed&amp;nocurrent=0&amp;noforecast=0&amp;days=6&amp;tempunit=CELSIUS&amp;windunit=KILOMETER_PER_HOUR&amp;layout=image\" frameborder=\"0\" scrolling=\"NO\" sandbox=\"allow-same-origin allow-scripts allow-popups allow-popups-to-escape-sandbox\"><\/iframe><\/h2>\n<div><!-- DO NOT REMOVE THIS LINK --><a href=\"https:\/\/www.meteoblue.com\/sk\/po%C4%8Dasie\/predpove%C4%8F\/t%C3%BD%C5%BEde%C5%88\/slavec_slovensk%c3%a1-republika_723590?utm_source=weather_widget&amp;utm_medium=linkus&amp;utm_content=three&amp;utm_campaign=Weather%2BWidget\" target=\"_blank\" rel=\"noopener noreferrer\">meteoblue<\/a><\/div>\n","protected":false},"excerpt":{"rendered":"<p>Objavte ubytovanie Chalupa Ida \u2013 tradi\u010dn\u00fd gemersk\u00fd dom v Slovenskom krase Prebu\u010fte svoje zmysly v lone nedotknutej pr\u00edrody a ubytujte sa tam, kde hist\u00f3ria Gemera o\u017e\u00edva v ka\u017edom detaile. Chalupa [&hellip;]<\/p>\n","protected":false},"author":1,"featured_media":30254,"comment_status":"closed","ping_status":"closed","sticky":false,"template":"","format":"standard","meta":{"_uag_custom_page_level_css":"","footnotes":""},"categories":[1,313],"tags":[],"class_list":["post-30241","post","type-post","status-publish","format-standard","has-post-thumbnail","hentry","category-aktuality","category-zaujimavosti"],"featured_image_src":"https:\/\/www.slovensky-kras.eu\/info\/wp-content\/uploads\/2026\/04\/ida3-1.jpg","featured_image_src_square":"https:\/\/www.slovensky-kras.eu\/info\/wp-content\/uploads\/2026\/04\/ida3-1.jpg","author_info":{"display_name":"admin","author_link":"https:\/\/www.slovensky-kras.eu\/info\/author\/admin\/"},"rbea_author_info":{"display_name":"admin","author_link":"https:\/\/www.slovensky-kras.eu\/info\/author\/admin\/"},"rbea_excerpt_info":"Objavte ubytovanie Chalupa Ida \u2013 tradi\u010dn\u00fd gemersk\u00fd dom v Slovenskom krase Prebu\u010fte svoje zmysly v lone nedotknutej pr\u00edrody a ubytujte sa tam, kde hist\u00f3ria Gemera o\u017e\u00edva v ka\u017edom detaile. Chalupa [&hellip;]","category_list":"<a href=\"https:\/\/www.slovensky-kras.eu\/info\/domov\/aktuality\/\" rel=\"category tag\">Aktuality<\/a>, <a href=\"https:\/\/www.slovensky-kras.eu\/info\/domov\/aktuality\/zaujimavosti\/\" rel=\"category tag\">Zauj\u00edmavosti<\/a>","comments_num":"0 comments","uagb_featured_image_src":{"full":["https:\/\/www.slovensky-kras.eu\/info\/wp-content\/uploads\/2026\/04\/ida3-1.jpg",1200,849,false],"thumbnail":["https:\/\/www.slovensky-kras.eu\/info\/wp-content\/uploads\/2026\/04\/ida3-1-150x150.jpg",150,150,true],"medium":["https:\/\/www.slovensky-kras.eu\/info\/wp-content\/uploads\/2026\/04\/ida3-1-800x566.jpg",800,566,true],"medium_large":["https:\/\/www.slovensky-kras.eu\/info\/wp-content\/uploads\/2026\/04\/ida3-1-768x543.jpg",768,543,true],"large":["https:\/\/www.slovensky-kras.eu\/info\/wp-content\/uploads\/2026\/04\/ida3-1-1024x724.jpg",1024,724,true],"1536x1536":["https:\/\/www.slovensky-kras.eu\/info\/wp-content\/uploads\/2026\/04\/ida3-1.jpg",1200,849,false],"2048x2048":["https:\/\/www.slovensky-kras.eu\/info\/wp-content\/uploads\/2026\/04\/ida3-1.jpg",1200,849,false]},"uagb_author_info":{"display_name":"admin","author_link":"https:\/\/www.slovensky-kras.eu\/info\/author\/admin\/"},"uagb_comment_info":0,"uagb_excerpt":"Objavte ubytovanie Chalupa Ida \u2013 tradi\u010dn\u00fd gemersk\u00fd dom v Slovenskom krase Prebu\u010fte svoje zmysly v lone nedotknutej pr\u00edrody a ubytujte sa tam, kde hist\u00f3ria Gemera o\u017e\u00edva v ka\u017edom detaile. Chalupa [&hellip;]","_links":{"self":[{"href":"https:\/\/www.slovensky-kras.eu\/info\/wp-json\/wp\/v2\/posts\/30241","targetHints":{"allow":["GET"]}}],"collection":[{"href":"https:\/\/www.slovensky-kras.eu\/info\/wp-json\/wp\/v2\/posts"}],"about":[{"href":"https:\/\/www.slovensky-kras.eu\/info\/wp-json\/wp\/v2\/types\/post"}],"author":[{"embeddable":true,"href":"https:\/\/www.slovensky-kras.eu\/info\/wp-json\/wp\/v2\/users\/1"}],"replies":[{"embeddable":true,"href":"https:\/\/www.slovensky-kras.eu\/info\/wp-json\/wp\/v2\/comments?post=30241"}],"version-history":[{"count":4,"href":"https:\/\/www.slovensky-kras.eu\/info\/wp-json\/wp\/v2\/posts\/30241\/revisions"}],"predecessor-version":[{"id":30255,"href":"https:\/\/www.slovensky-kras.eu\/info\/wp-json\/wp\/v2\/posts\/30241\/revisions\/30255"}],"wp:featuredmedia":[{"embeddable":true,"href":"https:\/\/www.slovensky-kras.eu\/info\/wp-json\/wp\/v2\/media\/30254"}],"wp:attachment":[{"href":"https:\/\/www.slovensky-kras.eu\/info\/wp-json\/wp\/v2\/media?parent=30241"}],"wp:term":[{"taxonomy":"category","embeddable":true,"href":"https:\/\/www.slovensky-kras.eu\/info\/wp-json\/wp\/v2\/categories?post=30241"},{"taxonomy":"post_tag","embeddable":true,"href":"https:\/\/www.slovensky-kras.eu\/info\/wp-json\/wp\/v2\/tags?post=30241"}],"curies":[{"name":"wp","href":"https:\/\/api.w.org\/{rel}","templated":true}]}}