{"id":30237,"date":"2026-04-18T06:20:32","date_gmt":"2026-04-18T04:20:32","guid":{"rendered":"https:\/\/www.slovensky-kras.eu\/info\/?p=30237"},"modified":"2026-04-18T06:22:31","modified_gmt":"2026-04-18T04:22:31","slug":"prvomajove-vozenie-konskym-zaprahom-v-drnave","status":"publish","type":"post","link":"https:\/\/www.slovensky-kras.eu\/info\/prvomajove-vozenie-konskym-zaprahom-v-drnave\/","title":{"rendered":"Prvom\u00e1jov\u00e9 vozenie konsk\u00fdm z\u00e1prahom v Drnave"},"content":{"rendered":"<h2 data-path-to-node=\"0\"><span style=\"color: #800000;\">Pre\u010do je Prvom\u00e1jov\u00e9 vozenie konsk\u00fdm z\u00e1prahom v Drnave ide\u00e1lnym cie\u013eom pre v\u00e1\u0161 sviato\u010dn\u00fd rodinn\u00fd v\u00fdlet?<\/span><\/h2>\n<p data-path-to-node=\"1\"><b data-path-to-node=\"1\" data-index-in-node=\"0\">Prvom\u00e1jov\u00e9 vozenie konsk\u00fdm z\u00e1prahom v Drnave<\/b> v roku 2026 pripad\u00e1 na <b data-path-to-node=\"1\" data-index-in-node=\"68\">sviato\u010dn\u00fd piatok 1. m\u00e1ja<\/b>, \u010do je ide\u00e1lna pr\u00edle\u017eitos\u0165, ako str\u00e1vi\u0165 vo\u013en\u00fd \u010das v lone <b data-path-to-node=\"1\" data-index-in-node=\"150\">panenskej pr\u00edrody<\/b> na <b data-path-to-node=\"1\" data-index-in-node=\"171\">\u010derstvom vzduchu<\/b>.<\/p>\n<p data-path-to-node=\"1\">Tento u\u017e <b data-path-to-node=\"1\" data-index-in-node=\"198\">3. ro\u010dn\u00edk<\/b> ob\u013e\u00faben\u00e9ho podujatia pre v\u00e1s spolo\u010dne organizuj\u00fa <b data-path-to-node=\"1\" data-index-in-node=\"257\">Hobby jazda Lipovn\u00edk<\/b> a <b data-path-to-node=\"1\" data-index-in-node=\"280\">Caf\u00e9 Kispest v Drnave<\/b>, aby v\u00e1m priniesli z\u00e1\u017eitok pln\u00fd <b data-path-to-node=\"1\" data-index-in-node=\"334\">pokoja<\/b> a <b data-path-to-node=\"1\" data-index-in-node=\"343\">pr\u00edjemnej rodinnej atmosf\u00e9ry<\/b>. Pr\u00ed\u010fte si k n\u00e1m spolu s va\u0161imi <b data-path-to-node=\"1\" data-index-in-node=\"404\">de\u0165mi<\/b> vychutna\u0165 nezabudnute\u013en\u00e9 chv\u00edle a spr\u00edjemni\u0165 si de\u0148 v pr\u00edtomnosti u\u0161\u013eachtil\u00fdch <b data-path-to-node=\"1\" data-index-in-node=\"489\">zvierat<\/b>.<\/p>\n<h2 data-path-to-node=\"3\"><span style=\"color: #800000;\">Kde presne sa nach\u00e1dza \u0161tart a ak\u00fa trasu konsk\u00fd ko\u010d absolvuje?<\/span><\/h2>\n<p data-path-to-node=\"4\">Hlavn\u00fdm dejiskom a miestom stretnutia je ob\u013e\u00faben\u00e1 prev\u00e1dzka <b data-path-to-node=\"4\" data-index-in-node=\"60\">Caf\u00e9 Kispest v Drnave<\/b>, ktor\u00e1 sl\u00fa\u017ei ako <b data-path-to-node=\"4\" data-index-in-node=\"99\">\u0161tart<\/b> aj cie\u013e va\u0161ej cesty. <b data-path-to-node=\"4\" data-index-in-node=\"126\">Trasa<\/b> je citlivo napl\u00e1novan\u00e1 a vedie <b data-path-to-node=\"4\" data-index-in-node=\"163\">smerom ku \u0160t\u00f4lni Dion\u00fdz<\/b>, k miestnemu <b data-path-to-node=\"4\" data-index-in-node=\"200\">jazierku<\/b>, k tichu a n\u00e1sledne sa vracia <b data-path-to-node=\"4\" data-index-in-node=\"239\">sp\u00e4\u0165<\/b>.<\/p>\n<p data-path-to-node=\"4\">Cestou budete obdivova\u0165 <b data-path-to-node=\"4\" data-index-in-node=\"269\">kr\u00e1sne prostredie Drnavy<\/b>, pri\u010dom uvid\u00edte aj unik\u00e1ty ako <b data-path-to-node=\"4\" data-index-in-node=\"325\">Dub z Malej Pe\u0161ti \u2013 Strom roka 2020<\/b> \u010di zauj\u00edmav\u00e9 <b data-path-to-node=\"4\" data-index-in-node=\"374\">modern\u00e9 umeleck\u00e9 dielo 1+1=LES<\/b>. T\u00e1to <b data-path-to-node=\"4\" data-index-in-node=\"411\">pokojn\u00e1 jazda ko\u010dom<\/b> v srdci <b data-path-to-node=\"4\" data-index-in-node=\"439\">Gemeru<\/b> pon\u00faka dokonal\u00e9 spojenie <b data-path-to-node=\"4\" data-index-in-node=\"471\">relaxu<\/b> a pozn\u00e1vania miestnych zauj\u00edmavost\u00ed.<\/p>\n<h2 data-path-to-node=\"6\"><span style=\"color: #800000;\">Ak\u00fd je presn\u00fd \u010dasov\u00fd rozvrh a kedy sa m\u00f4\u017eete odviez\u0165?<\/span><\/h2>\n<p data-path-to-node=\"7\">Pre plynul\u00fd priebeh akcie, ktor\u00fa zastre\u0161uje <b data-path-to-node=\"7\" data-index-in-node=\"44\">Hobby jazda Lipovn\u00edk<\/b> a <b data-path-to-node=\"7\" data-index-in-node=\"67\">Caf\u00e9 Kispest<\/b>, s\u00fa stanoven\u00e9 pravideln\u00e9 <b data-path-to-node=\"7\" data-index-in-node=\"105\">odchody ka\u017ed\u00fa polhodinu<\/b>.<\/p>\n<h3 data-path-to-node=\"7\"><span style=\"color: #808000;\">Harmonogram j\u00edzdy je nasledovn\u00fd:<\/span><\/h3>\n<ul data-path-to-node=\"8\">\n<li>\n<p data-path-to-node=\"8,0,0\"><b data-path-to-node=\"8,0,0\" data-index-in-node=\"0\">Prv\u00fd odchod: 10:00<\/b><\/p>\n<\/li>\n<li>\n<p data-path-to-node=\"8,1,0\">Pravideln\u00e9 jazdy ka\u017ed\u00fdch 30 min\u00fat<\/p>\n<\/li>\n<li>\n<p data-path-to-node=\"8,2,0\"><span style=\"color: #ff0000;\"><b data-path-to-node=\"8,2,0\" data-index-in-node=\"0\">Prest\u00e1vka: 13:00 \u2013 13:30<\/b><\/span><\/p>\n<\/li>\n<li>\n<p data-path-to-node=\"8,3,0\">Pokra\u010dovanie popolud\u0148aj\u0161\u00edch j\u00e1zd<\/p>\n<\/li>\n<li>\n<p data-path-to-node=\"8,4,0\"><b data-path-to-node=\"8,4,0\" data-index-in-node=\"0\">Posledn\u00fd odchod: 17:00<\/b><\/p>\n<\/li>\n<\/ul>\n<h2 data-path-to-node=\"10\"><span style=\"color: #800000;\">Pre koho je tento z\u00e1\u017eitok ur\u010den\u00fd a ak\u00e9 s\u00fa podmienky prepravy?<\/span><\/h2>\n<p data-path-to-node=\"11\">Tento podujatie je <b data-path-to-node=\"11\" data-index-in-node=\"19\">ide\u00e1lne pre rodiny s de\u0165mi<\/b>, ako aj pre v\u0161etk\u00fdch <b data-path-to-node=\"11\" data-index-in-node=\"67\">milovn\u00edkov kon\u00ed a pr\u00edrody<\/b>, ktor\u00ed h\u013eadaj\u00fa \u00fanik z mestsk\u00e9ho shonu. <b data-path-to-node=\"11\" data-index-in-node=\"132\">\u010cerstv\u00fd vzduch<\/b>, bl\u00edzkos\u0165 <b data-path-to-node=\"11\" data-index-in-node=\"157\">kon\u00ed<\/b> a ticho okolitej krajiny vytvoria skuto\u010dne <b data-path-to-node=\"11\" data-index-in-node=\"205\">nezabudnute\u013en\u00fa atmosf\u00e9ru<\/b>.<\/p>\n<p data-path-to-node=\"11\">Vzh\u013eadom na to, \u017ee <b data-path-to-node=\"11\" data-index-in-node=\"250\">kapacita voza<\/b> je obmedzen\u00e1 na <b data-path-to-node=\"11\" data-index-in-node=\"280\">7 os\u00f4b<\/b> a <b data-path-to-node=\"11\" data-index-in-node=\"289\">rezerv\u00e1cie vopred sa neprij\u00edmaj\u00fa<\/b>, odpor\u00fa\u010dame n\u00e1v\u0161tevn\u00edkom pr\u00eds\u0165 v predstihu.<\/p>\n<p data-path-to-node=\"11\">Aktu\u00e1lne novinky a \u010fal\u0161ie inform\u00e1cie o aktivit\u00e1ch, ktor\u00e9 pripravilo <b data-path-to-node=\"11\" data-index-in-node=\"434\">Caf\u00e9 Kispest<\/b> a <b data-path-to-node=\"11\" data-index-in-node=\"449\">Hobby jazda Lipovn\u00edk<\/b>, n\u00e1jdete na profiloch <b data-path-to-node=\"11\" data-index-in-node=\"492\"><a class=\"ng-star-inserted\" href=\"https:\/\/www.facebook.com\/cafekispest\" target=\"_blank\" rel=\"noopener\" data-hveid=\"0\" data-ved=\"0CAAQ_4QMahgKEwicj7z1qvaTAxUAAAAAHQAAAAAQogI\">https:\/\/www.facebook.com\/cafekispest<\/a><\/b> alebo <b data-path-to-node=\"11\" data-index-in-node=\"535\"><a class=\"ng-star-inserted\" href=\"https:\/\/hobby-jazda-lipovnik.sk\/\" target=\"_blank\" rel=\"noopener\" data-hveid=\"0\" data-ved=\"0CAAQ_4QMahgKEwicj7z1qvaTAxUAAAAAHQAAAAAQowI\">https:\/\/hobby-jazda-lipovnik.sk\/<\/a><\/b>.<\/p>\n<h2 data-path-to-node=\"13\"><span style=\"color: #800000;\">Objavte \u010daro pomal\u00e9ho cestovania v srdci historick\u00e9ho Gemera<\/span><\/h2>\n<p data-path-to-node=\"14\"><em><b data-path-to-node=\"14\" data-index-in-node=\"0\">Prvom\u00e1jov\u00e9 vozenie konsk\u00fdm z\u00e1prahom v Drnave<\/b> prin\u00e1\u0161a v dne\u0161nej zr\u00fdchlenej dobe vz\u00e1cnu hodnotu \u2013 \u010das na zdie\u013eanie spolo\u010dn\u00fdch momentov. Jazda historick\u00fdm ko\u010diarom je nielen turistickou atrakciou, ale aj edukat\u00edvnym z\u00e1\u017eitkom pre najmlad\u0161\u00edch, ktor\u00ed spozn\u00e1vaj\u00fa kr\u00e1su <b data-path-to-node=\"14\" data-index-in-node=\"262\">tradi\u010dn\u00e9ho ban\u00edckeho regi\u00f3nu<\/b>. Spojenie n\u00e1v\u0161tevy technickej pamiatky <b data-path-to-node=\"14\" data-index-in-node=\"330\">\u0160t\u00f4lne Dion\u00fdz<\/b> s pohostinnos\u0165ou oboch organiz\u00e1torov vytv\u00e1ra komplexn\u00fd produkt cestovn\u00e9ho ruchu. Tento projekt podporuje lok\u00e1lnu identitu a u\u010d\u00ed n\u00e1s vn\u00edma\u0165 detaily slovenskej krajiny z \u00faplne novej perspekt\u00edvy. Te\u0161\u00edme sa na v\u00e1s v pr\u00edjemnej atmosf\u00e9re, kde si v pokoji vychutn\u00e1te kr\u00e1sy Drnavy a sviato\u010dn\u00fd de\u0148 str\u00e1ven\u00fd medzi u\u0161\u013eachtil\u00fdmi ko\u0148mi.<\/em><\/p>\n<hr \/>\n<p data-path-to-node=\"13\"><a href=\"https:\/\/www.slovensky-kras.eu\/info\/wp-content\/uploads\/2026\/04\/cafe.jpg\"><img loading=\"lazy\" decoding=\"async\" class=\"aligncenter wp-image-30238\" src=\"https:\/\/www.slovensky-kras.eu\/info\/wp-content\/uploads\/2026\/04\/cafe.jpg\" alt=\"Prvom\u00e1jov\u00e9 vozenie konsk\u00fdm z\u00e1prahom v Drnave\" width=\"900\" height=\"1199\" srcset=\"https:\/\/www.slovensky-kras.eu\/info\/wp-content\/uploads\/2026\/04\/cafe.jpg 1440w, https:\/\/www.slovensky-kras.eu\/info\/wp-content\/uploads\/2026\/04\/cafe-450x600.jpg 450w, https:\/\/www.slovensky-kras.eu\/info\/wp-content\/uploads\/2026\/04\/cafe-768x1023.jpg 768w, https:\/\/www.slovensky-kras.eu\/info\/wp-content\/uploads\/2026\/04\/cafe-1153x1536.jpg 1153w\" sizes=\"auto, (max-width: 900px) 100vw, 900px\" \/><\/a><\/p>\n","protected":false},"excerpt":{"rendered":"<p>Pre\u010do je Prvom\u00e1jov\u00e9 vozenie konsk\u00fdm z\u00e1prahom v Drnave ide\u00e1lnym cie\u013eom pre v\u00e1\u0161 sviato\u010dn\u00fd rodinn\u00fd v\u00fdlet? Prvom\u00e1jov\u00e9 vozenie konsk\u00fdm z\u00e1prahom v Drnave v roku 2026 pripad\u00e1 na sviato\u010dn\u00fd piatok 1. m\u00e1ja, [&hellip;]<\/p>\n","protected":false},"author":1,"featured_media":30238,"comment_status":"closed","ping_status":"closed","sticky":false,"template":"","format":"standard","meta":{"_uag_custom_page_level_css":"","footnotes":""},"categories":[1,387],"tags":[],"class_list":["post-30237","post","type-post","status-publish","format-standard","has-post-thumbnail","hentry","category-aktuality","category-jazdectvo"],"featured_image_src":"https:\/\/www.slovensky-kras.eu\/info\/wp-content\/uploads\/2026\/04\/cafe.jpg","featured_image_src_square":"https:\/\/www.slovensky-kras.eu\/info\/wp-content\/uploads\/2026\/04\/cafe.jpg","author_info":{"display_name":"admin","author_link":"https:\/\/www.slovensky-kras.eu\/info\/author\/admin\/"},"rbea_author_info":{"display_name":"admin","author_link":"https:\/\/www.slovensky-kras.eu\/info\/author\/admin\/"},"rbea_excerpt_info":"Pre\u010do je Prvom\u00e1jov\u00e9 vozenie konsk\u00fdm z\u00e1prahom v Drnave ide\u00e1lnym cie\u013eom pre v\u00e1\u0161 sviato\u010dn\u00fd rodinn\u00fd v\u00fdlet? Prvom\u00e1jov\u00e9 vozenie konsk\u00fdm z\u00e1prahom v Drnave v roku 2026 pripad\u00e1 na sviato\u010dn\u00fd piatok 1. m\u00e1ja, [&hellip;]","category_list":"<a href=\"https:\/\/www.slovensky-kras.eu\/info\/domov\/aktuality\/\" rel=\"category tag\">Aktuality<\/a>, <a href=\"https:\/\/www.slovensky-kras.eu\/info\/domov\/aktuality\/jazdectvo\/\" rel=\"category tag\">Jazdectvo<\/a>","comments_num":"0 comments","uagb_featured_image_src":{"full":["https:\/\/www.slovensky-kras.eu\/info\/wp-content\/uploads\/2026\/04\/cafe.jpg",1440,1919,false],"thumbnail":["https:\/\/www.slovensky-kras.eu\/info\/wp-content\/uploads\/2026\/04\/cafe-150x150.jpg",150,150,true],"medium":["https:\/\/www.slovensky-kras.eu\/info\/wp-content\/uploads\/2026\/04\/cafe-450x600.jpg",450,600,true],"medium_large":["https:\/\/www.slovensky-kras.eu\/info\/wp-content\/uploads\/2026\/04\/cafe-768x1023.jpg",768,1023,true],"large":["https:\/\/www.slovensky-kras.eu\/info\/wp-content\/uploads\/2026\/04\/cafe-768x1024.jpg",768,1024,true],"1536x1536":["https:\/\/www.slovensky-kras.eu\/info\/wp-content\/uploads\/2026\/04\/cafe-1153x1536.jpg",1153,1536,true],"2048x2048":["https:\/\/www.slovensky-kras.eu\/info\/wp-content\/uploads\/2026\/04\/cafe.jpg",1440,1919,false]},"uagb_author_info":{"display_name":"admin","author_link":"https:\/\/www.slovensky-kras.eu\/info\/author\/admin\/"},"uagb_comment_info":0,"uagb_excerpt":"Pre\u010do je Prvom\u00e1jov\u00e9 vozenie konsk\u00fdm z\u00e1prahom v Drnave ide\u00e1lnym cie\u013eom pre v\u00e1\u0161 sviato\u010dn\u00fd rodinn\u00fd v\u00fdlet? Prvom\u00e1jov\u00e9 vozenie konsk\u00fdm z\u00e1prahom v Drnave v roku 2026 pripad\u00e1 na sviato\u010dn\u00fd piatok 1. m\u00e1ja, [&hellip;]","_links":{"self":[{"href":"https:\/\/www.slovensky-kras.eu\/info\/wp-json\/wp\/v2\/posts\/30237","targetHints":{"allow":["GET"]}}],"collection":[{"href":"https:\/\/www.slovensky-kras.eu\/info\/wp-json\/wp\/v2\/posts"}],"about":[{"href":"https:\/\/www.slovensky-kras.eu\/info\/wp-json\/wp\/v2\/types\/post"}],"author":[{"embeddable":true,"href":"https:\/\/www.slovensky-kras.eu\/info\/wp-json\/wp\/v2\/users\/1"}],"replies":[{"embeddable":true,"href":"https:\/\/www.slovensky-kras.eu\/info\/wp-json\/wp\/v2\/comments?post=30237"}],"version-history":[{"count":2,"href":"https:\/\/www.slovensky-kras.eu\/info\/wp-json\/wp\/v2\/posts\/30237\/revisions"}],"predecessor-version":[{"id":30240,"href":"https:\/\/www.slovensky-kras.eu\/info\/wp-json\/wp\/v2\/posts\/30237\/revisions\/30240"}],"wp:featuredmedia":[{"embeddable":true,"href":"https:\/\/www.slovensky-kras.eu\/info\/wp-json\/wp\/v2\/media\/30238"}],"wp:attachment":[{"href":"https:\/\/www.slovensky-kras.eu\/info\/wp-json\/wp\/v2\/media?parent=30237"}],"wp:term":[{"taxonomy":"category","embeddable":true,"href":"https:\/\/www.slovensky-kras.eu\/info\/wp-json\/wp\/v2\/categories?post=30237"},{"taxonomy":"post_tag","embeddable":true,"href":"https:\/\/www.slovensky-kras.eu\/info\/wp-json\/wp\/v2\/tags?post=30237"}],"curies":[{"name":"wp","href":"https:\/\/api.w.org\/{rel}","templated":true}]}}