{"id":29878,"date":"2026-04-05T05:06:24","date_gmt":"2026-04-05T03:06:24","guid":{"rendered":"https:\/\/www.slovensky-kras.eu\/info\/?p=29878"},"modified":"2026-04-05T05:06:24","modified_gmt":"2026-04-05T03:06:24","slug":"k-sibenici-pod-planinou","status":"publish","type":"post","link":"https:\/\/www.slovensky-kras.eu\/info\/k-sibenici-pod-planinou\/","title":{"rendered":"K \u0161ibenici pod planinou"},"content":{"rendered":"<h2 data-path-to-node=\"0\"><span style=\"color: #800000;\">Pre\u010do sa vyda\u0165 na v\u00fdlet K \u0161ibenici pod planinou a odhali\u0165 temn\u00e9 tajomstv\u00e1 hist\u00f3rie?<\/span><\/h2>\n<p data-path-to-node=\"1\">Zabudnite na f\u00e1dne prech\u00e1dzky a pripravte sa na mraziv\u00fd dotyk dej\u00edn, ktor\u00fd poc\u00edtite priamo v ter\u00e9ne v sobotu <b data-path-to-node=\"1\" data-index-in-node=\"109\">18. apr\u00edla 2026<\/b>. <b data-path-to-node=\"1\" data-index-in-node=\"126\">K \u0161ibenici pod planinou<\/b> v\u00e1s poz\u00fdva ob\u010dianske zdru\u017eenie <b data-path-to-node=\"1\" data-index-in-node=\"181\">Kr\u00ed\u017eom-Krasom<\/b> na unik\u00e1tny v\u00fdlet, ktor\u00fd odha\u013euje osudy \u013eud\u00ed ods\u00faden\u00fdch na smr\u0165 na rozhran\u00ed <b data-path-to-node=\"1\" data-index-in-node=\"271\">Ko\u0161ickej kotliny<\/b> a <b data-path-to-node=\"1\" data-index-in-node=\"290\">Slovensk\u00e9ho krasu<\/b>. Pr\u00e1ve tu, na starobyl\u00fdch <b data-path-to-node=\"1\" data-index-in-node=\"334\">kr\u00ed\u017enych cest\u00e1ch<\/b>, sa e\u0161te koncom 18. storo\u010dia t\u00fd\u010dil n\u00e1stroj spravodlivosti, kde pod \u00fap\u00e4t\u00edm monument\u00e1lnej <b data-path-to-node=\"1\" data-index-in-node=\"439\">krasovej planiny<\/b> prich\u00e1dzali o \u017eivot <b data-path-to-node=\"1\" data-index-in-node=\"476\">ods\u00fadenci<\/b>. Lokalita bola zvolen\u00e1 z\u00e1merne \u010faleko od \u013eudsk\u00fdch obydl\u00ed, preto\u017ee v minulosti sa <b data-path-to-node=\"1\" data-index-in-node=\"567\">\u0161ibenice<\/b> situovali na samotn\u00fd okraj administrat\u00edvnej jednotky, \u010d\u00edm sa zv\u00fdraz\u0148ovala izol\u00e1cia zatraten\u00fdch.<\/p>\n<h2 data-path-to-node=\"3\"><span style=\"color: #800000;\">\u010co bolo to posledn\u00e9, \u010do ods\u00fadenci videli pred smr\u0165ou?<\/span><\/h2>\n<p data-path-to-node=\"4\">Pri n\u00e1v\u0161teve tohto miesta si uvedom\u00edte, \u017ee ich posledn\u00fd poh\u013ead pred koncom spo\u010dinul na nekone\u010dnej <b data-path-to-node=\"4\" data-index-in-node=\"98\">ba\u017einatej rovine Berek<\/b> a na strmo vystupuj\u00facej <b data-path-to-node=\"4\" data-index-in-node=\"145\">krasovej str\u00e1ni<\/b>, ktor\u00fa dnes pozn\u00e1me ako <b data-path-to-node=\"4\" data-index-in-node=\"185\">Urb\u00e1rsky les<\/b>. Historick\u00fa autenticitu miesta umoc\u0148uje fakt, \u017ee a\u017e do ned\u00e1vnych \u010dias tu existovala <b data-path-to-node=\"4\" data-index-in-node=\"282\">historick\u00e1 m\u0155tvoln\u00e1 jama<\/b>, sl\u00fa\u017eiaca ako posledn\u00e9 miesto odpo\u010dinku pre ostatky popraven\u00fdch. Hoci odborn\u00fd <b data-path-to-node=\"4\" data-index-in-node=\"385\">prieskum lokality<\/b> doposia\u013e nebol zrealizovan\u00fd, v odborn\u00fdch kruhoch sa o jeho uskuto\u010dnen\u00ed v\u00e1\u017ene uva\u017euje.<\/p>\n<h2 data-path-to-node=\"6\"><span style=\"color: #800000;\">Ak\u00e9 unik\u00e1tne lokality nav\u0161t\u00edvime po\u010das tejto ter\u00e9nnej exkurzie?<\/span><\/h2>\n<p data-path-to-node=\"7\">V r\u00e1mci tejto netradi\u010dnej a mierne <b data-path-to-node=\"7\" data-index-in-node=\"35\">morb\u00eddnej ter\u00e9nnej exkurzie<\/b> spolo\u010dne nav\u0161t\u00edvime autentick\u00e9 <b data-path-to-node=\"7\" data-index-in-node=\"94\">historick\u00e9 miesta<\/b> aj jednu \u0161peci\u00e1lnu lokalitu. P\u00f4jde o nen\u00e1padn\u00fd \u201ekop\u010dok\u201c tvoren\u00fd <b data-path-to-node=\"7\" data-index-in-node=\"176\">paleog\u00e9nnymi jazern\u00fdmi v\u00e1pencami<\/b>, na ktorom pred mnoh\u00fdmi st\u00e1ro\u010diami st\u00e1la <b data-path-to-node=\"7\" data-index-in-node=\"250\">historick\u00e1 kaplnka<\/b>, a pod\u013ea niektor\u00fdch ind\u00edci\u00ed mo\u017eno aj <b data-path-to-node=\"7\" data-index-in-node=\"306\">kostol\u00edk<\/b>. T\u00e1to zast\u00e1vka pon\u00faka fascinuj\u00faci poh\u013ead na sakr\u00e1lnu architekt\u00faru v kontraste s tragick\u00fdm v\u00fdznamom okolitej krajiny.<\/p>\n<h2 data-path-to-node=\"9\"><span style=\"color: #800000;\">Existuje paralela medzi popravami v kraji a v meste Ko\u0161ice?<\/span><\/h2>\n<p data-path-to-node=\"10\">\u00c1no, je zauj\u00edmav\u00e9 doda\u0165, \u017ee v <b data-path-to-node=\"10\" data-index-in-node=\"30\">Ko\u0161iciach<\/b> v 17. storo\u010d\u00ed bolo <b data-path-to-node=\"10\" data-index-in-node=\"59\">poprav\u010die miesto<\/b> situovan\u00e9 na identickom princ\u00edpe. Nach\u00e1dzalo sa \u010faleko za historick\u00fdmi br\u00e1nami mesta na <b data-path-to-node=\"10\" data-index-in-node=\"164\">\u0160ibenom vrchu<\/b>, \u010do s\u00fa dne\u0161n\u00e9 <b data-path-to-node=\"10\" data-index-in-node=\"192\">\u017delezn\u00edky<\/b>. Na tomto pol miliardy rokov starom <b data-path-to-node=\"10\" data-index-in-node=\"238\">rulovom kopci<\/b> s n\u00e1zvom <b data-path-to-node=\"10\" data-index-in-node=\"261\">Gerricht<\/b> alebo <b data-path-to-node=\"10\" data-index-in-node=\"276\">Akaszt\u00f3<\/b>, vo v\u00fd\u0161ke 233,9 metra nad morom, kon\u010dili \u017eivoty ods\u00faden\u00fdch po vynesen\u00ed hrdeln\u00e9ho rozsudku.<\/p>\n<h2 data-path-to-node=\"12\"><span style=\"color: #800000;\">Ako prebiehali popravy v 17. storo\u010d\u00ed pod\u013ea dobov\u00fdch svedectiev?<\/span><\/h2>\n<p data-path-to-node=\"13\">O tom, ako presne prebiehal v\u00fdkon trestu v \u0161es\u0165desiatych rokoch 17. storo\u010dia, n\u00e1m zanechal svedectvo <b data-path-to-node=\"13\" data-index-in-node=\"101\">Daniel Speer<\/b>. Tento sliezsky hudobn\u00edk a b\u00fdval\u00fd <b data-path-to-node=\"13\" data-index-in-node=\"148\">truba\u010d v protitureckom vojsku<\/b> pop\u00edsal udalosti ve\u013emi naturalisticky, a\u017e nadmieru detailne. O v\u0161etk\u00fdch t\u00fdchto historick\u00fdch s\u00favislostiach si podrobne porozpr\u00e1vame priamo na na\u0161ej <b data-path-to-node=\"13\" data-index-in-node=\"325\">exkurzii<\/b>, na ktor\u00fa v\u00e1s srde\u010dne poz\u00fdvame.<\/p>\n<h2 data-path-to-node=\"15\"><span style=\"color: #800000;\">Ak\u00e9 s\u00fa organiza\u010dn\u00e9 pokyny pre \u00fa\u010dastn\u00edkov v\u00fdletu?<\/span><\/h2>\n<p data-path-to-node=\"16\">Na\u0161e stretnutie je napl\u00e1novan\u00e9 na <b data-path-to-node=\"16\" data-index-in-node=\"34\">9:00 hod.<\/b> na po\u013enej ceste vpravo, pri ceste smeruj\u00facej do obce <b data-path-to-node=\"16\" data-index-in-node=\"97\">H\u00e1j<\/b>. Poplatok za \u00fa\u010das\u0165 je stanoven\u00fd na <b data-path-to-node=\"16\" data-index-in-node=\"136\">10 eur pre dospel\u00fdch<\/b> a <b data-path-to-node=\"16\" data-index-in-node=\"159\">5 eur pre \u0161tudentov a seniorov<\/b>. Upozor\u0148ujeme, \u017ee \u00fa\u010das\u0165 na podujat\u00ed je na <b data-path-to-node=\"16\" data-index-in-node=\"232\">vlastn\u00fa zodpovednos\u0165<\/b>. Z\u00e1rove\u0148 v\u00e1s pros\u00edme, aby ste so sebou nebrali <b data-path-to-node=\"16\" data-index-in-node=\"300\">psov<\/b>, a vopred v\u00e1m \u010fakujeme za pochopenie tohto obmedzenia.<\/p>\n<h3 data-path-to-node=\"18\"><span style=\"color: #808000;\">Krvav\u00e1 stopa dej\u00edn: Pre\u010do s nami za\u017ei\u0165 temn\u00fd turizmus?<\/span><\/h3>\n<p data-path-to-node=\"19\">Tento v\u00fdlet v\u00e1m pon\u00fakne hlbok\u00fd <b data-path-to-node=\"19\" data-index-in-node=\"31\">emo\u010dn\u00fd z\u00e1\u017eitok<\/b> a vzdel\u00e1vanie v oblasti, o ktorej sa v be\u017en\u00fdch turistick\u00fdch sprievodcoch nedo\u010d\u00edtate. Z\u00edskate pr\u00edstup k <b data-path-to-node=\"19\" data-index-in-node=\"149\">odborn\u00e9mu v\u00fdkladu<\/b> o trestnom pr\u00e1ve na\u0161ich predkov a uvid\u00edte miesta, ktor\u00e9 formovali region\u00e1lnu hist\u00f3riu. Prepojenie <b data-path-to-node=\"19\" data-index-in-node=\"265\">geol\u00f3gie Slovensk\u00e9ho krasu<\/b> s historick\u00fdmi udalos\u0165ami vytv\u00e1ra unik\u00e1tny kontext pre ka\u017ed\u00e9ho milovn\u00edka faktov. Od\u00eddete s nov\u00fdm poh\u013eadom na krajinu, ktor\u00fa ste doteraz vn\u00edmali len ako pr\u00edrodn\u00fa scen\u00e9riu, a pochop\u00edte <b data-path-to-node=\"19\" data-index-in-node=\"475\">kult\u00farny v\u00fdznam<\/b> miesta v\u00fdkonu spravodlivosti. Je to jedine\u010dn\u00e1 pr\u00edle\u017eitos\u0165 sta\u0165 sa na chv\u00ed\u013eu s\u00fa\u010das\u0165ou <b data-path-to-node=\"19\" data-index-in-node=\"576\">historick\u00e9ho detekt\u00edvneho p\u00e1trania<\/b> v ter\u00e9ne.<\/p>\n<p data-path-to-node=\"19\"><strong>Viac info:<\/strong> <a href=\"https:\/\/www.facebook.com\/www.krizomkrasom.sk\" target=\"_blank\" rel=\"noopener\">https:\/\/www.facebook.com\/www.krizomkrasom.sk<\/a><\/p>\n<hr \/>\n<figure id=\"attachment_29880\" aria-describedby=\"caption-attachment-29880\" style=\"width: 900px\" class=\"wp-caption aligncenter\"><a href=\"https:\/\/www.slovensky-kras.eu\/info\/wp-content\/uploads\/2026\/04\/planina-vylet.jpg\"><img loading=\"lazy\" decoding=\"async\" class=\"wp-image-29880\" src=\"https:\/\/www.slovensky-kras.eu\/info\/wp-content\/uploads\/2026\/04\/planina-vylet.jpg\" alt=\"K \u0161ibenici pod planinou\" width=\"900\" height=\"557\" srcset=\"https:\/\/www.slovensky-kras.eu\/info\/wp-content\/uploads\/2026\/04\/planina-vylet.jpg 2048w, https:\/\/www.slovensky-kras.eu\/info\/wp-content\/uploads\/2026\/04\/planina-vylet-800x495.jpg 800w, https:\/\/www.slovensky-kras.eu\/info\/wp-content\/uploads\/2026\/04\/planina-vylet-1024x634.jpg 1024w, https:\/\/www.slovensky-kras.eu\/info\/wp-content\/uploads\/2026\/04\/planina-vylet-768x475.jpg 768w, https:\/\/www.slovensky-kras.eu\/info\/wp-content\/uploads\/2026\/04\/planina-vylet-1536x950.jpg 1536w\" sizes=\"auto, (max-width: 900px) 100vw, 900px\" \/><\/a><figcaption id=\"caption-attachment-29880\" class=\"wp-caption-text\">K \u0161ibenici pod planinou<\/figcaption><\/figure>\n","protected":false},"excerpt":{"rendered":"<p>Pre\u010do sa vyda\u0165 na v\u00fdlet K \u0161ibenici pod planinou a odhali\u0165 temn\u00e9 tajomstv\u00e1 hist\u00f3rie? Zabudnite na f\u00e1dne prech\u00e1dzky a pripravte sa na mraziv\u00fd dotyk dej\u00edn, ktor\u00fd poc\u00edtite priamo v ter\u00e9ne [&hellip;]<\/p>\n","protected":false},"author":1,"featured_media":29880,"comment_status":"closed","ping_status":"closed","sticky":false,"template":"","format":"standard","meta":{"_uag_custom_page_level_css":"","footnotes":""},"categories":[1,321],"tags":[],"class_list":["post-29878","post","type-post","status-publish","format-standard","has-post-thumbnail","hentry","category-aktuality","category-vylety-a-turistika"],"featured_image_src":"https:\/\/www.slovensky-kras.eu\/info\/wp-content\/uploads\/2026\/04\/planina-vylet.jpg","featured_image_src_square":"https:\/\/www.slovensky-kras.eu\/info\/wp-content\/uploads\/2026\/04\/planina-vylet.jpg","author_info":{"display_name":"admin","author_link":"https:\/\/www.slovensky-kras.eu\/info\/author\/admin\/"},"rbea_author_info":{"display_name":"admin","author_link":"https:\/\/www.slovensky-kras.eu\/info\/author\/admin\/"},"rbea_excerpt_info":"Pre\u010do sa vyda\u0165 na v\u00fdlet K \u0161ibenici pod planinou a odhali\u0165 temn\u00e9 tajomstv\u00e1 hist\u00f3rie? Zabudnite na f\u00e1dne prech\u00e1dzky a pripravte sa na mraziv\u00fd dotyk dej\u00edn, ktor\u00fd poc\u00edtite priamo v ter\u00e9ne [&hellip;]","category_list":"<a href=\"https:\/\/www.slovensky-kras.eu\/info\/domov\/aktuality\/\" rel=\"category tag\">Aktuality<\/a>, <a href=\"https:\/\/www.slovensky-kras.eu\/info\/domov\/aktuality\/vylety-a-turistika\/\" rel=\"category tag\">V\u00fdlety a turistika<\/a>","comments_num":"0 comments","uagb_featured_image_src":{"full":["https:\/\/www.slovensky-kras.eu\/info\/wp-content\/uploads\/2026\/04\/planina-vylet.jpg",2048,1267,false],"thumbnail":["https:\/\/www.slovensky-kras.eu\/info\/wp-content\/uploads\/2026\/04\/planina-vylet-150x150.jpg",150,150,true],"medium":["https:\/\/www.slovensky-kras.eu\/info\/wp-content\/uploads\/2026\/04\/planina-vylet-800x495.jpg",800,495,true],"medium_large":["https:\/\/www.slovensky-kras.eu\/info\/wp-content\/uploads\/2026\/04\/planina-vylet-768x475.jpg",768,475,true],"large":["https:\/\/www.slovensky-kras.eu\/info\/wp-content\/uploads\/2026\/04\/planina-vylet-1024x634.jpg",1024,634,true],"1536x1536":["https:\/\/www.slovensky-kras.eu\/info\/wp-content\/uploads\/2026\/04\/planina-vylet-1536x950.jpg",1536,950,true],"2048x2048":["https:\/\/www.slovensky-kras.eu\/info\/wp-content\/uploads\/2026\/04\/planina-vylet.jpg",2048,1267,false]},"uagb_author_info":{"display_name":"admin","author_link":"https:\/\/www.slovensky-kras.eu\/info\/author\/admin\/"},"uagb_comment_info":0,"uagb_excerpt":"Pre\u010do sa vyda\u0165 na v\u00fdlet K \u0161ibenici pod planinou a odhali\u0165 temn\u00e9 tajomstv\u00e1 hist\u00f3rie? Zabudnite na f\u00e1dne prech\u00e1dzky a pripravte sa na mraziv\u00fd dotyk dej\u00edn, ktor\u00fd poc\u00edtite priamo v ter\u00e9ne [&hellip;]","_links":{"self":[{"href":"https:\/\/www.slovensky-kras.eu\/info\/wp-json\/wp\/v2\/posts\/29878","targetHints":{"allow":["GET"]}}],"collection":[{"href":"https:\/\/www.slovensky-kras.eu\/info\/wp-json\/wp\/v2\/posts"}],"about":[{"href":"https:\/\/www.slovensky-kras.eu\/info\/wp-json\/wp\/v2\/types\/post"}],"author":[{"embeddable":true,"href":"https:\/\/www.slovensky-kras.eu\/info\/wp-json\/wp\/v2\/users\/1"}],"replies":[{"embeddable":true,"href":"https:\/\/www.slovensky-kras.eu\/info\/wp-json\/wp\/v2\/comments?post=29878"}],"version-history":[{"count":2,"href":"https:\/\/www.slovensky-kras.eu\/info\/wp-json\/wp\/v2\/posts\/29878\/revisions"}],"predecessor-version":[{"id":29882,"href":"https:\/\/www.slovensky-kras.eu\/info\/wp-json\/wp\/v2\/posts\/29878\/revisions\/29882"}],"wp:featuredmedia":[{"embeddable":true,"href":"https:\/\/www.slovensky-kras.eu\/info\/wp-json\/wp\/v2\/media\/29880"}],"wp:attachment":[{"href":"https:\/\/www.slovensky-kras.eu\/info\/wp-json\/wp\/v2\/media?parent=29878"}],"wp:term":[{"taxonomy":"category","embeddable":true,"href":"https:\/\/www.slovensky-kras.eu\/info\/wp-json\/wp\/v2\/categories?post=29878"},{"taxonomy":"post_tag","embeddable":true,"href":"https:\/\/www.slovensky-kras.eu\/info\/wp-json\/wp\/v2\/tags?post=29878"}],"curies":[{"name":"wp","href":"https:\/\/api.w.org\/{rel}","templated":true}]}}