{"id":29812,"date":"2026-04-03T03:46:02","date_gmt":"2026-04-03T01:46:02","guid":{"rendered":"https:\/\/www.slovensky-kras.eu\/info\/?p=29812"},"modified":"2026-04-03T03:48:53","modified_gmt":"2026-04-03T01:48:53","slug":"ktore-jaskyne-slovenskeho-krasu-mozete-navstivit-po-zimnej-uzavere","status":"publish","type":"post","link":"https:\/\/www.slovensky-kras.eu\/info\/ktore-jaskyne-slovenskeho-krasu-mozete-navstivit-po-zimnej-uzavere\/","title":{"rendered":"Ktor\u00e9 jaskyne Slovensk\u00e9ho krasu m\u00f4\u017eete nav\u0161t\u00edvi\u0165 po zimnej uz\u00e1vere?"},"content":{"rendered":"<h2 data-path-to-node=\"2\"><span style=\"color: #800000;\">Ktor\u00e9 jaskyne Slovensk\u00e9ho krasu m\u00f4\u017eete nav\u0161t\u00edvi\u0165 po zimnej uz\u00e1vere?<\/span><\/h2>\n<p data-path-to-node=\"3\"><b data-path-to-node=\"3\" data-index-in-node=\"0\">Podzemn\u00e9 br\u00e1ny<\/b> v regi\u00f3ne <b data-path-to-node=\"3\" data-index-in-node=\"25\">Slovensk\u00fd kras<\/b> sa definit\u00edvne otv\u00e1raj\u00fa a my prin\u00e1\u0161ame odpove\u010f na ot\u00e1zku, kam vyrazi\u0165 po skon\u010den\u00ed zimnej pauzy. M\u00e1me pre v\u0161etk\u00fdch nad\u0161encov a <b data-path-to-node=\"3\" data-index-in-node=\"166\">milovn\u00edkov pr\u00edrody<\/b> skvel\u00fa spr\u00e1vu, preto\u017ee k zn\u00e1mej <b data-path-to-node=\"3\" data-index-in-node=\"217\">jaskyni Domica<\/b>, ktor\u00e1 svoju aktu\u00e1lnu sez\u00f3nu u\u017e \u00faspe\u0161ne od\u0161tartovala, sa od 1. apr\u00edla 2026 prid\u00e1vaj\u00fa \u010fal\u0161ie podzemn\u00e9 klenoty. Tieto unik\u00e1tne pr\u00edrodn\u00e9 \u00fatvary s\u00fa pr\u00e1vom zap\u00edsan\u00e9 v prest\u00ed\u017enom zozname svetov\u00e9ho dedi\u010dstva <b data-path-to-node=\"3\" data-index-in-node=\"433\">UNESCO<\/b>. Ak pr\u00e1ve teraz h\u013ead\u00e1te ide\u00e1lny <b data-path-to-node=\"3\" data-index-in-node=\"472\">tip na v\u00fdlet<\/b>, a to nielen po\u010das bl\u00ed\u017eiacich sa ve\u013ekono\u010dn\u00fdch sviatkov, podzemie tohto malebn\u00e9ho regi\u00f3nu v\u00e1s v \u017eiadnom pr\u00edpade nesklame.<\/p>\n<h2 data-path-to-node=\"4\"><span style=\"color: #800000;\">Na ktor\u00e9 konkr\u00e9tne miesta a jaskynn\u00e9 priestory sa m\u00f4\u017eete te\u0161i\u0165?<\/span><\/h2>\n<p data-path-to-node=\"5\">Va\u0161u pozornos\u0165 si zasl\u00fa\u017ei najm\u00e4 <b data-path-to-node=\"5\" data-index-in-node=\"32\">Gombaseck\u00e1 jasky\u0148a<\/b>, ktor\u00e1 je spr\u00e1vnou vo\u013ebou pre ka\u017ed\u00e9ho, kto t\u00fa\u017ei vidie\u0165 nie\u010do skuto\u010dne krehk\u00e9 a subt\u00edlne. T\u00e1to lokalita na \u00fap\u00e4t\u00ed <b data-path-to-node=\"5\" data-index-in-node=\"163\">Silickej planiny<\/b> je svetovo zn\u00e1ma svojimi unik\u00e1tnymi \u201ebr\u010dkami\u201c, \u010do s\u00fa tenu\u010dk\u00e9 <b data-path-to-node=\"5\" data-index-in-node=\"241\">sintrov\u00e9 trubi\u010dky<\/b> p\u00f4sobiace priam rozpr\u00e1vkov\u00fdm dojmom.<\/p>\n<p data-path-to-node=\"6\">\u010eal\u0161\u00edm l\u00e1kadlom je <b data-path-to-node=\"6\" data-index-in-node=\"19\">Jasovsk\u00e1 jasky\u0148a<\/b> situovan\u00e1 na okraji <b data-path-to-node=\"6\" data-index-in-node=\"56\">Jasovskej planiny<\/b>. T\u00e1to lokalita dr\u017e\u00ed v\u00fdznamn\u00fd slovensk\u00fd rekord, nako\u013eko ide o na\u0161u v\u00f4bec <b data-path-to-node=\"6\" data-index-in-node=\"146\">najstar\u0161iu spr\u00edstupnen\u00fa jasky\u0148u<\/b>. Okrem mimoriadne bohatej kvap\u013eovej v\u00fdzdoby d\u00fdcha toto miesto d\u00e1vnou hist\u00f3riou, ktor\u00fa pod\u010diarkuj\u00fa vz\u00e1cne <b data-path-to-node=\"6\" data-index-in-node=\"283\">archeologick\u00e9 n\u00e1lezy<\/b>.<\/p>\n<p data-path-to-node=\"7\">Opomen\u00fa\u0165 nesmieme ani <b data-path-to-node=\"7\" data-index-in-node=\"22\">Ochtinsk\u00fa aragonitov\u00fa jasky\u0148u<\/b>, ktor\u00e1 predstavuje skuto\u010dn\u00fd <b data-path-to-node=\"7\" data-index-in-node=\"80\">svetov\u00fd unik\u00e1t<\/b>. Namiesto klasick\u00fdch kvap\u013eov tu m\u00f4\u017eete obdivova\u0165 snehobiele <b data-path-to-node=\"7\" data-index-in-node=\"155\">aragonitov\u00e9 hviezdy<\/b> a trsy. Hoci sa geograficky nach\u00e1dza k\u00fasok ved\u013ea hran\u00edc n\u00e1rodn\u00e9ho parku, jej n\u00e1v\u0161teva predstavuje povinn\u00fa jazdu pre ka\u017ed\u00e9ho obdivovate\u013ea pr\u00edrodn\u00fdch vz\u00e1cnost\u00ed.<\/p>\n<h2 data-path-to-node=\"8\"><span style=\"color: #800000;\">Ak\u00e9 s\u00fa d\u00f4le\u017eit\u00e9 praktick\u00e9 inform\u00e1cie pred va\u0161ou cestou za poznan\u00edm?<\/span><\/h2>\n<p data-path-to-node=\"9\">P\u00fdtate sa, kedy je najvhodnej\u0161\u00ed \u010das vyrazi\u0165 za dobrodru\u017estvom? Vybran\u00e9 <b data-path-to-node=\"9\" data-index-in-node=\"71\">jaskyne<\/b> s\u00fa pre \u0161irok\u00fa verejnos\u0165 otvoren\u00e9 \u0161es\u0165 dn\u00ed v t\u00fd\u017edni, pri\u010dom v pondelok si jaskyniari aj samotn\u00e9 priestory dopraj\u00fa zasl\u00fa\u017een\u00fd oddych. Ak v\u00e1s zauj\u00edma, kde h\u013eada\u0165 presn\u00e9 detaily o vstupoch, odpor\u00fa\u010dame si \u010dasy a <b data-path-to-node=\"9\" data-index-in-node=\"285\">otv\u00e1racie hodiny<\/b> v\u017edy vopred preveri\u0165 na ofici\u00e1lnom webovom s\u00eddle <b data-path-to-node=\"9\" data-index-in-node=\"351\">Spr\u00e1vy slovensk\u00fdch jask\u00fd\u0148<\/b>.<\/p>\n<h2 data-path-to-node=\"10\"><span style=\"color: #800000;\">Ako m\u00f4\u017eeme spolo\u010dne chr\u00e1ni\u0165 tieto pr\u00edrodn\u00e9 poklady?<\/span><\/h2>\n<p data-path-to-node=\"11\">M\u00e1me na v\u00e1s jednu mal\u00fa prosbu na z\u00e1ver va\u0161ej n\u00e1v\u0161tevy. Aby tieto n\u00e1dhern\u00e9 a nenahradite\u013en\u00e9 priestory zostali v p\u00f4vodnom stave zachovan\u00e9 aj pre \u010fal\u0161ie gener\u00e1cie, pros\u00edme v\u00e1s o striktn\u00e9 <b data-path-to-node=\"11\" data-index-in-node=\"184\">dodr\u017eiavanie pokynov sprievodcov<\/b> a aktu\u00e1lneho n\u00e1v\u0161tevn\u00e9ho poriadku. Ver\u00edme, \u017ee sa v\u00e1m <b data-path-to-node=\"11\" data-index-in-node=\"270\">divok\u00e1 pr\u00edroda<\/b> za tento oh\u013eadupln\u00fd pr\u00edstup odv\u010fa\u010d\u00ed svojou neopakovate\u013enou a magickou atmosf\u00e9rou. Pr\u00ed\u010fte na\u010derpa\u0165 nov\u00fa energiu do tajupln\u00fdch hlb\u00edn zeme a objavte skuto\u010dn\u00e9 \u010daro, ktor\u00e9 pon\u00faka <b data-path-to-node=\"11\" data-index-in-node=\"459\">Slovensk\u00fd kras<\/b>.<\/p>\n<h2 data-path-to-node=\"13\"><span style=\"color: #800000;\">Pre\u010do sa oplat\u00ed zost\u00fapi\u0165 do hlb\u00edn slovensk\u00e9ho podzemia?<\/span><\/h2>\n<p data-path-to-node=\"14\">N\u00e1v\u0161teva podzemn\u00fdch priestorov pon\u00faka unik\u00e1tnu formu <b data-path-to-node=\"14\" data-index-in-node=\"53\">ment\u00e1lneho re\u0161tartu<\/b>, kde v\u00e1s absol\u00fatne ticho a stabiln\u00e1 kl\u00edma dokonale izoluj\u00fa od ka\u017edodenn\u00e9ho stresu. Okrem estetick\u00e9ho z\u00e1\u017eitku z geomorfologick\u00fdch \u00fatvarov z\u00edskate hlbok\u00e9 vedomosti o <b data-path-to-node=\"14\" data-index-in-node=\"237\">geologickom v\u00fdvoji<\/b> na\u0161ej plan\u00e9ty priamo v ter\u00e9ne. Stabiln\u00e1 teplota a vlhkos\u0165 vzduchu v priestoroch maj\u00fa navy\u0161e priazniv\u00fd vplyv na d\u00fdchacie cesty, \u010do ocenia najm\u00e4 alergici. Podporou t\u00fdchto lokal\u00edt priamo prispievate k udr\u017eate\u013en\u00e9mu turizmu a ochrane <b data-path-to-node=\"14\" data-index-in-node=\"485\">svetov\u00e9ho dedi\u010dstva<\/b>, ktor\u00e9 je p\u00fdchou Slovenska. Ka\u017ed\u00e1 prehliadka so sk\u00fasen\u00fdm sprievodcom v\u00e1m odhal\u00ed s\u00favislosti, ktor\u00e9 v be\u017en\u00fdch turistick\u00fdch map\u00e1ch nikdy nen\u00e1jdete.<\/p>\n<p data-path-to-node=\"14\"><strong>Viac info:<\/strong> <a href=\"https:\/\/www.ssj.sk\/sk\" target=\"_blank\" rel=\"noopener\">https:\/\/www.ssj.sk\/sk<\/a><\/p>\n<hr \/>\n<div id=\"metaslider-id-3468\" style=\"max-width: 800px; margin: 0 auto;\" class=\"ml-slider-3-108-0 metaslider metaslider-flex metaslider-3468 ml-slider ms-theme-default nav-hidden\" role=\"region\" aria-label=\"Jasky\u0148a Domica\" data-height=\"250\" data-width=\"800\">\n    <div id=\"metaslider_container_3468\">\n        <div id=\"metaslider_3468\" class=\"flexslider\">\n            <ul class='slides'>\n                <li style=\"display: block; width: 100%;\" class=\"slide-21342 ms-image \" aria-roledescription=\"slide\" data-date=\"2021-12-15 10:35:54\" data-filename=\"domica-jaskyna1-800x250.jpg\" data-slide-type=\"image\"><a href=\"http:\/\/www.slovensky-kras.eu\/info\/jaskyne-a-priepasti\/jaskyna-domica\/\" target=\"_self\" aria-label=\"View Slide Details\" class=\"metaslider_image_link\"><img loading=\"lazy\" decoding=\"async\" src=\"https:\/\/www.slovensky-kras.eu\/info\/wp-content\/uploads\/2021\/12\/domica-jaskyna1-800x250.jpg\" height=\"250\" width=\"800\" alt=\"Jasky\u0148a Domica\" class=\"slider-3468 slide-21342 msDefaultImage\" title=\"domica jaskyna1\" \/><\/a><div class=\"caption-wrap\"><div class=\"caption\"><b><a href=\"http:\/\/www.slovensky-kras.eu\/info\/jaskyne-a-priepasti\/jaskyna-domica\/\"><span style=\"color:#FFFF00;\">Jasky\u0148a Domica<\/span><\/a><\/b><\/div><\/div><\/li>\n            <\/ul>\n        <\/div>\n        \n    <\/div>\n<\/div>\n<div id=\"metaslider-id-3473\" style=\"max-width: 800px; margin: 0 auto;\" class=\"ml-slider-3-108-0 metaslider metaslider-flex metaslider-3473 ml-slider ms-theme-default nav-hidden nav-hidden\" role=\"region\" aria-label=\"Gombaseck\u00e1 jasky\u0148a\" data-height=\"250\" data-width=\"800\">\n    <div id=\"metaslider_container_3473\">\n        <div id=\"metaslider_3473\" class=\"flexslider\">\n            <ul class='slides'>\n                <li style=\"display: block; width: 100%;\" class=\"slide-21355 ms-image \" aria-roledescription=\"slide\" data-date=\"2021-12-15 10:57:54\" data-filename=\"gombasecka-jaskyna1-800x250.jpg\" data-slide-type=\"image\"><a href=\"http:\/\/www.slovensky-kras.eu\/info\/jaskyne-a-priepasti\/gombasecka-jaskyna\/\" target=\"_self\" aria-label=\"View Slide Details\" class=\"metaslider_image_link\"><img loading=\"lazy\" decoding=\"async\" src=\"https:\/\/www.slovensky-kras.eu\/info\/wp-content\/uploads\/2021\/12\/gombasecka-jaskyna1-800x250.jpg\" height=\"250\" width=\"800\" alt=\"Gombaseck\u00e1 jasky\u0148a\" class=\"slider-3473 slide-21355 msDefaultImage\" title=\"gombasecka jaskyna1\" \/><\/a><div class=\"caption-wrap\"><div class=\"caption\"><b><a href=\"http:\/\/www.slovensky-kras.eu\/info\/jaskyne-a-priepasti\/gombasecka-jaskyna\/\"><span style=\"color:#FFFF00;\">Gombaseck\u00e1 jasky\u0148a<\/span><\/a><\/b><\/div><\/div><\/li>\n            <\/ul>\n        <\/div>\n        \n    <\/div>\n<\/div>\n<div id=\"metaslider-id-3524\" style=\"max-width: 800px; margin: 0 auto;\" class=\"ml-slider-3-108-0 metaslider metaslider-flex metaslider-3524 ml-slider ms-theme-default nav-hidden nav-hidden nav-hidden\" role=\"region\" aria-label=\"Jasovska\" data-height=\"250\" data-width=\"800\">\n    <div id=\"metaslider_container_3524\">\n        <div id=\"metaslider_3524\" class=\"flexslider\">\n            <ul class='slides'>\n                <li style=\"display: block; width: 100%;\" class=\"slide-3525 ms-image \" aria-roledescription=\"slide\" data-date=\"2014-04-18 07:23:15\" data-filename=\"jasov1-667x208.jpg\" data-slide-type=\"image\"><a href=\"http:\/\/www.slovensky-kras.eu\/info\/jaskyne-a-priepasti\/jasovska-jaskyna\/\" target=\"_self\" aria-label=\"View Slide Details\" class=\"metaslider_image_link\"><img loading=\"lazy\" decoding=\"async\" src=\"https:\/\/www.slovensky-kras.eu\/info\/wp-content\/uploads\/2014\/04\/jasov1-667x208.jpg\" height=\"250\" width=\"800\" alt=\"Spr\u00edstupnen\u00e1 jasky\u0148a. Dosahuje d\u013a\u017eku 2811 m a vertik\u00e1lne rozp\u00e4tie 55 m.\" class=\"slider-3524 slide-3525 msDefaultImage\" title=\"Spr\u00edstupnen\u00e1 jasky\u0148a. Dosahuje d\u013a\u017eku 2811 m a vertik\u00e1lne rozp\u00e4tie 55 m.\" \/><\/a><div class=\"caption-wrap\"><div class=\"caption\"><b><a href=\"http:\/\/www.slovensky-kras.eu\/info\/jaskyne-a-priepasti\/jasovska-jaskyna\/\"><span style=\"color:#FFFF00;\">Jasovsk\u00e1 jasky\u0148a<\/span><\/a><\/b><\/div><\/div><\/li>\n            <\/ul>\n        <\/div>\n        \n    <\/div>\n<\/div>\n<div id=\"metaslider-id-3549\" style=\"max-width: 800px; margin: 0 auto;\" class=\"ml-slider-3-108-0 metaslider metaslider-flex metaslider-3549 ml-slider ms-theme-default nav-hidden nav-hidden nav-hidden nav-hidden\" role=\"region\" aria-label=\"Ochtinsk\u00e1 aragonitov\u00e1 jasky\u0148a\" data-height=\"250\" data-width=\"800\">\n    <div id=\"metaslider_container_3549\">\n        <div id=\"metaslider_3549\" class=\"flexslider\">\n            <ul class='slides'>\n                <li style=\"display: block; width: 100%;\" class=\"slide-21559 ms-image \" aria-roledescription=\"slide\" data-date=\"2021-12-16 14:50:17\" data-filename=\"ochtinska4-800x250.jpg\" data-slide-type=\"image\"><a href=\"https:\/\/www.slovensky-kras.eu\/info\/jaskyne-a-priepasti\/ochtinska-aragonitova-jaskyna\/\" target=\"_self\" aria-label=\"View Slide Details\" class=\"metaslider_image_link\"><img loading=\"lazy\" decoding=\"async\" src=\"https:\/\/www.slovensky-kras.eu\/info\/wp-content\/uploads\/2020\/06\/ochtinska4-800x250.jpg\" height=\"250\" width=\"800\" alt=\"Ochtinsk\u00e1 aragonitov\u00e1 jasky\u0148a\" class=\"slider-3549 slide-21559 msDefaultImage\" title=\"ochtinska4\" \/><\/a><div class=\"caption-wrap\"><div class=\"caption\"><b><a href=\"https:\/\/www.slovensky-kras.eu\/info\/jaskyne-a-priepasti\/ochtinska-aragonitova-jaskyna\/\"><span style=\"color:#FFFF00;\">Ochtinsk\u00e1 aragonitov\u00e1 jasky\u0148a<\/span><\/a><\/b><\/div><\/div><\/li>\n            <\/ul>\n        <\/div>\n        \n    <\/div>\n<\/div>\n<hr \/>\n<figure id=\"attachment_29561\" aria-describedby=\"caption-attachment-29561\" style=\"width: 900px\" class=\"wp-caption aligncenter\"><a href=\"https:\/\/www.slovensky-kras.eu\/info\/wp-content\/uploads\/2026\/03\/domica.jpeg\"><img loading=\"lazy\" decoding=\"async\" class=\"wp-image-29561\" src=\"https:\/\/www.slovensky-kras.eu\/info\/wp-content\/uploads\/2026\/03\/domica.jpeg\" alt=\"Domica\" width=\"900\" height=\"502\" srcset=\"https:\/\/www.slovensky-kras.eu\/info\/wp-content\/uploads\/2026\/03\/domica.jpeg 1376w, https:\/\/www.slovensky-kras.eu\/info\/wp-content\/uploads\/2026\/03\/domica-800x447.jpeg 800w, https:\/\/www.slovensky-kras.eu\/info\/wp-content\/uploads\/2026\/03\/domica-1024x572.jpeg 1024w, https:\/\/www.slovensky-kras.eu\/info\/wp-content\/uploads\/2026\/03\/domica-768x429.jpeg 768w\" sizes=\"auto, (max-width: 900px) 100vw, 900px\" \/><\/a><figcaption id=\"caption-attachment-29561\" class=\"wp-caption-text\">Domica<\/figcaption><\/figure>\n","protected":false},"excerpt":{"rendered":"<p>Ktor\u00e9 jaskyne Slovensk\u00e9ho krasu m\u00f4\u017eete nav\u0161t\u00edvi\u0165 po zimnej uz\u00e1vere? Podzemn\u00e9 br\u00e1ny v regi\u00f3ne Slovensk\u00fd kras sa definit\u00edvne otv\u00e1raj\u00fa a my prin\u00e1\u0161ame odpove\u010f na ot\u00e1zku, kam vyrazi\u0165 po skon\u010den\u00ed zimnej pauzy. [&hellip;]<\/p>\n","protected":false},"author":1,"featured_media":29561,"comment_status":"closed","ping_status":"closed","sticky":false,"template":"","format":"standard","meta":{"_uag_custom_page_level_css":"","footnotes":""},"categories":[1,316],"tags":[],"class_list":["post-29812","post","type-post","status-publish","format-standard","has-post-thumbnail","hentry","category-aktuality","category-spristupnene-jaskyne"],"featured_image_src":"https:\/\/www.slovensky-kras.eu\/info\/wp-content\/uploads\/2026\/03\/domica.jpeg","featured_image_src_square":"https:\/\/www.slovensky-kras.eu\/info\/wp-content\/uploads\/2026\/03\/domica.jpeg","author_info":{"display_name":"admin","author_link":"https:\/\/www.slovensky-kras.eu\/info\/author\/admin\/"},"rbea_author_info":{"display_name":"admin","author_link":"https:\/\/www.slovensky-kras.eu\/info\/author\/admin\/"},"rbea_excerpt_info":"Ktor\u00e9 jaskyne Slovensk\u00e9ho krasu m\u00f4\u017eete nav\u0161t\u00edvi\u0165 po zimnej uz\u00e1vere? Podzemn\u00e9 br\u00e1ny v regi\u00f3ne Slovensk\u00fd kras sa definit\u00edvne otv\u00e1raj\u00fa a my prin\u00e1\u0161ame odpove\u010f na ot\u00e1zku, kam vyrazi\u0165 po skon\u010den\u00ed zimnej pauzy. [&hellip;]","category_list":"<a href=\"https:\/\/www.slovensky-kras.eu\/info\/domov\/aktuality\/\" rel=\"category tag\">Aktuality<\/a>, <a href=\"https:\/\/www.slovensky-kras.eu\/info\/domov\/aktuality\/spristupnene-jaskyne\/\" rel=\"category tag\">Spr\u00edstupnen\u00e9 jaskyne<\/a>","comments_num":"0 comments","uagb_featured_image_src":{"full":["https:\/\/www.slovensky-kras.eu\/info\/wp-content\/uploads\/2026\/03\/domica.jpeg",1376,768,false],"thumbnail":["https:\/\/www.slovensky-kras.eu\/info\/wp-content\/uploads\/2026\/03\/domica-150x150.jpeg",150,150,true],"medium":["https:\/\/www.slovensky-kras.eu\/info\/wp-content\/uploads\/2026\/03\/domica-800x447.jpeg",800,447,true],"medium_large":["https:\/\/www.slovensky-kras.eu\/info\/wp-content\/uploads\/2026\/03\/domica-768x429.jpeg",768,429,true],"large":["https:\/\/www.slovensky-kras.eu\/info\/wp-content\/uploads\/2026\/03\/domica-1024x572.jpeg",1024,572,true],"1536x1536":["https:\/\/www.slovensky-kras.eu\/info\/wp-content\/uploads\/2026\/03\/domica.jpeg",1376,768,false],"2048x2048":["https:\/\/www.slovensky-kras.eu\/info\/wp-content\/uploads\/2026\/03\/domica.jpeg",1376,768,false]},"uagb_author_info":{"display_name":"admin","author_link":"https:\/\/www.slovensky-kras.eu\/info\/author\/admin\/"},"uagb_comment_info":0,"uagb_excerpt":"Ktor\u00e9 jaskyne Slovensk\u00e9ho krasu m\u00f4\u017eete nav\u0161t\u00edvi\u0165 po zimnej uz\u00e1vere? Podzemn\u00e9 br\u00e1ny v regi\u00f3ne Slovensk\u00fd kras sa definit\u00edvne otv\u00e1raj\u00fa a my prin\u00e1\u0161ame odpove\u010f na ot\u00e1zku, kam vyrazi\u0165 po skon\u010den\u00ed zimnej pauzy. [&hellip;]","_links":{"self":[{"href":"https:\/\/www.slovensky-kras.eu\/info\/wp-json\/wp\/v2\/posts\/29812","targetHints":{"allow":["GET"]}}],"collection":[{"href":"https:\/\/www.slovensky-kras.eu\/info\/wp-json\/wp\/v2\/posts"}],"about":[{"href":"https:\/\/www.slovensky-kras.eu\/info\/wp-json\/wp\/v2\/types\/post"}],"author":[{"embeddable":true,"href":"https:\/\/www.slovensky-kras.eu\/info\/wp-json\/wp\/v2\/users\/1"}],"replies":[{"embeddable":true,"href":"https:\/\/www.slovensky-kras.eu\/info\/wp-json\/wp\/v2\/comments?post=29812"}],"version-history":[{"count":4,"href":"https:\/\/www.slovensky-kras.eu\/info\/wp-json\/wp\/v2\/posts\/29812\/revisions"}],"predecessor-version":[{"id":29816,"href":"https:\/\/www.slovensky-kras.eu\/info\/wp-json\/wp\/v2\/posts\/29812\/revisions\/29816"}],"wp:featuredmedia":[{"embeddable":true,"href":"https:\/\/www.slovensky-kras.eu\/info\/wp-json\/wp\/v2\/media\/29561"}],"wp:attachment":[{"href":"https:\/\/www.slovensky-kras.eu\/info\/wp-json\/wp\/v2\/media?parent=29812"}],"wp:term":[{"taxonomy":"category","embeddable":true,"href":"https:\/\/www.slovensky-kras.eu\/info\/wp-json\/wp\/v2\/categories?post=29812"},{"taxonomy":"post_tag","embeddable":true,"href":"https:\/\/www.slovensky-kras.eu\/info\/wp-json\/wp\/v2\/tags?post=29812"}],"curies":[{"name":"wp","href":"https:\/\/api.w.org\/{rel}","templated":true}]}}