{"id":29560,"date":"2026-03-18T06:31:24","date_gmt":"2026-03-18T05:31:24","guid":{"rendered":"https:\/\/www.slovensky-kras.eu\/info\/?p=29560"},"modified":"2026-03-18T06:31:48","modified_gmt":"2026-03-18T05:31:48","slug":"preco-su-slovenske-jaskyne-a-klenoty-slovenskeho-krasu-od-roku-2026-pre-turistov-este-atraktivnejsie","status":"publish","type":"post","link":"https:\/\/www.slovensky-kras.eu\/info\/preco-su-slovenske-jaskyne-a-klenoty-slovenskeho-krasu-od-roku-2026-pre-turistov-este-atraktivnejsie\/","title":{"rendered":"Pre\u010do s\u00fa slovensk\u00e9 jaskyne a klenoty Slovensk\u00e9ho krasu od roku 2026 pre turistov e\u0161te atrakt\u00edvnej\u0161ie?"},"content":{"rendered":"<figure id=\"attachment_29561\" aria-describedby=\"caption-attachment-29561\" style=\"width: 900px\" class=\"wp-caption aligncenter\"><a href=\"https:\/\/www.slovensky-kras.eu\/info\/wp-content\/uploads\/2026\/03\/domica.jpeg\"><img loading=\"lazy\" decoding=\"async\" class=\"wp-image-29561\" src=\"https:\/\/www.slovensky-kras.eu\/info\/wp-content\/uploads\/2026\/03\/domica.jpeg\" alt=\"Domica\" width=\"900\" height=\"502\" srcset=\"https:\/\/www.slovensky-kras.eu\/info\/wp-content\/uploads\/2026\/03\/domica.jpeg 1376w, https:\/\/www.slovensky-kras.eu\/info\/wp-content\/uploads\/2026\/03\/domica-800x447.jpeg 800w, https:\/\/www.slovensky-kras.eu\/info\/wp-content\/uploads\/2026\/03\/domica-1024x572.jpeg 1024w, https:\/\/www.slovensky-kras.eu\/info\/wp-content\/uploads\/2026\/03\/domica-768x429.jpeg 768w\" sizes=\"auto, (max-width: 900px) 100vw, 900px\" \/><\/a><figcaption id=\"caption-attachment-29561\" class=\"wp-caption-text\">Jasky\u0148a Domica<\/figcaption><\/figure>\n<hr data-path-to-node=\"3\" \/>\n<h2 data-path-to-node=\"1\"><span style=\"color: #800000;\">Koniec platenia za fotky v podzem\u00ed: Slovensk\u00e9 jaskyne a poklady Slovensk\u00e9ho krasu otv\u00e1raj\u00fa br\u00e1ny digit\u00e1lnej slobode!<\/span><\/h2>\n<p data-path-to-node=\"2\"><b data-path-to-node=\"2\" data-index-in-node=\"0\">Zabudnite na l\u00edstky za mobil v pe\u0148a\u017eenke a pripravte si h\u013ead\u00e1\u010diky \u2013 odteraz s\u00fa va\u0161e najkraj\u0161ie z\u00e1bery z hlb\u00edn Gemera a Abova \u00faplne zadarmo.<\/b> <b data-path-to-node=\"2\" data-index-in-node=\"140\">Slovensk\u00e9 jaskyne<\/b>, a to najm\u00e4 svetozn\u00e1me lokality ako <b data-path-to-node=\"2\" data-index-in-node=\"194\">Jasovsk\u00e1 jasky\u0148a<\/b>, <b data-path-to-node=\"2\" data-index-in-node=\"212\">Domica<\/b>, <b data-path-to-node=\"2\" data-index-in-node=\"220\">Gombaseck\u00e1 jasky\u0148a<\/b> \u010di <b data-path-to-node=\"2\" data-index-in-node=\"242\">Ochtinsk\u00e1 aragonitov\u00e1 jasky\u0148a<\/b>, prech\u00e1dzaj\u00fa revolu\u010dnou zmenou, ktor\u00e1 pote\u0161\u00ed ka\u017ed\u00e9ho milovn\u00edka pr\u00edrodn\u00fdch kr\u00e1s a digit\u00e1lnej fotografie.<\/p>\n<h2 data-path-to-node=\"4\"><span style=\"color: #800000;\">Ak\u00e9 novinky prin\u00e1\u0161aj\u00fa slovensk\u00e9 jaskyne pre fotografov od roku 2026?<\/span><\/h2>\n<p data-path-to-node=\"5\"><b data-path-to-node=\"5\" data-index-in-node=\"0\">Slovensko<\/b> sa m\u00f4\u017ee pochv\u00e1li\u0165 t\u00fdm, \u017ee n\u00e1v\u0161teva na\u0161ich <b data-path-to-node=\"5\" data-index-in-node=\"52\">podzemn\u00fdch unik\u00e1tov<\/b> je od tohto roku o nie\u010do <b data-path-to-node=\"5\" data-index-in-node=\"97\">lacnej\u0161ia<\/b> a z poh\u013eadu modern\u00fdch technol\u00f3gi\u00ed <b data-path-to-node=\"5\" data-index-in-node=\"141\">digit\u00e1lne bohat\u0161ia<\/b>. <b data-path-to-node=\"5\" data-index-in-node=\"161\">Spr\u00e1va slovensk\u00fdch jask\u00fd\u0148<\/b> vy\u0161la v \u00fastrety <b data-path-to-node=\"5\" data-index-in-node=\"203\">modern\u00fdm trendom<\/b> a od <b data-path-to-node=\"5\" data-index-in-node=\"225\">1. janu\u00e1ra 2026<\/b> definit\u00edvne <b data-path-to-node=\"5\" data-index-in-node=\"253\">zru\u0161ila poplatky<\/b> za <b data-path-to-node=\"5\" data-index-in-node=\"273\">fotografovanie<\/b> a <b data-path-to-node=\"5\" data-index-in-node=\"290\">filmovanie<\/b> po\u010das be\u017en\u00fdch prehliadok.<\/p>\n<p data-path-to-node=\"6\">Doteraj\u0161ia prax, kedy si n\u00e1v\u0161tevn\u00edci museli za mo\u017enos\u0165 vytiahnu\u0165 <b data-path-to-node=\"6\" data-index-in-node=\"65\">smartf\u00f3n<\/b> \u010di <b data-path-to-node=\"6\" data-index-in-node=\"77\">fotoapar\u00e1t<\/b> pripl\u00e1ca\u0165, je u\u017e viac ako dva mesiace minulos\u0165ou. Cie\u013eom tohto kroku je zv\u00fd\u0161i\u0165 <b data-path-to-node=\"6\" data-index-in-node=\"167\">komfort n\u00e1v\u0161tevn\u00edkov<\/b> a umo\u017eni\u0165 im <b data-path-to-node=\"6\" data-index-in-node=\"201\">intenz\u00edvnej\u0161ie vn\u00edma\u0165<\/b> kr\u00e1sy podzemnej pr\u00edrody bez zbyto\u010dnej <b data-path-to-node=\"6\" data-index-in-node=\"261\">byrokracie pri pokladniach<\/b>.<\/p>\n<h2 data-path-to-node=\"7\"><span style=\"color: #800000;\">Ktor\u00e9 unik\u00e1ty Slovensk\u00e9ho krasu m\u00f4\u017eete po novom foti\u0165 bezplatne?<\/span><\/h2>\n<p data-path-to-node=\"8\">Tento prelomov\u00fd krok sa priamo dot\u00fdka najv\u00fdznamnej\u0161\u00edch jask\u00fd\u0148 zap\u00edsan\u00fdch v zozname svetov\u00e9ho dedi\u010dstva <b data-path-to-node=\"8\" data-index-in-node=\"103\">UNESCO<\/b>, ktor\u00e9 robia <b data-path-to-node=\"8\" data-index-in-node=\"123\">Slovensk\u00fd kras<\/b> svetozn\u00e1mym. \u010co to znamen\u00e1 pre va\u0161e ob\u013e\u00faben\u00e9 ciele?<\/p>\n<ul data-path-to-node=\"9\">\n<li>\n<p data-path-to-node=\"9,0,0\"><a href=\"https:\/\/www.slovensky-kras.eu\/info\/jaskyne-a-priepasti\/jasovska-jaskyna\/\"><b data-path-to-node=\"9,0,0\" data-index-in-node=\"0\">Jasovsk\u00e1 jasky\u0148a<\/b><\/a>: Zve\u010dnite si fascinuj\u00facu <b data-path-to-node=\"10,0,0\" data-index-in-node=\"42\">sintrov\u00fa v\u00fdzdobu<\/b> a historick\u00e9 n\u00e1pisy v najstar\u0161ej spr\u00edstupnenej jaskyni na Slovensku bez ak\u00e9hoko\u013evek doplatku.<\/p>\n<\/li>\n<li>\n<p data-path-to-node=\"9,1,0\"><a href=\"https:\/\/www.slovensky-kras.eu\/info\/jaskyne-a-priepasti\/jaskyna-domica\/\"><b data-path-to-node=\"9,1,0\" data-index-in-node=\"0\">Jasky\u0148a Domica<\/b><\/a>: Zachy\u0165te magick\u00fa atmosf\u00e9ru plavby po rieke Styx a neolitick\u00e9 kresby, ktor\u00e9 s\u00fa p\u00fdchou n\u00e1\u0161ho regi\u00f3nu.<\/p>\n<\/li>\n<li>\n<p data-path-to-node=\"9,2,0\"><a href=\"https:\/\/www.slovensky-kras.eu\/info\/jaskyne-a-priepasti\/gombasecka-jaskyna\/\"><b data-path-to-node=\"9,2,0\" data-index-in-node=\"0\">Gombaseck\u00e1 jasky\u0148a<\/b><\/a>: Va\u0161e z\u00e1bery unik\u00e1tnych, tenk\u00fdch sintrov\u00fdch slamiek (br\u0155k) u\u017e nie s\u00fa spoplatnenou polo\u017ekou.<\/p>\n<\/li>\n<li>\n<p data-path-to-node=\"9,3,0\"><a href=\"https:\/\/www.slovensky-kras.eu\/info\/jaskyne-a-priepasti\/ochtinska-aragonitova-jaskyna\/\"><b data-path-to-node=\"9,3,0\" data-index-in-node=\"0\">Ochtinsk\u00e1 aragonitov\u00e1 jasky\u0148a<\/b><\/a>: Vyfo\u0165te si vz\u00e1cnu aragonitov\u00fa v\u00fdzdobu, ktor\u00e1 patr\u00ed medzi najv\u00e4\u010d\u0161ie <b data-path-to-node=\"9,3,0\" data-index-in-node=\"104\">pr\u00edrodn\u00e9 unik\u00e1ty<\/b> plan\u00e9ty, \u00faplne vo\u013ene.<\/p>\n<\/li>\n<\/ul>\n<h2 data-path-to-node=\"10\"><span style=\"color: #800000;\">\u010co znamen\u00e1 bezplatn\u00e9 fotografovanie v jaskyniach pre n\u00e1v\u0161tevn\u00edkov v praxi?<\/span><\/h2>\n<p data-path-to-node=\"11\">Hoci je <b data-path-to-node=\"11\" data-index-in-node=\"8\">zachyt\u00e1vanie z\u00e1\u017eitkov<\/b> po novom <b data-path-to-node=\"11\" data-index-in-node=\"39\">bezplatn\u00e9<\/b>, st\u00e1le platia pravidl\u00e1, ktor\u00e9 zabezpe\u010duj\u00fa <b data-path-to-node=\"11\" data-index-in-node=\"91\">plynulos\u0165<\/b> a <b data-path-to-node=\"11\" data-index-in-node=\"103\">bezpe\u010dnos\u0165<\/b> v jaskyniach:<\/p>\n<ul data-path-to-node=\"12\">\n<li>\n<p data-path-to-node=\"12,0,0\"><b data-path-to-node=\"12,0,0\" data-index-in-node=\"0\">\u017diadny \u010das navy\u0161e<\/b>: Harmonogram prehliadok zost\u00e1va nezmenen\u00fd. <b data-path-to-node=\"12,0,0\" data-index-in-node=\"61\">Fotografovanie<\/b> nesmie zdr\u017eiava\u0165 skupinu ani predl\u017eova\u0165 pobyt v <b data-path-to-node=\"12,0,0\" data-index-in-node=\"124\">podzem\u00ed<\/b>.<\/p>\n<\/li>\n<li>\n<p data-path-to-node=\"12,1,0\"><b data-path-to-node=\"12,1,0\" data-index-in-node=\"0\">Pokyny sprievodcov s\u00fa prvorad\u00e9<\/b>: N\u00e1v\u0161tevn\u00edci musia na\u010falej <b data-path-to-node=\"12,1,0\" data-index-in-node=\"58\">re\u0161pektova\u0165 nariadenia person\u00e1lu<\/b> (napr\u00edklad oh\u013eadom pou\u017e\u00edvania <b data-path-to-node=\"12,1,0\" data-index-in-node=\"121\">blesku<\/b> \u010di <b data-path-to-node=\"12,1,0\" data-index-in-node=\"131\">stat\u00edvov<\/b>, ktor\u00e9 m\u00f4\u017eu ru\u0161i\u0165 citliv\u00fd <b data-path-to-node=\"12,1,0\" data-index-in-node=\"166\">jaskynn\u00fd ekosyst\u00e9m<\/b>).<\/p>\n<\/li>\n<li>\n<p data-path-to-node=\"12,2,0\"><b data-path-to-node=\"12,2,0\" data-index-in-node=\"0\">Intenz\u00edvnej\u0161\u00ed z\u00e1\u017eitok<\/b>: Spr\u00e1va jask\u00fd\u0148 zd\u00f4raz\u0148uje, \u017ee cie\u013eom je, aby si \u013eudia odniesli nielen <b data-path-to-node=\"12,2,0\" data-index-in-node=\"92\">digit\u00e1lnu pamiatku<\/b>, ale najm\u00e4 hlbok\u00fd <b data-path-to-node=\"12,2,0\" data-index-in-node=\"129\">vizu\u00e1lny z\u00e1\u017eitok<\/b>.<\/p>\n<\/li>\n<\/ul>\n<h2 data-path-to-node=\"13\"><span style=\"color: #800000;\">Ako sa zmenila dostupnos\u0165 lokal\u00edt Slovensk\u00e9ho krasu po \u00faprave cenn\u00edka?<\/span><\/h2>\n<p data-path-to-node=\"14\"><b data-path-to-node=\"14\" data-index-in-node=\"0\">Zru\u0161enie tohto poplatku<\/b> je od za\u010diatku janu\u00e1ra v\u00edtan\u00fdm krokom vpred, ktor\u00fd zjednodu\u0161il <b data-path-to-node=\"14\" data-index-in-node=\"87\">cenn\u00edky<\/b> a urobil na\u0161e <b data-path-to-node=\"14\" data-index-in-node=\"109\">pr\u00edrodn\u00e9 unik\u00e1ty<\/b> dostupnej\u0161\u00edmi pre ka\u017ed\u00e9ho. Ak sa teda chyst\u00e1te na jarn\u00fd v\u00fdlet do niektorej zo <b data-path-to-node=\"14\" data-index-in-node=\"204\">spr\u00edstupnen\u00fdch jask\u00fd\u0148<\/b> v oblasti <b data-path-to-node=\"14\" data-index-in-node=\"236\">Gemer<\/b> a <b data-path-to-node=\"14\" data-index-in-node=\"244\">Abov<\/b>, v\u00e1\u0161 <b data-path-to-node=\"14\" data-index-in-node=\"254\">fotoapar\u00e1t<\/b> u\u017e nie je spoplatnenou polo\u017ekou, ale v\u00edtan\u00fdm spolo\u010dn\u00edkom.<\/p>\n<h2 data-path-to-node=\"16\"><span style=\"color: #800000;\">Pre\u010do si slovensk\u00e9 podzemie a jaskyne UNESCO teraz u\u017eijete e\u0161te viac<\/span><\/h2>\n<p data-path-to-node=\"17\"><em>T\u00e1to strategick\u00e1 zmena rob\u00ed zo <b data-path-to-node=\"17\" data-index-in-node=\"31\">Slovensk\u00e9ho krasu<\/b> absol\u00fatnu jednotku na mape dom\u00e1ceho cestovn\u00e9ho ruchu. Ke\u010f\u017ee <b data-path-to-node=\"17\" data-index-in-node=\"109\">slovensk\u00e9 jaskyne<\/b> ako <b data-path-to-node=\"17\" data-index-in-node=\"131\">Domica<\/b> \u010di <b data-path-to-node=\"17\" data-index-in-node=\"141\">Jasov<\/b> odstr\u00e1nili finan\u010dn\u00fa bari\u00e9ru pri foten\u00ed, m\u00f4\u017eete sa naplno odda\u0165 objavovaniu ich skryt\u00fdch z\u00e1kut\u00ed. Va\u0161e soci\u00e1lne siete sa zaplnia profesion\u00e1lne p\u00f4sobiacim obsahom, \u010d\u00edm priamo pom\u00e1hate propagova\u0165 kr\u00e1su n\u00e1\u0161ho regi\u00f3nu do cel\u00e9ho sveta. Je to v\u00fdhra pre turistu, ktor\u00fd u\u0161etr\u00ed, aj pre na\u0161e <b data-path-to-node=\"17\" data-index-in-node=\"427\">kult\u00farne dedi\u010dstvo<\/b>, ktor\u00e9 z\u00edska potrebn\u00fa pozornos\u0165. Nev\u00e1hajte a vyu\u017eite t\u00fato nov\u00fa slobodu na vytvorenie spomienok, ktor\u00e9 v\u00e1m v albume zostan\u00fa nav\u017edy a bez jedinej invest\u00edcie navy\u0161e.<\/em><\/p>\n<h2 data-path-to-node=\"2\"><span style=\"font-size: 16px;\">Viac info: <\/span><a style=\"font-size: 16px;\" href=\"https:\/\/www.ssj.sk\/\" target=\"_blank\" rel=\"noopener\">https:\/\/www.ssj.sk\/<\/a><\/h2>\n","protected":false},"excerpt":{"rendered":"<p>Koniec platenia za fotky v podzem\u00ed: Slovensk\u00e9 jaskyne a poklady Slovensk\u00e9ho krasu otv\u00e1raj\u00fa br\u00e1ny digit\u00e1lnej slobode! Zabudnite na l\u00edstky za mobil v pe\u0148a\u017eenke a pripravte si h\u013ead\u00e1\u010diky \u2013 odteraz s\u00fa [&hellip;]<\/p>\n","protected":false},"author":1,"featured_media":29561,"comment_status":"closed","ping_status":"closed","sticky":false,"template":"","format":"standard","meta":{"_uag_custom_page_level_css":"","footnotes":""},"categories":[1,317,316],"tags":[],"class_list":["post-29560","post","type-post","status-publish","format-standard","has-post-thumbnail","hentry","category-aktuality","category-prehliadky","category-spristupnene-jaskyne"],"featured_image_src":"https:\/\/www.slovensky-kras.eu\/info\/wp-content\/uploads\/2026\/03\/domica.jpeg","featured_image_src_square":"https:\/\/www.slovensky-kras.eu\/info\/wp-content\/uploads\/2026\/03\/domica.jpeg","author_info":{"display_name":"admin","author_link":"https:\/\/www.slovensky-kras.eu\/info\/author\/admin\/"},"rbea_author_info":{"display_name":"admin","author_link":"https:\/\/www.slovensky-kras.eu\/info\/author\/admin\/"},"rbea_excerpt_info":"Koniec platenia za fotky v podzem\u00ed: Slovensk\u00e9 jaskyne a poklady Slovensk\u00e9ho krasu otv\u00e1raj\u00fa br\u00e1ny digit\u00e1lnej slobode! Zabudnite na l\u00edstky za mobil v pe\u0148a\u017eenke a pripravte si h\u013ead\u00e1\u010diky \u2013 odteraz s\u00fa [&hellip;]","category_list":"<a href=\"https:\/\/www.slovensky-kras.eu\/info\/domov\/aktuality\/\" rel=\"category tag\">Aktuality<\/a>, <a href=\"https:\/\/www.slovensky-kras.eu\/info\/domov\/aktuality\/prehliadky\/\" rel=\"category tag\">Prehliadky<\/a>, <a href=\"https:\/\/www.slovensky-kras.eu\/info\/domov\/aktuality\/spristupnene-jaskyne\/\" rel=\"category tag\">Spr\u00edstupnen\u00e9 jaskyne<\/a>","comments_num":"0 comments","uagb_featured_image_src":{"full":["https:\/\/www.slovensky-kras.eu\/info\/wp-content\/uploads\/2026\/03\/domica.jpeg",1376,768,false],"thumbnail":["https:\/\/www.slovensky-kras.eu\/info\/wp-content\/uploads\/2026\/03\/domica-150x150.jpeg",150,150,true],"medium":["https:\/\/www.slovensky-kras.eu\/info\/wp-content\/uploads\/2026\/03\/domica-800x447.jpeg",800,447,true],"medium_large":["https:\/\/www.slovensky-kras.eu\/info\/wp-content\/uploads\/2026\/03\/domica-768x429.jpeg",768,429,true],"large":["https:\/\/www.slovensky-kras.eu\/info\/wp-content\/uploads\/2026\/03\/domica-1024x572.jpeg",1024,572,true],"1536x1536":["https:\/\/www.slovensky-kras.eu\/info\/wp-content\/uploads\/2026\/03\/domica.jpeg",1376,768,false],"2048x2048":["https:\/\/www.slovensky-kras.eu\/info\/wp-content\/uploads\/2026\/03\/domica.jpeg",1376,768,false]},"uagb_author_info":{"display_name":"admin","author_link":"https:\/\/www.slovensky-kras.eu\/info\/author\/admin\/"},"uagb_comment_info":0,"uagb_excerpt":"Koniec platenia za fotky v podzem\u00ed: Slovensk\u00e9 jaskyne a poklady Slovensk\u00e9ho krasu otv\u00e1raj\u00fa br\u00e1ny digit\u00e1lnej slobode! Zabudnite na l\u00edstky za mobil v pe\u0148a\u017eenke a pripravte si h\u013ead\u00e1\u010diky \u2013 odteraz s\u00fa [&hellip;]","_links":{"self":[{"href":"https:\/\/www.slovensky-kras.eu\/info\/wp-json\/wp\/v2\/posts\/29560","targetHints":{"allow":["GET"]}}],"collection":[{"href":"https:\/\/www.slovensky-kras.eu\/info\/wp-json\/wp\/v2\/posts"}],"about":[{"href":"https:\/\/www.slovensky-kras.eu\/info\/wp-json\/wp\/v2\/types\/post"}],"author":[{"embeddable":true,"href":"https:\/\/www.slovensky-kras.eu\/info\/wp-json\/wp\/v2\/users\/1"}],"replies":[{"embeddable":true,"href":"https:\/\/www.slovensky-kras.eu\/info\/wp-json\/wp\/v2\/comments?post=29560"}],"version-history":[{"count":3,"href":"https:\/\/www.slovensky-kras.eu\/info\/wp-json\/wp\/v2\/posts\/29560\/revisions"}],"predecessor-version":[{"id":29565,"href":"https:\/\/www.slovensky-kras.eu\/info\/wp-json\/wp\/v2\/posts\/29560\/revisions\/29565"}],"wp:featuredmedia":[{"embeddable":true,"href":"https:\/\/www.slovensky-kras.eu\/info\/wp-json\/wp\/v2\/media\/29561"}],"wp:attachment":[{"href":"https:\/\/www.slovensky-kras.eu\/info\/wp-json\/wp\/v2\/media?parent=29560"}],"wp:term":[{"taxonomy":"category","embeddable":true,"href":"https:\/\/www.slovensky-kras.eu\/info\/wp-json\/wp\/v2\/categories?post=29560"},{"taxonomy":"post_tag","embeddable":true,"href":"https:\/\/www.slovensky-kras.eu\/info\/wp-json\/wp\/v2\/tags?post=29560"}],"curies":[{"name":"wp","href":"https:\/\/api.w.org\/{rel}","templated":true}]}}