{"id":29313,"date":"2026-02-04T06:03:05","date_gmt":"2026-02-04T05:03:05","guid":{"rendered":"https:\/\/www.slovensky-kras.eu\/info\/?p=29313"},"modified":"2026-02-04T06:03:05","modified_gmt":"2026-02-04T05:03:05","slug":"snm-muzeum-betliar-hladame-sprievodcov","status":"publish","type":"post","link":"https:\/\/www.slovensky-kras.eu\/info\/snm-muzeum-betliar-hladame-sprievodcov\/","title":{"rendered":"SNM &#8211; M\u00fazeum Betliar : H\u013ead\u00e1me sprievodcov!"},"content":{"rendered":"<p class=\"ds-markdown-paragraph\"><strong>SNM &#8211; M\u00fazeum Betliar<\/strong>\u00a0je unik\u00e1tne\u00a0<strong>historick\u00e9 m\u00fazeum<\/strong>\u00a0nach\u00e1dzaj\u00face sa v p\u00f4sobivom\u00a0<strong>ka\u0161tieli Betliar<\/strong>. Ak m\u00e1te radi hist\u00f3riu a kr\u00e1sne prostredie, pon\u00fakame v\u00e1m mo\u017enos\u0165 sta\u0165 sa s\u00fa\u010das\u0165ou n\u00e1\u0161ho t\u00edmu po\u010das\u00a0<strong>letnej turistickej sez\u00f3ny<\/strong>.<\/p>\n<h2 class=\"ds-markdown-paragraph\"><span style=\"color: #800000;\">Ak\u00e9 s\u00fa po\u017eiadavky na poz\u00edciu sprievodcu v M\u00fazeu Betliar?<\/span><\/h2>\n<p class=\"ds-markdown-paragraph\">H\u013ead\u00e1me kandid\u00e1tov, ktor\u00ed s\u00fa komunikat\u00edvni, flexibiln\u00ed a maj\u00fa\u00a0<strong>skuto\u010dn\u00fd z\u00e1ujem o hist\u00f3riu<\/strong>. Ide\u00e1lny kandid\u00e1t ovl\u00e1da\u00a0<strong>cudzie jazyky<\/strong>, \u010do je pre pr\u00e1cu s\u00a0<strong>medzin\u00e1rodn\u00fdmi n\u00e1v\u0161tevn\u00edkmi<\/strong>\u00a0nevyhnutnou v\u00fdhodou.<\/p>\n<h2 class=\"ds-markdown-paragraph\"><span style=\"color: #800000;\">Ak\u00fd je postup prihl\u00e1senia sa na t\u00fato poz\u00edciu?<\/span><\/h2>\n<p class=\"ds-markdown-paragraph\">Nev\u00e1hajte a po\u0161lite n\u00e1m svoj\u00a0<strong>\u017eivotopis, \u017eiados\u0165 a motiva\u010dn\u00fd list<\/strong>\u00a0do konca febru\u00e1ra 2026. Ver\u00edme, \u017ee h\u013ead\u00e1me pr\u00e1ve v\u00e1s!<\/p>\n<h2 class=\"ds-markdown-paragraph\"><span style=\"color: #800000;\">Kam zasla\u0165 prihl\u00e1\u0161ku na poz\u00edciu sprievodcu v M\u00fazeu Betliar?<\/span><\/h2>\n<p class=\"ds-markdown-paragraph\">Prihl\u00e1\u0161ky zasielajte na kontaktn\u00fa osobu Judita Kraj\u010diov\u00e1 na e-mail:\u00a0judita.krajciova@snm.sk.<\/p>\n<p class=\"ds-markdown-paragraph\">Viac inform\u00e1ci\u00ed o\u00a0<strong>m\u00fazeu<\/strong>\u00a0a jeho hist\u00f3rii n\u00e1jdete na ofici\u00e1lnej webstr\u00e1nke:\u00a0<a href=\"https:\/\/www.snm.sk\/muzea-snm\/muzeum-betliar\/muzeum-betliar\/navstivte\" target=\"_blank\" rel=\"noopener noreferrer\">https:\/\/www.snm.sk\/muzea-snm\/muzeum-betliar\/muzeum-betliar\/navstivte<\/a>.<\/p>\n<hr \/>\n<p><a href=\"https:\/\/www.slovensky-kras.eu\/info\/wp-content\/uploads\/2026\/02\/betliar.jpg\"><img loading=\"lazy\" decoding=\"async\" class=\"aligncenter wp-image-29314\" src=\"https:\/\/www.slovensky-kras.eu\/info\/wp-content\/uploads\/2026\/02\/betliar.jpg\" alt=\"SNM - M\u00fazeum Betliar\" width=\"900\" height=\"638\" srcset=\"https:\/\/www.slovensky-kras.eu\/info\/wp-content\/uploads\/2026\/02\/betliar.jpg 1080w, https:\/\/www.slovensky-kras.eu\/info\/wp-content\/uploads\/2026\/02\/betliar-800x567.jpg 800w, https:\/\/www.slovensky-kras.eu\/info\/wp-content\/uploads\/2026\/02\/betliar-1024x726.jpg 1024w, https:\/\/www.slovensky-kras.eu\/info\/wp-content\/uploads\/2026\/02\/betliar-768x545.jpg 768w\" sizes=\"auto, (max-width: 900px) 100vw, 900px\" \/><\/a><\/p>\n","protected":false},"excerpt":{"rendered":"<p>SNM &#8211; M\u00fazeum Betliar\u00a0je unik\u00e1tne\u00a0historick\u00e9 m\u00fazeum\u00a0nach\u00e1dzaj\u00face sa v p\u00f4sobivom\u00a0ka\u0161tieli Betliar. Ak m\u00e1te radi hist\u00f3riu a kr\u00e1sne prostredie, pon\u00fakame v\u00e1m mo\u017enos\u0165 sta\u0165 sa s\u00fa\u010das\u0165ou n\u00e1\u0161ho t\u00edmu po\u010das\u00a0letnej turistickej sez\u00f3ny. Ak\u00e9 s\u00fa [&hellip;]<\/p>\n","protected":false},"author":1,"featured_media":29314,"comment_status":"closed","ping_status":"closed","sticky":false,"template":"","format":"standard","meta":{"_uag_custom_page_level_css":"","footnotes":""},"categories":[1,312],"tags":[],"class_list":["post-29313","post","type-post","status-publish","format-standard","has-post-thumbnail","hentry","category-aktuality","category-muzea-a-galerie"],"featured_image_src":"https:\/\/www.slovensky-kras.eu\/info\/wp-content\/uploads\/2026\/02\/betliar.jpg","featured_image_src_square":"https:\/\/www.slovensky-kras.eu\/info\/wp-content\/uploads\/2026\/02\/betliar.jpg","author_info":{"display_name":"admin","author_link":"https:\/\/www.slovensky-kras.eu\/info\/author\/admin\/"},"rbea_author_info":{"display_name":"admin","author_link":"https:\/\/www.slovensky-kras.eu\/info\/author\/admin\/"},"rbea_excerpt_info":"SNM &#8211; M\u00fazeum Betliar\u00a0je unik\u00e1tne\u00a0historick\u00e9 m\u00fazeum\u00a0nach\u00e1dzaj\u00face sa v p\u00f4sobivom\u00a0ka\u0161tieli Betliar. Ak m\u00e1te radi hist\u00f3riu a kr\u00e1sne prostredie, pon\u00fakame v\u00e1m mo\u017enos\u0165 sta\u0165 sa s\u00fa\u010das\u0165ou n\u00e1\u0161ho t\u00edmu po\u010das\u00a0letnej turistickej sez\u00f3ny. Ak\u00e9 s\u00fa [&hellip;]","category_list":"<a href=\"https:\/\/www.slovensky-kras.eu\/info\/domov\/aktuality\/\" rel=\"category tag\">Aktuality<\/a>, <a href=\"https:\/\/www.slovensky-kras.eu\/info\/domov\/aktuality\/muzea-a-galerie\/\" rel=\"category tag\">M\u00faze\u00e1 a gal\u00e9rie<\/a>","comments_num":"0 comments","uagb_featured_image_src":{"full":["https:\/\/www.slovensky-kras.eu\/info\/wp-content\/uploads\/2026\/02\/betliar.jpg",1080,766,false],"thumbnail":["https:\/\/www.slovensky-kras.eu\/info\/wp-content\/uploads\/2026\/02\/betliar-150x150.jpg",150,150,true],"medium":["https:\/\/www.slovensky-kras.eu\/info\/wp-content\/uploads\/2026\/02\/betliar-800x567.jpg",800,567,true],"medium_large":["https:\/\/www.slovensky-kras.eu\/info\/wp-content\/uploads\/2026\/02\/betliar-768x545.jpg",768,545,true],"large":["https:\/\/www.slovensky-kras.eu\/info\/wp-content\/uploads\/2026\/02\/betliar-1024x726.jpg",1024,726,true],"1536x1536":["https:\/\/www.slovensky-kras.eu\/info\/wp-content\/uploads\/2026\/02\/betliar.jpg",1080,766,false],"2048x2048":["https:\/\/www.slovensky-kras.eu\/info\/wp-content\/uploads\/2026\/02\/betliar.jpg",1080,766,false]},"uagb_author_info":{"display_name":"admin","author_link":"https:\/\/www.slovensky-kras.eu\/info\/author\/admin\/"},"uagb_comment_info":0,"uagb_excerpt":"SNM &#8211; M\u00fazeum Betliar\u00a0je unik\u00e1tne\u00a0historick\u00e9 m\u00fazeum\u00a0nach\u00e1dzaj\u00face sa v p\u00f4sobivom\u00a0ka\u0161tieli Betliar. Ak m\u00e1te radi hist\u00f3riu a kr\u00e1sne prostredie, pon\u00fakame v\u00e1m mo\u017enos\u0165 sta\u0165 sa s\u00fa\u010das\u0165ou n\u00e1\u0161ho t\u00edmu po\u010das\u00a0letnej turistickej sez\u00f3ny. Ak\u00e9 s\u00fa [&hellip;]","_links":{"self":[{"href":"https:\/\/www.slovensky-kras.eu\/info\/wp-json\/wp\/v2\/posts\/29313","targetHints":{"allow":["GET"]}}],"collection":[{"href":"https:\/\/www.slovensky-kras.eu\/info\/wp-json\/wp\/v2\/posts"}],"about":[{"href":"https:\/\/www.slovensky-kras.eu\/info\/wp-json\/wp\/v2\/types\/post"}],"author":[{"embeddable":true,"href":"https:\/\/www.slovensky-kras.eu\/info\/wp-json\/wp\/v2\/users\/1"}],"replies":[{"embeddable":true,"href":"https:\/\/www.slovensky-kras.eu\/info\/wp-json\/wp\/v2\/comments?post=29313"}],"version-history":[{"count":2,"href":"https:\/\/www.slovensky-kras.eu\/info\/wp-json\/wp\/v2\/posts\/29313\/revisions"}],"predecessor-version":[{"id":29316,"href":"https:\/\/www.slovensky-kras.eu\/info\/wp-json\/wp\/v2\/posts\/29313\/revisions\/29316"}],"wp:featuredmedia":[{"embeddable":true,"href":"https:\/\/www.slovensky-kras.eu\/info\/wp-json\/wp\/v2\/media\/29314"}],"wp:attachment":[{"href":"https:\/\/www.slovensky-kras.eu\/info\/wp-json\/wp\/v2\/media?parent=29313"}],"wp:term":[{"taxonomy":"category","embeddable":true,"href":"https:\/\/www.slovensky-kras.eu\/info\/wp-json\/wp\/v2\/categories?post=29313"},{"taxonomy":"post_tag","embeddable":true,"href":"https:\/\/www.slovensky-kras.eu\/info\/wp-json\/wp\/v2\/tags?post=29313"}],"curies":[{"name":"wp","href":"https:\/\/api.w.org\/{rel}","templated":true}]}}