{"id":29244,"date":"2025-12-17T07:48:48","date_gmt":"2025-12-17T06:48:48","guid":{"rendered":"https:\/\/www.slovensky-kras.eu\/info\/?p=29244"},"modified":"2025-12-17T08:03:49","modified_gmt":"2025-12-17T07:03:49","slug":"romanticky-pobyt-v-penzione-skalna-ruza-kovirozsa","status":"publish","type":"post","link":"https:\/\/www.slovensky-kras.eu\/info\/romanticky-pobyt-v-penzione-skalna-ruza-kovirozsa\/","title":{"rendered":"Romantick\u00fd pobyt v Penzi\u00f3ne Skaln\u00e1 ru\u017ea (K\u00f6vir\u00f3zsa)"},"content":{"rendered":"<h2 class=\"ds-markdown-paragraph\"><span style=\"color: #800000;\">\u010co je pon\u00fakan\u00e9 v bal\u00ed\u010dku Romantick\u00fd pobyt v Penzi\u00f3ne Skaln\u00e1 ru\u017ea?<\/span><\/h2>\n<p class=\"ds-markdown-paragraph\">Bal\u00ed\u010dek <strong>Romantick\u00fd pobyt<\/strong>\u00a0v\u00a0<strong>Penzi\u00f3ne Skaln\u00e1 ru\u017ea (K\u00f6vir\u00f3zsa)<\/strong>\u00a0zah\u0155\u0148a ubytovanie, ra\u0148ajky (<strong>B\u0161B<\/strong>), v\u00edtac\u00ed dar\u010dek vo forme\u00a0<strong>1 fla\u0161e sektu na izbe<\/strong>\u00a0a nezabudnute\u013en\u00fd z\u00e1\u017eitok z\u00a0<strong>hor\u00facej \u010dokol\u00e1dy v pr\u00edrode<\/strong>. Flexibilitu pon\u00faka aj vo\u013eba d\u013a\u017eky pobytu:\u00a0<strong>3 noci za 149 \u20ac<\/strong>\u00a0alebo\u00a0<strong>2 noci za 99 \u20ac<\/strong>. Pre pohodlie host\u00ed je zabezpe\u010den\u00fd\u00a0<strong>neskor\u00fd CHECK OUT v de\u0148 odchodu<\/strong>.<\/p>\n<h2 class=\"ds-markdown-paragraph\"><span style=\"color: #800000;\">Pre\u010do si vybra\u0165 Penzi\u00f3n Skaln\u00e1 ru\u017ea (K\u00f6vir\u00f3zsa) pre romantick\u00fd \u00fatek?<\/span><\/h2>\n<p class=\"ds-markdown-paragraph\"><strong>Penzi\u00f3n Skaln\u00e1 ru\u017ea (K\u00f6vir\u00f3zsa)<\/strong>\u00a0sa nach\u00e1dza v\u00a0<strong>kr\u00e1snom prostred\u00ed<\/strong>, ide\u00e1lnom pre\u00a0<strong>zimn\u00e9 prech\u00e1dzky<\/strong>\u00a0aj celoro\u010dn\u00fa turistiku. Poskytuje dokonal\u00fd z\u00e1klad pre oddych, romantiku a spojenie s pr\u00edrodou.<\/p>\n<h2 class=\"ds-markdown-paragraph\"><span style=\"color: #800000;\">Kde sa Penzi\u00f3n Skaln\u00e1 ru\u017ea (K\u00f6vir\u00f3zsa) nach\u00e1dza a ak\u00e9 m\u00e1 okolie?<\/span><\/h2>\n<p class=\"ds-markdown-paragraph\"><strong>Penzi\u00f3n Skaln\u00e1 ru\u017ea (K\u00f6vir\u00f3zsa)<\/strong>\u00a0pon\u00faka celoro\u010dn\u00e9 ubytovanie v obci\u00a0<strong>Gemersk\u00e1 H\u00f4rka<\/strong>\u00a0pri vstupe do\u00a0<strong>Slovensk\u00e9ho krasu<\/strong>. Je vhodn\u00fd pre\u00a0<strong>cyklistov, turistov a rodiny s de\u0165mi<\/strong>. V bezprostrednom okol\u00ed sa nach\u00e1dza\u00a0<strong>n\u00e1u\u010dn\u00fd chodn\u00edk, letn\u00e9 k\u00fapalisko Veronika<\/strong>\u00a0a mno\u017estvo\u00a0<strong>tr\u00e1s na turistiku, cyklistiku \u010di jazdu na koni<\/strong>.<\/p>\n<h2 class=\"ds-markdown-paragraph\"><span style=\"color: #800000;\">Ak\u00e9 typy ubytovania penzi\u00f3n pon\u00faka?<\/span><\/h2>\n<p class=\"ds-markdown-paragraph\">Penzi\u00f3n pon\u00faka <strong>2 a 3-l\u00f4\u017ekov\u00e9 izby<\/strong>\u00a0s vlastn\u00fdm soci\u00e1lnym zariaden\u00edm (sprcha, WC),\u00a0<strong>TV-SAT, najm\u00e4 a Wi-Fi<\/strong>\u00a0v ka\u0161dej izbe. Ku niektor\u00fdm izb\u00e1m patr\u00ed\u00a0<strong>vybaven\u00e1 kuchynka<\/strong>\u00a0(spor\u00e1k, mikrovlnka, kanvica) a\u00a0<strong>spolo\u010densk\u00e1 miestnos\u0165<\/strong>. Celkov\u00e1 kapacita je\u00a0<strong>10 izieb, 1 apartm\u00e1n a 1 dom\u010dek<\/strong>.<\/p>\n<h2 class=\"ds-markdown-paragraph\"><span style=\"color: #800000;\">Ak\u00e9 vybavenie a slu\u017eby s\u00fa k dispoz\u00edcii pre host\u00ed?<\/span><\/h2>\n<p class=\"ds-markdown-paragraph\">Penzi\u00f3n hos\u0165om poskytuje <strong>uzavret\u00e9 parkovisko, detsk\u00e9 pieskovisko, hojda\u010dky, kryt\u00fa terasu, vonkaj\u0161\u00ed krb a jed\u00e1le\u0148 pre 20 os\u00f4b<\/strong>.<\/p>\n<h2 class=\"ds-markdown-paragraph\"><span style=\"color: #800000;\">Ako je mo\u017en\u00e9 s penzi\u00f3nom nadviaza\u0165 kontakt?<\/span><\/h2>\n<p class=\"ds-markdown-paragraph\"><strong>Penzi\u00f3n Skaln\u00e1 ru\u017ea (K\u00f6vir\u00f3zsa)<\/strong>\u00a0sa nach\u00e1dza na adrese\u00a0<strong>Gemersk\u00e1 H\u00f4rka 104, 049 12 Gemersk\u00e1 H\u00f4rka<\/strong>.<\/p>\n<p class=\"ds-markdown-paragraph\"><span style=\"color: #ff0000;\"><strong>Kontaktn\u00e9 \u00fadaje:<\/strong><\/span> telef\u00f3n\u00a0<strong>+421 905 718 046<\/strong>, email\u00a0<strong>info@penzionskalnaruza.sk<\/strong>, web\u00a0<strong><a href=\"https:\/\/penzionskalnaruza.sk\/\" target=\"_blank\" rel=\"noopener noreferrer\">penzionskalnaruza.sk<\/a><\/strong>. Poloha:\u00a0<strong>GPS: 48.539433, 20.382730<\/strong>.<\/p>\n<hr \/>\n<figure id=\"attachment_29245\" aria-describedby=\"caption-attachment-29245\" style=\"width: 800px\" class=\"wp-caption aligncenter\"><a href=\"https:\/\/www.slovensky-kras.eu\/info\/wp-content\/uploads\/2025\/12\/romantika.png\"><img loading=\"lazy\" decoding=\"async\" class=\"wp-image-29245\" src=\"https:\/\/www.slovensky-kras.eu\/info\/wp-content\/uploads\/2025\/12\/romantika.png\" alt=\"Romantick\u00fd pobyt v Penzi\u00f3ne Skaln\u00e1 ru\u017ea (K\u00f6vir\u00f3zsa)\" width=\"900\" height=\"1272\" srcset=\"https:\/\/www.slovensky-kras.eu\/info\/wp-content\/uploads\/2025\/12\/romantika.png 1414w, https:\/\/www.slovensky-kras.eu\/info\/wp-content\/uploads\/2025\/12\/romantika-424x600.png 424w, https:\/\/www.slovensky-kras.eu\/info\/wp-content\/uploads\/2025\/12\/romantika-724x1024.png 724w, https:\/\/www.slovensky-kras.eu\/info\/wp-content\/uploads\/2025\/12\/romantika-768x1086.png 768w, https:\/\/www.slovensky-kras.eu\/info\/wp-content\/uploads\/2025\/12\/romantika-1086x1536.png 1086w\" sizes=\"auto, (max-width: 900px) 100vw, 900px\" \/><\/a><figcaption id=\"caption-attachment-29245\" class=\"wp-caption-text\">Romantick\u00fd pobyt v Penzi\u00f3ne Skaln\u00e1 ru\u017ea (K\u00f6vir\u00f3zsa)<\/figcaption><\/figure>\n","protected":false},"excerpt":{"rendered":"<p>\u010co je pon\u00fakan\u00e9 v bal\u00ed\u010dku Romantick\u00fd pobyt v Penzi\u00f3ne Skaln\u00e1 ru\u017ea? Bal\u00ed\u010dek Romantick\u00fd pobyt\u00a0v\u00a0Penzi\u00f3ne Skaln\u00e1 ru\u017ea (K\u00f6vir\u00f3zsa)\u00a0zah\u0155\u0148a ubytovanie, ra\u0148ajky (B\u0161B), v\u00edtac\u00ed dar\u010dek vo forme\u00a01 fla\u0161e sektu na izbe\u00a0a nezabudnute\u013en\u00fd z\u00e1\u017eitok [&hellip;]<\/p>\n","protected":false},"author":1,"featured_media":29245,"comment_status":"closed","ping_status":"closed","sticky":false,"template":"","format":"standard","meta":{"_uag_custom_page_level_css":"","footnotes":""},"categories":[1,313],"tags":[],"class_list":["post-29244","post","type-post","status-publish","format-standard","has-post-thumbnail","hentry","category-aktuality","category-zaujimavosti"],"featured_image_src":"https:\/\/www.slovensky-kras.eu\/info\/wp-content\/uploads\/2025\/12\/romantika.png","featured_image_src_square":"https:\/\/www.slovensky-kras.eu\/info\/wp-content\/uploads\/2025\/12\/romantika.png","author_info":{"display_name":"admin","author_link":"https:\/\/www.slovensky-kras.eu\/info\/author\/admin\/"},"rbea_author_info":{"display_name":"admin","author_link":"https:\/\/www.slovensky-kras.eu\/info\/author\/admin\/"},"rbea_excerpt_info":"\u010co je pon\u00fakan\u00e9 v bal\u00ed\u010dku Romantick\u00fd pobyt v Penzi\u00f3ne Skaln\u00e1 ru\u017ea? Bal\u00ed\u010dek Romantick\u00fd pobyt\u00a0v\u00a0Penzi\u00f3ne Skaln\u00e1 ru\u017ea (K\u00f6vir\u00f3zsa)\u00a0zah\u0155\u0148a ubytovanie, ra\u0148ajky (B\u0161B), v\u00edtac\u00ed dar\u010dek vo forme\u00a01 fla\u0161e sektu na izbe\u00a0a nezabudnute\u013en\u00fd z\u00e1\u017eitok [&hellip;]","category_list":"<a href=\"https:\/\/www.slovensky-kras.eu\/info\/domov\/aktuality\/\" rel=\"category tag\">Aktuality<\/a>, <a href=\"https:\/\/www.slovensky-kras.eu\/info\/domov\/aktuality\/zaujimavosti\/\" rel=\"category tag\">Zauj\u00edmavosti<\/a>","comments_num":"0 comments","uagb_featured_image_src":{"full":["https:\/\/www.slovensky-kras.eu\/info\/wp-content\/uploads\/2025\/12\/romantika.png",1414,1999,false],"thumbnail":["https:\/\/www.slovensky-kras.eu\/info\/wp-content\/uploads\/2025\/12\/romantika-150x150.png",150,150,true],"medium":["https:\/\/www.slovensky-kras.eu\/info\/wp-content\/uploads\/2025\/12\/romantika-424x600.png",424,600,true],"medium_large":["https:\/\/www.slovensky-kras.eu\/info\/wp-content\/uploads\/2025\/12\/romantika-768x1086.png",768,1086,true],"large":["https:\/\/www.slovensky-kras.eu\/info\/wp-content\/uploads\/2025\/12\/romantika-724x1024.png",724,1024,true],"1536x1536":["https:\/\/www.slovensky-kras.eu\/info\/wp-content\/uploads\/2025\/12\/romantika-1086x1536.png",1086,1536,true],"2048x2048":["https:\/\/www.slovensky-kras.eu\/info\/wp-content\/uploads\/2025\/12\/romantika.png",1414,1999,false]},"uagb_author_info":{"display_name":"admin","author_link":"https:\/\/www.slovensky-kras.eu\/info\/author\/admin\/"},"uagb_comment_info":0,"uagb_excerpt":"\u010co je pon\u00fakan\u00e9 v bal\u00ed\u010dku Romantick\u00fd pobyt v Penzi\u00f3ne Skaln\u00e1 ru\u017ea? Bal\u00ed\u010dek Romantick\u00fd pobyt\u00a0v\u00a0Penzi\u00f3ne Skaln\u00e1 ru\u017ea (K\u00f6vir\u00f3zsa)\u00a0zah\u0155\u0148a ubytovanie, ra\u0148ajky (B\u0161B), v\u00edtac\u00ed dar\u010dek vo forme\u00a01 fla\u0161e sektu na izbe\u00a0a nezabudnute\u013en\u00fd z\u00e1\u017eitok [&hellip;]","_links":{"self":[{"href":"https:\/\/www.slovensky-kras.eu\/info\/wp-json\/wp\/v2\/posts\/29244","targetHints":{"allow":["GET"]}}],"collection":[{"href":"https:\/\/www.slovensky-kras.eu\/info\/wp-json\/wp\/v2\/posts"}],"about":[{"href":"https:\/\/www.slovensky-kras.eu\/info\/wp-json\/wp\/v2\/types\/post"}],"author":[{"embeddable":true,"href":"https:\/\/www.slovensky-kras.eu\/info\/wp-json\/wp\/v2\/users\/1"}],"replies":[{"embeddable":true,"href":"https:\/\/www.slovensky-kras.eu\/info\/wp-json\/wp\/v2\/comments?post=29244"}],"version-history":[{"count":4,"href":"https:\/\/www.slovensky-kras.eu\/info\/wp-json\/wp\/v2\/posts\/29244\/revisions"}],"predecessor-version":[{"id":29254,"href":"https:\/\/www.slovensky-kras.eu\/info\/wp-json\/wp\/v2\/posts\/29244\/revisions\/29254"}],"wp:featuredmedia":[{"embeddable":true,"href":"https:\/\/www.slovensky-kras.eu\/info\/wp-json\/wp\/v2\/media\/29245"}],"wp:attachment":[{"href":"https:\/\/www.slovensky-kras.eu\/info\/wp-json\/wp\/v2\/media?parent=29244"}],"wp:term":[{"taxonomy":"category","embeddable":true,"href":"https:\/\/www.slovensky-kras.eu\/info\/wp-json\/wp\/v2\/categories?post=29244"},{"taxonomy":"post_tag","embeddable":true,"href":"https:\/\/www.slovensky-kras.eu\/info\/wp-json\/wp\/v2\/tags?post=29244"}],"curies":[{"name":"wp","href":"https:\/\/api.w.org\/{rel}","templated":true}]}}