{"id":29009,"date":"2026-01-29T05:47:18","date_gmt":"2026-01-29T04:47:18","guid":{"rendered":"https:\/\/www.slovensky-kras.eu\/info\/?p=29009"},"modified":"2026-01-29T07:11:15","modified_gmt":"2026-01-29T06:11:15","slug":"hrad-krasna-horka-otvaracie-hodiny","status":"publish","type":"post","link":"https:\/\/www.slovensky-kras.eu\/info\/hrad-krasna-horka-otvaracie-hodiny\/","title":{"rendered":"Hrad Kr\u00e1sna H\u00f4rka &#8211; otv\u00e1racie hodiny a aktu\u00e1lne inform\u00e1cie o spr\u00edstupnen\u00ed"},"content":{"rendered":"<p><strong>\u0160pecializovan\u00e1 expoz\u00edcia na hrade Kr\u00e1sna H\u00f4rka &#8211; <\/strong>Hrad Kr\u00e1sna H\u00f4rka je z d\u00f4vodu rekon\u0161trukcie pre verejnos\u0165 zatvoren\u00fd!!!<\/p>\n<h2 class=\"text-text-100 mt-3 -mb-1 text-[1.125rem] font-bold\"><span style=\"color: #800000;\">Kedy bude Hrad Kr\u00e1sna H\u00f4rka znovu otvoren\u00fd pre verejnos\u0165?<\/span><\/h2>\n<p class=\"font-claude-response-body break-words whitespace-normal leading-[1.7]\">Po rokoch n\u00e1ro\u010dnej obnovy sa hrad <strong>Kr\u00e1sna H\u00f4rka<\/strong> kone\u010dne pripravuje na <strong>znovuotvorenie<\/strong>. T\u00e1to <strong>n\u00e1rodn\u00e1 kult\u00farna pamiatka<\/strong> sa intenz\u00edvne pripravuje na n\u00e1vrat n\u00e1v\u0161tevn\u00edkov a obnovenie svojej hist\u00f3rie ako jednej z najvyh\u013ead\u00e1vanej\u0161\u00edch <strong>turistick\u00fdch destin\u00e1ci\u00ed<\/strong> v\u00fdchodn\u00e9ho Slovenska.<\/p>\n<p class=\"font-claude-response-body break-words whitespace-normal leading-[1.7]\">Mohutn\u00e1 pevnos\u0165, ktor\u00e1 desa\u0165ro\u010dia pri\u0165ahovala tis\u00edce turistov zo Slovenska i zahrani\u010dia, by sa mohla v doh\u013eadnom \u010dase op\u00e4\u0165 sta\u0165 pr\u00edstupnou verejnosti.<\/p>\n<p class=\"font-claude-response-body break-words whitespace-normal leading-[1.7]\">Pod\u013ea aktu\u00e1lnych pl\u00e1nov by hrad Kr\u00e1sna H\u00f4rka mohol priv\u00edta\u0165 prv\u00fdch turistov v <strong>roku 2030<\/strong>.<\/p>\n<h2 class=\"text-text-100 mt-3 -mb-1 text-[1.125rem] font-bold\"><span style=\"color: #800000;\">Pre\u010do trvala rekon\u0161trukcia hradu Kr\u00e1sna H\u00f4rka tak dlho?<\/span><\/h2>\n<p class=\"font-claude-response-body break-words whitespace-normal leading-[1.7]\">Rekon\u0161trukcia tejto <strong>historickej pamiatky<\/strong> mala od za\u010diatku zlo\u017eit\u00fd priebeh. Zodpovedn\u00e9 in\u0161tit\u00facie prizn\u00e1vaj\u00fa, \u017ee predch\u00e1dzaj\u00face etapy obnovy sprev\u00e1dzali z\u00e1va\u017en\u00e9 administrat\u00edvne nedostatky a odch\u00fdlky od z\u00e1konn\u00fdch postupov. Situ\u00e1cia vyvrcholila vla\u0148aj\u0161\u00edm rozviazan\u00edm zmluvn\u00e9ho vz\u0165ahu s dod\u00e1vate\u013eskou firmou, \u010do vyvolalo obavy o bud\u00facnos\u0165 cel\u00e9ho projektu.<\/p>\n<h2 class=\"text-text-100 mt-3 -mb-1 text-[1.125rem] font-bold\"><span style=\"color: #800000;\">Ak\u00fd vplyv m\u00e1 uzavretie hradu na regi\u00f3n a cestovn\u00fd ruch?<\/span><\/h2>\n<p class=\"font-claude-response-body break-words whitespace-normal leading-[1.7]\">Pre miestne komunity v okol\u00ed hradu znamen\u00e1 t\u00e1to neistota cite\u013en\u00fd v\u00fdpadok pr\u00edjmov z <strong>cestovn\u00e9ho ruchu<\/strong>. Miestni podnikatelia, prev\u00e1dzkovatelia <strong>ubytovac\u00edch zariaden\u00ed<\/strong> a poskytovatelia slu\u017eieb u\u017e roky \u010dakaj\u00fa na obnovenie turistick\u00e9ho ruchu, ktor\u00fd bol predt\u00fdm pre regi\u00f3n v\u00fdznamn\u00fdm zdrojom ekonomickej aktivity.<\/p>\n<h2 class=\"text-text-100 mt-3 -mb-1 text-[1.125rem] font-bold\"><span style=\"color: #800000;\">Ak\u00e9 s\u00fa najnov\u0161ie inform\u00e1cie o dokon\u010den\u00ed obnovy?<\/span><\/h2>\n<p class=\"font-claude-response-body break-words whitespace-normal leading-[1.7]\">Najnov\u0161ie inform\u00e1cie v\u0161ak prin\u00e1\u0161aj\u00fa n\u00e1dej. Pr\u00edslu\u0161n\u00e9 org\u00e1ny pripravili aktualizovan\u00fd pl\u00e1n dokon\u010denia obnovy a po\u010das kontrolnej n\u00e1v\u0161tevy predstavite\u013eov \u0161t\u00e1tnej moci na stavenisku odzneli prv\u00e9 konkr\u00e9tne \u00fadaje o mo\u017enom term\u00edne <strong>znovuotvorenia<\/strong>. Ak sa podar\u00ed dodr\u017ea\u0165 navrhnut\u00fd harmonogram, mohlo by sa v doh\u013eadnej bud\u00facnosti na mohutn\u00e9 <strong>hradn\u00e9 n\u00e1dvoria<\/strong> op\u00e4\u0165 vr\u00e1ti\u0165 ru\u0161no a lok\u00e1lna ekonomika by z\u00edskala sp\u00e4\u0165 jeden zo svojich k\u013e\u00fa\u010dov\u00fdch pilierov.<\/p>\n<h2 class=\"text-text-100 mt-3 -mb-1 text-[1.125rem] font-bold\"><span style=\"color: #800000;\">\u010co znamen\u00e1 znovuotvorenie hradu Kr\u00e1sna H\u00f4rka pre Slovensko?<\/span><\/h2>\n<p class=\"font-claude-response-body break-words whitespace-normal leading-[1.7]\">Pre cel\u00e9 Slovensko by to znamenalo obnovenie pr\u00edstupu k unik\u00e1tnemu <strong>historick\u00e9mu dedi\u010dstvu<\/strong>, ktor\u00e9 m\u00e1 v na\u0161om kult\u00farnom kontexte nezastupite\u013en\u00e9 miesto. <strong>N\u00e1v\u0161teva hradu Kr\u00e1sna H\u00f4rka<\/strong> op\u00e4\u0165 obohat\u00ed ponuku kult\u00farnych a turistick\u00fdch atrakci\u00ed regi\u00f3nu a prinesie nov\u00e9 mo\u017enosti pre milovn\u00edkov hist\u00f3rie a architekt\u00fary.<\/p>\n<h2 class=\"wp-block-post-title\"><span style=\"color: #800000;\">Hrad Kr\u00e1sna H\u00f4rka podrobn\u00e9 inform\u00e1cie<\/span><\/h2>\n<ul>\n<li><a href=\"https:\/\/www.slovensky-kras.eu\/info\/kam-za-pamiatkami\/hrad-krasna-horka\/\" target=\"_blank\" rel=\"nofollow noopener\">Hrad Kr\u00e1sna H\u00f4rka (\u010ditaj viac info)<\/a><\/li>\n<\/ul>\n<h2><span style=\"color: #800000;\">M\u00fazeum<\/span><\/h2>\n<ul>\n<li><a href=\"http:\/\/www.slovensky-kras.eu\/info\/muzea-kutlura-a-umenie\/specializovana-expozicia-na-hrade-krasna-horka\/\">\u0160pecializovan\u00e1 expoz\u00edcia na hrade Kr\u00e1sna H\u00f4rka (\u010d\u00edtaj viac&#8230;)<\/a><\/li>\n<\/ul>\n<h2><span style=\"color: #800000;\">Mapy<\/span><\/h2>\n<p><strong>Vrstvy: <\/strong>Turistick\u00e1 mapa, Automapa, Cyklomapa, Ly\u017eiarska mapa, Satelitn\u00e1 mapa a OpenStreetMap.<\/p>\n<p><strong>Kliknut\u00edm na logo &#8222;Freemap.sk&#8220; sa V\u00e1m mapa zobraz\u00ed na celej ploche obrazovky.<\/strong><\/p>\n<p><iframe style=\"width: 900px; height: 600px; border: 0;\" src=\"https:\/\/www.freemap.sk\/?map=14\/48.658348\/20.600025&amp;info-point=48.658348\/20.600025,Hrad Kr\u00e1sna H\u00f4rka&amp;layers=X&amp;embed=search\" allowfullscreen=\"allowfullscreen\"><span data-mce-type=\"bookmark\" style=\"display: inline-block; width: 0px; overflow: hidden; line-height: 0;\" class=\"mce_SELRES_start\">\ufeff<\/span><\/iframe><\/p>\n<h2><span style=\"color: #800000;\">Po\u010dasie<\/span><\/h2>\n<p><iframe style=\"width: 900px; height: 610px;\" src=\"https:\/\/www.meteoblue.com\/sk\/po%C4%8Dasie\/widget\/three\/kr%c3%a1snohorsk%c3%a9-podhradie_slovensk%c3%a1-republika_724407?geoloc=fixed&amp;nocurrent=0&amp;noforecast=0&amp;days=6&amp;tempunit=CELSIUS&amp;windunit=KILOMETER_PER_HOUR&amp;layout=image\" frameborder=\"0\" scrolling=\"NO\" sandbox=\"allow-same-origin allow-scripts allow-popups allow-popups-to-escape-sandbox\"><span data-mce-type=\"bookmark\" style=\"display: inline-block; width: 0px; overflow: hidden; line-height: 0;\" class=\"mce_SELRES_start\">\ufeff<\/span><\/iframe><\/p>\n<div><!-- DO NOT REMOVE THIS LINK --><a href=\"https:\/\/www.meteoblue.com\/sk\/po%C4%8Dasie\/predpove%C4%8F\/t%C3%BD%C5%BEde%C5%88\/kr%c3%a1snohorsk%c3%a9-podhradie_slovensk%c3%a1-republika_724407?utm_source=weather_widget&amp;utm_medium=linkus&amp;utm_content=three&amp;utm_campaign=Weather%2BWidget\" target=\"_blank\" rel=\"noopener noreferrer\">meteoblue<\/a><\/div>\n<p>&nbsp;<\/p>\n<hr \/>\n<p><a href=\"https:\/\/www.slovensky-kras.eu\/info\/wp-content\/uploads\/2022\/08\/krasna-horka2.jpg\"><img loading=\"lazy\" decoding=\"async\" class=\"aligncenter size-full wp-image-23471\" src=\"https:\/\/www.slovensky-kras.eu\/info\/wp-content\/uploads\/2022\/08\/krasna-horka2.jpg\" alt=\"Hrad Kr\u00e1sna H\u00f4rka\" width=\"1000\" height=\"667\" srcset=\"https:\/\/www.slovensky-kras.eu\/info\/wp-content\/uploads\/2022\/08\/krasna-horka2.jpg 1000w, https:\/\/www.slovensky-kras.eu\/info\/wp-content\/uploads\/2022\/08\/krasna-horka2-800x534.jpg 800w, https:\/\/www.slovensky-kras.eu\/info\/wp-content\/uploads\/2022\/08\/krasna-horka2-768x512.jpg 768w\" sizes=\"auto, (max-width: 1000px) 100vw, 1000px\" \/><\/a><\/p>\n","protected":false},"excerpt":{"rendered":"<p>\u0160pecializovan\u00e1 expoz\u00edcia na hrade Kr\u00e1sna H\u00f4rka &#8211; Hrad Kr\u00e1sna H\u00f4rka je z d\u00f4vodu rekon\u0161trukcie pre verejnos\u0165 zatvoren\u00fd!!! Kedy bude Hrad Kr\u00e1sna H\u00f4rka znovu otvoren\u00fd pre verejnos\u0165? Po rokoch n\u00e1ro\u010dnej obnovy [&hellip;]<\/p>\n","protected":false},"author":1,"featured_media":23471,"comment_status":"closed","ping_status":"closed","sticky":false,"template":"","format":"standard","meta":{"_uag_custom_page_level_css":"","footnotes":""},"categories":[1,312,281],"tags":[],"class_list":["post-29009","post","type-post","status-publish","format-standard","has-post-thumbnail","hentry","category-aktuality","category-muzea-a-galerie","category-otvaracie-hodiny"],"featured_image_src":"https:\/\/www.slovensky-kras.eu\/info\/wp-content\/uploads\/2022\/08\/krasna-horka2.jpg","featured_image_src_square":"https:\/\/www.slovensky-kras.eu\/info\/wp-content\/uploads\/2022\/08\/krasna-horka2.jpg","author_info":{"display_name":"admin","author_link":"https:\/\/www.slovensky-kras.eu\/info\/author\/admin\/"},"rbea_author_info":{"display_name":"admin","author_link":"https:\/\/www.slovensky-kras.eu\/info\/author\/admin\/"},"rbea_excerpt_info":"\u0160pecializovan\u00e1 expoz\u00edcia na hrade Kr\u00e1sna H\u00f4rka &#8211; Hrad Kr\u00e1sna H\u00f4rka je z d\u00f4vodu rekon\u0161trukcie pre verejnos\u0165 zatvoren\u00fd!!! Kedy bude Hrad Kr\u00e1sna H\u00f4rka znovu otvoren\u00fd pre verejnos\u0165? Po rokoch n\u00e1ro\u010dnej obnovy [&hellip;]","category_list":"<a href=\"https:\/\/www.slovensky-kras.eu\/info\/domov\/aktuality\/\" rel=\"category tag\">Aktuality<\/a>, <a href=\"https:\/\/www.slovensky-kras.eu\/info\/domov\/aktuality\/muzea-a-galerie\/\" rel=\"category tag\">M\u00faze\u00e1 a gal\u00e9rie<\/a>, <a href=\"https:\/\/www.slovensky-kras.eu\/info\/domov\/aktuality\/otvaracie-hodiny\/\" rel=\"category tag\">Otv\u00e1racie hodiny<\/a>","comments_num":"0 comments","uagb_featured_image_src":{"full":["https:\/\/www.slovensky-kras.eu\/info\/wp-content\/uploads\/2022\/08\/krasna-horka2.jpg",1000,667,false],"thumbnail":["https:\/\/www.slovensky-kras.eu\/info\/wp-content\/uploads\/2022\/08\/krasna-horka2-150x150.jpg",150,150,true],"medium":["https:\/\/www.slovensky-kras.eu\/info\/wp-content\/uploads\/2022\/08\/krasna-horka2-800x534.jpg",800,534,true],"medium_large":["https:\/\/www.slovensky-kras.eu\/info\/wp-content\/uploads\/2022\/08\/krasna-horka2-768x512.jpg",768,512,true],"large":["https:\/\/www.slovensky-kras.eu\/info\/wp-content\/uploads\/2022\/08\/krasna-horka2.jpg",1000,667,false],"1536x1536":["https:\/\/www.slovensky-kras.eu\/info\/wp-content\/uploads\/2022\/08\/krasna-horka2.jpg",1000,667,false],"2048x2048":["https:\/\/www.slovensky-kras.eu\/info\/wp-content\/uploads\/2022\/08\/krasna-horka2.jpg",1000,667,false]},"uagb_author_info":{"display_name":"admin","author_link":"https:\/\/www.slovensky-kras.eu\/info\/author\/admin\/"},"uagb_comment_info":0,"uagb_excerpt":"\u0160pecializovan\u00e1 expoz\u00edcia na hrade Kr\u00e1sna H\u00f4rka &#8211; Hrad Kr\u00e1sna H\u00f4rka je z d\u00f4vodu rekon\u0161trukcie pre verejnos\u0165 zatvoren\u00fd!!! Kedy bude Hrad Kr\u00e1sna H\u00f4rka znovu otvoren\u00fd pre verejnos\u0165? Po rokoch n\u00e1ro\u010dnej obnovy [&hellip;]","_links":{"self":[{"href":"https:\/\/www.slovensky-kras.eu\/info\/wp-json\/wp\/v2\/posts\/29009","targetHints":{"allow":["GET"]}}],"collection":[{"href":"https:\/\/www.slovensky-kras.eu\/info\/wp-json\/wp\/v2\/posts"}],"about":[{"href":"https:\/\/www.slovensky-kras.eu\/info\/wp-json\/wp\/v2\/types\/post"}],"author":[{"embeddable":true,"href":"https:\/\/www.slovensky-kras.eu\/info\/wp-json\/wp\/v2\/users\/1"}],"replies":[{"embeddable":true,"href":"https:\/\/www.slovensky-kras.eu\/info\/wp-json\/wp\/v2\/comments?post=29009"}],"version-history":[{"count":10,"href":"https:\/\/www.slovensky-kras.eu\/info\/wp-json\/wp\/v2\/posts\/29009\/revisions"}],"predecessor-version":[{"id":29305,"href":"https:\/\/www.slovensky-kras.eu\/info\/wp-json\/wp\/v2\/posts\/29009\/revisions\/29305"}],"wp:featuredmedia":[{"embeddable":true,"href":"https:\/\/www.slovensky-kras.eu\/info\/wp-json\/wp\/v2\/media\/23471"}],"wp:attachment":[{"href":"https:\/\/www.slovensky-kras.eu\/info\/wp-json\/wp\/v2\/media?parent=29009"}],"wp:term":[{"taxonomy":"category","embeddable":true,"href":"https:\/\/www.slovensky-kras.eu\/info\/wp-json\/wp\/v2\/categories?post=29009"},{"taxonomy":"post_tag","embeddable":true,"href":"https:\/\/www.slovensky-kras.eu\/info\/wp-json\/wp\/v2\/tags?post=29009"}],"curies":[{"name":"wp","href":"https:\/\/api.w.org\/{rel}","templated":true}]}}