{"id":27581,"date":"2025-08-01T08:13:06","date_gmt":"2025-08-01T06:13:06","guid":{"rendered":"https:\/\/www.slovensky-kras.eu\/info\/?p=27581"},"modified":"2025-08-01T09:53:18","modified_gmt":"2025-08-01T07:53:18","slug":"turniansky-hrad-obnova-pokracuje-z-veze-bude-vyhliadka-s-vyhladom-do-okolia","status":"publish","type":"post","link":"https:\/\/www.slovensky-kras.eu\/info\/turniansky-hrad-obnova-pokracuje-z-veze-bude-vyhliadka-s-vyhladom-do-okolia\/","title":{"rendered":"Turniansky hrad: Pokra\u010duje obnova, vyhliadkov\u00e1 ve\u017ea je v pl\u00e1noch"},"content":{"rendered":"<p><strong>Turniansky hrad \u010dak\u00e1 postupn\u00e1 obnova, vyhliadkov\u00e1 ve\u017ea zatia\u013e v pl\u00e1noch&#x1f3f0;&#x2728;<\/strong><\/p>\n<p class=\"ds-markdown-paragraph\">Milovn\u00edci hist\u00f3rie, turisti a v\u0161etci, ktor\u00ed oce\u0148uj\u00fa kult\u00farne dedi\u010dstvo, maj\u00fa d\u00f4vod by\u0165 zvedav\u00ed!\u00a0<strong>Turniansky hrad<\/strong>, v\u00fdznamn\u00e1 n\u00e1rodn\u00e1 kult\u00farna pamiatka, prech\u00e1dza postupnou obnovou. Ako n\u00e1m povedal\u00a0<strong>Imrich Bug\u00e1r, predseda ob\u010dianskeho zdru\u017eenia (OZ) Castrum Thorna<\/strong>, medzi dlhodob\u00e9 pl\u00e1ny patr\u00ed aj vybudovanie vyhliadkovej ve\u017ee, no jej realiz\u00e1cia je zatia\u013e v nedoh\u013eadne.<\/p>\n<h2><span style=\"color: #800000;\"><strong>Desa\u0165 rokov usilovnej pr\u00e1ce na z\u00e1chrane hradu<\/strong><\/span><\/h2>\n<p class=\"ds-markdown-paragraph\">OZ Castrum Thorna sa venuje z\u00e1chrane Turnianskeho hradu u\u017e\u00a0<strong>cel\u00fa dek\u00e1du<\/strong>. &#8222;Ke\u010f sme za\u010d\u00ednali, hrad bol prakticky nepr\u00edstupn\u00fd, \u00faplne pohlten\u00fd veget\u00e1ciou,&#8220; spom\u00edna\u00a0<strong>Imrich Bug\u00e1r<\/strong>. Postupne sa podarilo:<\/p>\n<ul>\n<li>\n<p class=\"ds-markdown-paragraph\">Vy\u010disti\u0165 are\u00e1l od n\u00e1letov\u00fdch drev\u00edn<\/p>\n<\/li>\n<li>\n<p class=\"ds-markdown-paragraph\">Zabezpe\u010di\u0165 zachoval\u00e9 \u010dasti hradu<\/p>\n<\/li>\n<li>\n<p class=\"ds-markdown-paragraph\">Za\u010da\u0165 s rekon\u0161trukciou najpotrebnej\u0161\u00edch \u010dast\u00ed<\/p>\n<\/li>\n<\/ul>\n<h3><span style=\"color: #808000;\"><strong>\u010co sa u\u017e podarilo?<\/strong><\/span><\/h3>\n<p class=\"ds-markdown-paragraph\">\u2713 Zabezpe\u010denie vstupnej br\u00e1ny<br \/>\n\u2713 \u010ciasto\u010dn\u00e1 obnova m\u00farov<br \/>\n\u2713 Archeologick\u00fd prieskum (n\u00e1jden\u00e9 dve delov\u00e9 gule)<br \/>\n\u2713 Pr\u00edprava priestorov pre bud\u00face vyu\u017eitie<\/p>\n<h2><span style=\"color: #800000;\"><strong>S\u00fa\u010dasn\u00e9 v\u00fdzvy a prek\u00e1\u017eky<\/strong><\/span><\/h2>\n<p class=\"ds-markdown-paragraph\">Pod\u013ea slov\u00a0<strong>predsedu Bug\u00e1ra<\/strong>\u00a0je obnova n\u00e1ro\u010dn\u00e1 z viacer\u00fdch d\u00f4vodov:<\/p>\n<ol start=\"1\">\n<li>\n<p class=\"ds-markdown-paragraph\"><strong>Doprava materi\u00e1lu<\/strong>\u00a0&#8211; v\u0161etko sa mus\u00ed vyn\u00e1\u0161a\u0165 ru\u010dne, minul\u00fd rok to bolo 30 ton piesku<\/p>\n<\/li>\n<li>\n<p class=\"ds-markdown-paragraph\"><strong>Finan\u010dn\u00e9 obmedzenia<\/strong>\u00a0&#8211; projekt je z\u00e1visl\u00fd od dot\u00e1ci\u00ed a darov<\/p>\n<\/li>\n<li>\n<p class=\"ds-markdown-paragraph\"><strong>Ochrana pr\u00edrody<\/strong>\u00a0&#8211; hrad sa nach\u00e1dza v chr\u00e1nenej oblasti<\/p>\n<\/li>\n<\/ol>\n<p class=\"ds-markdown-paragraph\">&#8222;Ka\u017ed\u00fd krok vpred je v\u00fdsledkom obrovsk\u00e9ho \u00fasilia,&#8220; dod\u00e1va\u00a0<strong>Bug\u00e1r<\/strong>.<\/p>\n<h2><span style=\"color: #800000;\"><strong>Vyhliadkov\u00e1 ve\u017ea &#8211; kr\u00e1sny, no zatia\u013e neist\u00fd pl\u00e1n<\/strong><\/span><\/h2>\n<p class=\"ds-markdown-paragraph\">Medzi v\u00edzie zdru\u017eenia patr\u00ed vybudovanie vyhliadkovej ve\u017ee, no:<\/p>\n<ul>\n<li>\n<p class=\"ds-markdown-paragraph\">Moment\u00e1lne nie je stanoven\u00fd konkr\u00e9tny term\u00edn realiz\u00e1cie<\/p>\n<\/li>\n<li>\n<p class=\"ds-markdown-paragraph\">Projekt je z\u00e1visl\u00fd od z\u00edskania financi\u00ed<\/p>\n<\/li>\n<li>\n<p class=\"ds-markdown-paragraph\">Je potrebn\u00e9 vyrie\u0161i\u0165 logistick\u00e9 v\u00fdzvy (preprava \u0165a\u017ek\u00fdch materi\u00e1lov)<\/p>\n<\/li>\n<\/ul>\n<p class=\"ds-markdown-paragraph\">&#8222;Radi by sme, aby sa tento pl\u00e1n \u010do sk\u00f4r stal realitou, no zatia\u013e nem\u00f4\u017eeme s\u013eubova\u0165 konkr\u00e9tny d\u00e1tum,&#8220; vysvet\u013euje\u00a0<strong>predseda zdru\u017eenia<\/strong>.<\/p>\n<h2><span style=\"color: #800000;\"><strong>Ako m\u00f4\u017eete pom\u00f4c\u0165?<\/strong><\/span><\/h2>\n<p class=\"ds-markdown-paragraph\"><strong>Imrich Bug\u00e1r<\/strong>\u00a0poz\u00fdva v\u0161etk\u00fdch, ktor\u00fdm z\u00e1le\u017e\u00ed na kult\u00farnom dedi\u010dstve:<\/p>\n<ul>\n<li>\n<p class=\"ds-markdown-paragraph\"><strong>Dobrovo\u013en\u00edcka pomoc<\/strong>\u00a0&#8211; fyzick\u00e1 pomoc pri obnove<\/p>\n<\/li>\n<li>\n<p class=\"ds-markdown-paragraph\"><strong>Finan\u010dn\u00e1 podpora<\/strong>\u00a0&#8211; pr\u00edspevky na \u00fa\u010det zdru\u017eenia<\/p>\n<\/li>\n<li>\n<p class=\"ds-markdown-paragraph\"><strong>Materi\u00e1lna pomoc<\/strong>\u00a0&#8211; stavebn\u00fd materi\u00e1l, vybavenie<\/p>\n<\/li>\n<li>\n<p class=\"ds-markdown-paragraph\"><strong>\u0160\u00edrenie inform\u00e1ci\u00ed<\/strong>\u00a0&#8211; povedzte o hrade svojim zn\u00e1mym<\/p>\n<\/li>\n<\/ul>\n<p class=\"ds-markdown-paragraph\">&#8222;Ka\u017ed\u00e1 forma pomoci n\u00e1s pos\u00fava bli\u017e\u0161ie k cie\u013eom,&#8220; zd\u00f4raz\u0148uje\u00a0<strong>predseda OZ Castrum Thorna<\/strong>.<\/p>\n<h2><span style=\"color: #800000;\"><strong>Kontakt a viac inform\u00e1ci\u00ed<\/strong><\/span><\/h2>\n<p class=\"ds-markdown-paragraph\">&#x1f4cc;\u00a0<strong>Adresa:<\/strong><br \/>\nOZ Castrum Thorna<br \/>\nS\u00eddlisko Cement\u00e1r 320\/18<br \/>\n044 02 Tur\u0148a nad Bodvou<\/p>\n<p class=\"ds-markdown-paragraph\">&#x1f4e7;\u00a0<strong>E-mail:<\/strong>\u00a0<a href=\"https:\/\/mailto:castrumthorna@gmail.com\/\" target=\"_blank\" rel=\"noopener noreferrer\">castrumthorna@gmail.com<\/a><br \/>\n&#x1f310;\u00a0<strong>Web:<\/strong>\u00a0<a href=\"https:\/\/castrumthorna.eu\/\" target=\"_blank\" rel=\"noopener noreferrer\">https:\/\/castrumthorna.eu\/<\/a><\/p>\n<hr \/>\n<figure id=\"attachment_27584\" aria-describedby=\"caption-attachment-27584\" style=\"width: 1000px\" class=\"wp-caption aligncenter\"><a href=\"https:\/\/www.slovensky-kras.eu\/info\/wp-content\/uploads\/2025\/08\/turniansky-hrad.jpg\"><img loading=\"lazy\" decoding=\"async\" class=\"wp-image-27584 size-full\" src=\"https:\/\/www.slovensky-kras.eu\/info\/wp-content\/uploads\/2025\/08\/turniansky-hrad.jpg\" alt=\"Turniansky hrad\" width=\"1000\" height=\"667\" srcset=\"https:\/\/www.slovensky-kras.eu\/info\/wp-content\/uploads\/2025\/08\/turniansky-hrad.jpg 1000w, https:\/\/www.slovensky-kras.eu\/info\/wp-content\/uploads\/2025\/08\/turniansky-hrad-800x534.jpg 800w, https:\/\/www.slovensky-kras.eu\/info\/wp-content\/uploads\/2025\/08\/turniansky-hrad-768x512.jpg 768w\" sizes=\"auto, (max-width: 1000px) 100vw, 1000px\" \/><\/a><figcaption id=\"caption-attachment-27584\" class=\"wp-caption-text\">Turniansky hrad , Fotograf: Jozef Mare\u010dek (https:\/\/www.facebook.com\/jozef.marecek.94)<\/figcaption><\/figure>\n<p class=\"ds-markdown-paragraph\">\n","protected":false},"excerpt":{"rendered":"<p>Turniansky hrad \u010dak\u00e1 postupn\u00e1 obnova, vyhliadkov\u00e1 ve\u017ea zatia\u013e v pl\u00e1noch&#x1f3f0;&#x2728; Milovn\u00edci hist\u00f3rie, turisti a v\u0161etci, ktor\u00ed oce\u0148uj\u00fa kult\u00farne dedi\u010dstvo, maj\u00fa d\u00f4vod by\u0165 zvedav\u00ed!\u00a0Turniansky hrad, v\u00fdznamn\u00e1 n\u00e1rodn\u00e1 kult\u00farna pamiatka, prech\u00e1dza postupnou [&hellip;]<\/p>\n","protected":false},"author":1,"featured_media":27584,"comment_status":"closed","ping_status":"closed","sticky":false,"template":"","format":"standard","meta":{"_uag_custom_page_level_css":"","footnotes":""},"categories":[1,313],"tags":[],"class_list":["post-27581","post","type-post","status-publish","format-standard","has-post-thumbnail","hentry","category-aktuality","category-zaujimavosti"],"featured_image_src":"https:\/\/www.slovensky-kras.eu\/info\/wp-content\/uploads\/2025\/08\/turniansky-hrad.jpg","featured_image_src_square":"https:\/\/www.slovensky-kras.eu\/info\/wp-content\/uploads\/2025\/08\/turniansky-hrad.jpg","author_info":{"display_name":"admin","author_link":"https:\/\/www.slovensky-kras.eu\/info\/author\/admin\/"},"rbea_author_info":{"display_name":"admin","author_link":"https:\/\/www.slovensky-kras.eu\/info\/author\/admin\/"},"rbea_excerpt_info":"Turniansky hrad \u010dak\u00e1 postupn\u00e1 obnova, vyhliadkov\u00e1 ve\u017ea zatia\u013e v pl\u00e1noch&#x1f3f0;&#x2728; Milovn\u00edci hist\u00f3rie, turisti a v\u0161etci, ktor\u00ed oce\u0148uj\u00fa kult\u00farne dedi\u010dstvo, maj\u00fa d\u00f4vod by\u0165 zvedav\u00ed!\u00a0Turniansky hrad, v\u00fdznamn\u00e1 n\u00e1rodn\u00e1 kult\u00farna pamiatka, prech\u00e1dza postupnou [&hellip;]","category_list":"<a href=\"https:\/\/www.slovensky-kras.eu\/info\/domov\/aktuality\/\" rel=\"category tag\">Aktuality<\/a>, <a href=\"https:\/\/www.slovensky-kras.eu\/info\/domov\/aktuality\/zaujimavosti\/\" rel=\"category tag\">Zauj\u00edmavosti<\/a>","comments_num":"0 comments","uagb_featured_image_src":{"full":["https:\/\/www.slovensky-kras.eu\/info\/wp-content\/uploads\/2025\/08\/turniansky-hrad.jpg",1000,667,false],"thumbnail":["https:\/\/www.slovensky-kras.eu\/info\/wp-content\/uploads\/2025\/08\/turniansky-hrad-150x150.jpg",150,150,true],"medium":["https:\/\/www.slovensky-kras.eu\/info\/wp-content\/uploads\/2025\/08\/turniansky-hrad-800x534.jpg",800,534,true],"medium_large":["https:\/\/www.slovensky-kras.eu\/info\/wp-content\/uploads\/2025\/08\/turniansky-hrad-768x512.jpg",768,512,true],"large":["https:\/\/www.slovensky-kras.eu\/info\/wp-content\/uploads\/2025\/08\/turniansky-hrad.jpg",1000,667,false],"1536x1536":["https:\/\/www.slovensky-kras.eu\/info\/wp-content\/uploads\/2025\/08\/turniansky-hrad.jpg",1000,667,false],"2048x2048":["https:\/\/www.slovensky-kras.eu\/info\/wp-content\/uploads\/2025\/08\/turniansky-hrad.jpg",1000,667,false]},"uagb_author_info":{"display_name":"admin","author_link":"https:\/\/www.slovensky-kras.eu\/info\/author\/admin\/"},"uagb_comment_info":0,"uagb_excerpt":"Turniansky hrad \u010dak\u00e1 postupn\u00e1 obnova, vyhliadkov\u00e1 ve\u017ea zatia\u013e v pl\u00e1noch&#x1f3f0;&#x2728; Milovn\u00edci hist\u00f3rie, turisti a v\u0161etci, ktor\u00ed oce\u0148uj\u00fa kult\u00farne dedi\u010dstvo, maj\u00fa d\u00f4vod by\u0165 zvedav\u00ed!\u00a0Turniansky hrad, v\u00fdznamn\u00e1 n\u00e1rodn\u00e1 kult\u00farna pamiatka, prech\u00e1dza postupnou [&hellip;]","_links":{"self":[{"href":"https:\/\/www.slovensky-kras.eu\/info\/wp-json\/wp\/v2\/posts\/27581","targetHints":{"allow":["GET"]}}],"collection":[{"href":"https:\/\/www.slovensky-kras.eu\/info\/wp-json\/wp\/v2\/posts"}],"about":[{"href":"https:\/\/www.slovensky-kras.eu\/info\/wp-json\/wp\/v2\/types\/post"}],"author":[{"embeddable":true,"href":"https:\/\/www.slovensky-kras.eu\/info\/wp-json\/wp\/v2\/users\/1"}],"replies":[{"embeddable":true,"href":"https:\/\/www.slovensky-kras.eu\/info\/wp-json\/wp\/v2\/comments?post=27581"}],"version-history":[{"count":5,"href":"https:\/\/www.slovensky-kras.eu\/info\/wp-json\/wp\/v2\/posts\/27581\/revisions"}],"predecessor-version":[{"id":27593,"href":"https:\/\/www.slovensky-kras.eu\/info\/wp-json\/wp\/v2\/posts\/27581\/revisions\/27593"}],"wp:featuredmedia":[{"embeddable":true,"href":"https:\/\/www.slovensky-kras.eu\/info\/wp-json\/wp\/v2\/media\/27584"}],"wp:attachment":[{"href":"https:\/\/www.slovensky-kras.eu\/info\/wp-json\/wp\/v2\/media?parent=27581"}],"wp:term":[{"taxonomy":"category","embeddable":true,"href":"https:\/\/www.slovensky-kras.eu\/info\/wp-json\/wp\/v2\/categories?post=27581"},{"taxonomy":"post_tag","embeddable":true,"href":"https:\/\/www.slovensky-kras.eu\/info\/wp-json\/wp\/v2\/tags?post=27581"}],"curies":[{"name":"wp","href":"https:\/\/api.w.org\/{rel}","templated":true}]}}