{"id":27126,"date":"2025-08-25T04:43:06","date_gmt":"2025-08-25T02:43:06","guid":{"rendered":"https:\/\/www.slovensky-kras.eu\/info\/?p=27126"},"modified":"2025-08-25T08:36:13","modified_gmt":"2025-08-25T06:36:13","slug":"turisticka-ubytovna-zadiel","status":"publish","type":"post","link":"https:\/\/www.slovensky-kras.eu\/info\/turisticka-ubytovna-zadiel\/","title":{"rendered":"Turistick\u00e1 ubytov\u0148a Z\u00e1diel:  Objavte pokoj a kr\u00e1su v Z\u00e1dieli &#x1f642;"},"content":{"rendered":"<p>&#x1f342; <strong>Pr\u00ed\u010fte si u\u017ei\u0165 letn\u00e9 po\u010dasie<\/strong> do na\u0161ej n\u00e1dhernej malej dedinky. &#x1f3de;&#xfe0f; S mo\u017enos\u0165ou ubytova\u0165 sa pod ties\u0148avou, v k\u013eude, tichu a \u010distote. &#x1f31f;<\/p>\n<p>&#x1f3e1; <strong>Turistick\u00e1 ubytov\u0148a Z\u00e1diel 25<\/strong> poskytuje:<br \/>\n&#x1f6cf;&#xfe0f; 8 izieb pre 18 \u013eud\u00ed.<\/p>\n<p>&#x1f373; S kuchy\u0148ou, kde je mo\u017enos\u0165 si navari\u0165 \u2013 je plne a moderne vybaven\u00e1.<br \/>\n&#x1f6bf; K\u00fape\u013ene a toalety s\u00fa dostupn\u00e9 na chodbe, rozdelen\u00e9 pre maxim\u00e1lne pohodlie.<\/p>\n<p>&#x1f4de; <strong>Ke\u010f n\u00e1m zavol\u00e1te alebo nap\u00ed\u0161ete<\/strong>, radi odpovieme na va\u0161e ot\u00e1zky. A rovno si m\u00f4\u017eete zarezervova\u0165 aj izby! &#x1f60a;<\/p>\n<p>&#x1f4b0; Cena l\u00f4\u017eka: <strong>25 \u20ac<\/strong><\/p>\n<p>&#x1f4f2; Telef\u00f3nne \u010d\u00edslo: <strong>+421 949 643 070<\/strong><br \/>\n&#x1f4e7; Email: <strong><a rel=\"noopener\">zadielubytovna@gmail.com<\/a><\/strong><\/p>\n<p><strong>&#x1f60a; web:<\/strong> <a href=\"https:\/\/www.zadielhostel.eu\/\" target=\"_blank\" rel=\"noopener\">https:\/\/www.zadielhostel.eu\/<\/a><\/p>\n<p>Te\u0161\u00edme sa na v\u00e1s! &#x1f60a;<\/p>\n<p>&#x1f3de;&#xfe0f;&#x1f3de;&#xfe0f;&#x1f3de;&#xfe0f;&#x1f3de;&#xfe0f;&#x1f3de;&#xfe0f;&#x1f3de;&#xfe0f;&#x1f3de;&#xfe0f;&#x1f3de;&#xfe0f;&#x1f3de;&#xfe0f;&#x1f3de;&#xfe0f;&#x1f3de;&#xfe0f;&#x1f3de;&#xfe0f;&#x1f3de;&#xfe0f;<\/p>\n<p>&#x1f3e8; <strong>Pon\u00fakame pre na\u0161ich host\u00ed:<\/strong><\/p>\n<p>&#x1f6cf;&#xfe0f; jednu \u0161tvorl\u00f4\u017ekov\u00fa a \u0161es\u0165 dvojl\u00f4\u017ekov\u00fdch izieb, modern\u00fa kuchy\u0148u s jed\u00e1l\u0148ou, sprchy + toalety.<\/p>\n<p>&#x1f4f6; Bezplatn\u00e9 wifi pripojenie.<\/p>\n<p>&#x1f465; Na\u0161a spolo\u010densk\u00e1 miestnos\u0165 pre <strong>50 os\u00f4b<\/strong> umo\u017e\u0148uje organizova\u0165 konferencie, firemn\u00e9 podujatia, narodeninov\u00e9 oslavy, svadby a v\u0161etky druhy stretnutia.<\/p>\n<p>&#x1f304; Z\u00e1dielska dolina je kr\u00e1sna v ka\u017edom ro\u010dnom obdob\u00ed, pri\u010fte sa presved\u010di\u0165 sami.<\/p>\n<p>&#x1f917; Radi V\u00e1s priv\u00edtame!! &#x1f496;&#x1f642;<\/p>\n<p>&#x1f4de; <strong>Tel. kontakt:<\/strong> +421 949 643 070<\/p>\n<p>&#x2709;&#xfe0f; <strong>Email:<\/strong> <a rel=\"noopener\">zadielubytovna@gmail.com<\/a><\/p>\n<p>&nbsp;<\/p>\n<p>&#x1f6cf;&#xfe0f;&#x1f6cf;&#xfe0f;&#x1f6cf;&#xfe0f;&#x1f6cf;&#xfe0f;<\/p>\n<p><a href=\"https:\/\/www.slovensky-kras.eu\/info\/wp-content\/uploads\/2024\/10\/turisticka-ubtovna-zadiel-2.jpg\"><img loading=\"lazy\" decoding=\"async\" class=\"aligncenter size-full wp-image-27129\" src=\"https:\/\/www.slovensky-kras.eu\/info\/wp-content\/uploads\/2024\/10\/turisticka-ubtovna-zadiel-2.jpg\" alt=\"\" width=\"1000\" height=\"450\" srcset=\"https:\/\/www.slovensky-kras.eu\/info\/wp-content\/uploads\/2024\/10\/turisticka-ubtovna-zadiel-2.jpg 1000w, https:\/\/www.slovensky-kras.eu\/info\/wp-content\/uploads\/2024\/10\/turisticka-ubtovna-zadiel-2-800x360.jpg 800w, https:\/\/www.slovensky-kras.eu\/info\/wp-content\/uploads\/2024\/10\/turisticka-ubtovna-zadiel-2-768x346.jpg 768w\" sizes=\"auto, (max-width: 1000px) 100vw, 1000px\" \/><\/a> <a href=\"https:\/\/www.slovensky-kras.eu\/info\/wp-content\/uploads\/2024\/10\/turisticka-ubtovna-zadiel-3.jpg\"><img loading=\"lazy\" decoding=\"async\" class=\"aligncenter size-full wp-image-27130\" src=\"https:\/\/www.slovensky-kras.eu\/info\/wp-content\/uploads\/2024\/10\/turisticka-ubtovna-zadiel-3.jpg\" alt=\"\" width=\"1000\" height=\"450\" srcset=\"https:\/\/www.slovensky-kras.eu\/info\/wp-content\/uploads\/2024\/10\/turisticka-ubtovna-zadiel-3.jpg 1000w, https:\/\/www.slovensky-kras.eu\/info\/wp-content\/uploads\/2024\/10\/turisticka-ubtovna-zadiel-3-800x360.jpg 800w, https:\/\/www.slovensky-kras.eu\/info\/wp-content\/uploads\/2024\/10\/turisticka-ubtovna-zadiel-3-768x346.jpg 768w\" sizes=\"auto, (max-width: 1000px) 100vw, 1000px\" \/><\/a> <a href=\"https:\/\/www.slovensky-kras.eu\/info\/wp-content\/uploads\/2024\/10\/turisticka-ubtovna-zadiel-4.jpg\"><img loading=\"lazy\" decoding=\"async\" class=\"aligncenter size-full wp-image-27131\" src=\"https:\/\/www.slovensky-kras.eu\/info\/wp-content\/uploads\/2024\/10\/turisticka-ubtovna-zadiel-4.jpg\" alt=\"\" width=\"1000\" height=\"450\" srcset=\"https:\/\/www.slovensky-kras.eu\/info\/wp-content\/uploads\/2024\/10\/turisticka-ubtovna-zadiel-4.jpg 1000w, https:\/\/www.slovensky-kras.eu\/info\/wp-content\/uploads\/2024\/10\/turisticka-ubtovna-zadiel-4-800x360.jpg 800w, https:\/\/www.slovensky-kras.eu\/info\/wp-content\/uploads\/2024\/10\/turisticka-ubtovna-zadiel-4-768x346.jpg 768w\" sizes=\"auto, (max-width: 1000px) 100vw, 1000px\" \/><\/a> <a href=\"https:\/\/www.slovensky-kras.eu\/info\/wp-content\/uploads\/2024\/10\/turisticka-ubtovna-zadiel-5.jpg\"><img loading=\"lazy\" decoding=\"async\" class=\"aligncenter size-full wp-image-27132\" src=\"https:\/\/www.slovensky-kras.eu\/info\/wp-content\/uploads\/2024\/10\/turisticka-ubtovna-zadiel-5.jpg\" alt=\"\" width=\"1000\" height=\"450\" srcset=\"https:\/\/www.slovensky-kras.eu\/info\/wp-content\/uploads\/2024\/10\/turisticka-ubtovna-zadiel-5.jpg 1000w, https:\/\/www.slovensky-kras.eu\/info\/wp-content\/uploads\/2024\/10\/turisticka-ubtovna-zadiel-5-800x360.jpg 800w, https:\/\/www.slovensky-kras.eu\/info\/wp-content\/uploads\/2024\/10\/turisticka-ubtovna-zadiel-5-768x346.jpg 768w\" sizes=\"auto, (max-width: 1000px) 100vw, 1000px\" \/><\/a> <a href=\"https:\/\/www.slovensky-kras.eu\/info\/wp-content\/uploads\/2024\/10\/turisticka-ubtovna-zadiel-6.jpg\"><img loading=\"lazy\" decoding=\"async\" class=\"aligncenter size-full wp-image-27133\" src=\"https:\/\/www.slovensky-kras.eu\/info\/wp-content\/uploads\/2024\/10\/turisticka-ubtovna-zadiel-6.jpg\" alt=\"\" width=\"1000\" height=\"450\" srcset=\"https:\/\/www.slovensky-kras.eu\/info\/wp-content\/uploads\/2024\/10\/turisticka-ubtovna-zadiel-6.jpg 1000w, https:\/\/www.slovensky-kras.eu\/info\/wp-content\/uploads\/2024\/10\/turisticka-ubtovna-zadiel-6-800x360.jpg 800w, https:\/\/www.slovensky-kras.eu\/info\/wp-content\/uploads\/2024\/10\/turisticka-ubtovna-zadiel-6-768x346.jpg 768w\" sizes=\"auto, (max-width: 1000px) 100vw, 1000px\" \/><\/a> <a href=\"https:\/\/www.slovensky-kras.eu\/info\/wp-content\/uploads\/2024\/10\/turisticka-ubtovna-zadiel.jpg\"><img loading=\"lazy\" decoding=\"async\" class=\"aligncenter size-full wp-image-27134\" src=\"https:\/\/www.slovensky-kras.eu\/info\/wp-content\/uploads\/2024\/10\/turisticka-ubtovna-zadiel.jpg\" alt=\"\" width=\"1476\" height=\"709\" srcset=\"https:\/\/www.slovensky-kras.eu\/info\/wp-content\/uploads\/2024\/10\/turisticka-ubtovna-zadiel.jpg 1476w, https:\/\/www.slovensky-kras.eu\/info\/wp-content\/uploads\/2024\/10\/turisticka-ubtovna-zadiel-800x384.jpg 800w, https:\/\/www.slovensky-kras.eu\/info\/wp-content\/uploads\/2024\/10\/turisticka-ubtovna-zadiel-1024x492.jpg 1024w, https:\/\/www.slovensky-kras.eu\/info\/wp-content\/uploads\/2024\/10\/turisticka-ubtovna-zadiel-768x369.jpg 768w\" sizes=\"auto, (max-width: 1476px) 100vw, 1476px\" \/><\/a><\/p>\n<p>&nbsp;<\/p>\n","protected":false},"excerpt":{"rendered":"<p>&#x1f342; Pr\u00ed\u010fte si u\u017ei\u0165 letn\u00e9 po\u010dasie do na\u0161ej n\u00e1dhernej malej dedinky. &#x1f3de;&#xfe0f; S mo\u017enos\u0165ou ubytova\u0165 sa pod ties\u0148avou, v k\u013eude, tichu a \u010distote. &#x1f31f; &#x1f3e1; Turistick\u00e1 ubytov\u0148a Z\u00e1diel 25 poskytuje: [&hellip;]<\/p>\n","protected":false},"author":1,"featured_media":27134,"comment_status":"closed","ping_status":"closed","sticky":false,"template":"","format":"standard","meta":{"_uag_custom_page_level_css":"","footnotes":""},"categories":[1,321],"tags":[],"class_list":["post-27126","post","type-post","status-publish","format-standard","has-post-thumbnail","hentry","category-aktuality","category-vylety-a-turistika"],"featured_image_src":"https:\/\/www.slovensky-kras.eu\/info\/wp-content\/uploads\/2024\/10\/turisticka-ubtovna-zadiel.jpg","featured_image_src_square":"https:\/\/www.slovensky-kras.eu\/info\/wp-content\/uploads\/2024\/10\/turisticka-ubtovna-zadiel.jpg","author_info":{"display_name":"admin","author_link":"https:\/\/www.slovensky-kras.eu\/info\/author\/admin\/"},"rbea_author_info":{"display_name":"admin","author_link":"https:\/\/www.slovensky-kras.eu\/info\/author\/admin\/"},"rbea_excerpt_info":"&#x1f342; Pr\u00ed\u010fte si u\u017ei\u0165 letn\u00e9 po\u010dasie do na\u0161ej n\u00e1dhernej malej dedinky. &#x1f3de;&#xfe0f; S mo\u017enos\u0165ou ubytova\u0165 sa pod ties\u0148avou, v k\u013eude, tichu a \u010distote. &#x1f31f; &#x1f3e1; Turistick\u00e1 ubytov\u0148a Z\u00e1diel 25 poskytuje: [&hellip;]","category_list":"<a href=\"https:\/\/www.slovensky-kras.eu\/info\/domov\/aktuality\/\" rel=\"category tag\">Aktuality<\/a>, <a href=\"https:\/\/www.slovensky-kras.eu\/info\/domov\/aktuality\/vylety-a-turistika\/\" rel=\"category tag\">V\u00fdlety a turistika<\/a>","comments_num":"0 comments","uagb_featured_image_src":{"full":["https:\/\/www.slovensky-kras.eu\/info\/wp-content\/uploads\/2024\/10\/turisticka-ubtovna-zadiel.jpg",1476,709,false],"thumbnail":["https:\/\/www.slovensky-kras.eu\/info\/wp-content\/uploads\/2024\/10\/turisticka-ubtovna-zadiel-150x150.jpg",150,150,true],"medium":["https:\/\/www.slovensky-kras.eu\/info\/wp-content\/uploads\/2024\/10\/turisticka-ubtovna-zadiel-800x384.jpg",800,384,true],"medium_large":["https:\/\/www.slovensky-kras.eu\/info\/wp-content\/uploads\/2024\/10\/turisticka-ubtovna-zadiel-768x369.jpg",768,369,true],"large":["https:\/\/www.slovensky-kras.eu\/info\/wp-content\/uploads\/2024\/10\/turisticka-ubtovna-zadiel-1024x492.jpg",1024,492,true],"1536x1536":["https:\/\/www.slovensky-kras.eu\/info\/wp-content\/uploads\/2024\/10\/turisticka-ubtovna-zadiel.jpg",1476,709,false],"2048x2048":["https:\/\/www.slovensky-kras.eu\/info\/wp-content\/uploads\/2024\/10\/turisticka-ubtovna-zadiel.jpg",1476,709,false]},"uagb_author_info":{"display_name":"admin","author_link":"https:\/\/www.slovensky-kras.eu\/info\/author\/admin\/"},"uagb_comment_info":0,"uagb_excerpt":"&#x1f342; Pr\u00ed\u010fte si u\u017ei\u0165 letn\u00e9 po\u010dasie do na\u0161ej n\u00e1dhernej malej dedinky. &#x1f3de;&#xfe0f; S mo\u017enos\u0165ou ubytova\u0165 sa pod ties\u0148avou, v k\u013eude, tichu a \u010distote. &#x1f31f; &#x1f3e1; Turistick\u00e1 ubytov\u0148a Z\u00e1diel 25 poskytuje: [&hellip;]","_links":{"self":[{"href":"https:\/\/www.slovensky-kras.eu\/info\/wp-json\/wp\/v2\/posts\/27126","targetHints":{"allow":["GET"]}}],"collection":[{"href":"https:\/\/www.slovensky-kras.eu\/info\/wp-json\/wp\/v2\/posts"}],"about":[{"href":"https:\/\/www.slovensky-kras.eu\/info\/wp-json\/wp\/v2\/types\/post"}],"author":[{"embeddable":true,"href":"https:\/\/www.slovensky-kras.eu\/info\/wp-json\/wp\/v2\/users\/1"}],"replies":[{"embeddable":true,"href":"https:\/\/www.slovensky-kras.eu\/info\/wp-json\/wp\/v2\/comments?post=27126"}],"version-history":[{"count":7,"href":"https:\/\/www.slovensky-kras.eu\/info\/wp-json\/wp\/v2\/posts\/27126\/revisions"}],"predecessor-version":[{"id":27681,"href":"https:\/\/www.slovensky-kras.eu\/info\/wp-json\/wp\/v2\/posts\/27126\/revisions\/27681"}],"wp:featuredmedia":[{"embeddable":true,"href":"https:\/\/www.slovensky-kras.eu\/info\/wp-json\/wp\/v2\/media\/27134"}],"wp:attachment":[{"href":"https:\/\/www.slovensky-kras.eu\/info\/wp-json\/wp\/v2\/media?parent=27126"}],"wp:term":[{"taxonomy":"category","embeddable":true,"href":"https:\/\/www.slovensky-kras.eu\/info\/wp-json\/wp\/v2\/categories?post=27126"},{"taxonomy":"post_tag","embeddable":true,"href":"https:\/\/www.slovensky-kras.eu\/info\/wp-json\/wp\/v2\/tags?post=27126"}],"curies":[{"name":"wp","href":"https:\/\/api.w.org\/{rel}","templated":true}]}}