{"id":27057,"date":"2025-08-25T05:45:11","date_gmt":"2025-08-25T03:45:11","guid":{"rendered":"https:\/\/www.slovensky-kras.eu\/info\/?p=27057"},"modified":"2025-08-25T08:36:41","modified_gmt":"2025-08-25T06:36:41","slug":"informacne-centrum-muzeum-zadiel-otvaracie-hodiny","status":"publish","type":"post","link":"https:\/\/www.slovensky-kras.eu\/info\/informacne-centrum-muzeum-zadiel-otvaracie-hodiny\/","title":{"rendered":"Informa\u010dn\u00e9 centrum a m\u00fazeum Z\u00e1diel &#8211; Otv\u00e1racie hodiny"},"content":{"rendered":"<p class=\"ds-markdown-paragraph\"><strong>M\u00fazeum Z\u00e1diel<\/strong>\u00a0&#x1f3db;&#xfe0f;\u00a0<strong>&#x2757;&#xfe0f;OTVOREN\u00c9&#x2757;&#xfe0f;<\/strong>\u00a0&#x2705;<br \/>\n&#x1f4c5;\u00a0<strong>Cez v\u00edkendy a sviatky.<\/strong><\/p>\n<p class=\"ds-markdown-paragraph\">&#x1f465;\u00a0<strong>Pre v\u00e4\u010d\u0161ie skupiny (8+ \u013eud\u00ed)<\/strong>\u00a0\u2013 mo\u017en\u00e1 obhliadka m\u00fazea aj\u00a0<strong>po dohode<\/strong>.<br \/>\n&#x1f4de;\u00a0<strong>Kontakt:<\/strong>\u00a0&#x260e;&#xfe0f;\u00a0<strong>+421 949 643 070<\/strong><\/p>\n<p>&nbsp;<\/p>\n<p>&#x1f389; M\u00f4\u017eete si pr\u00eds\u0165 k\u00fapi\u0165 <strong>suven\u00edr so z\u00e1dielskou tematikou<\/strong>, pozrie\u0165 si na\u0161e\u00a0<strong>skromn\u00e9 m\u00fazeum<\/strong>, alebo sa len tak prejs\u0165 v\u00a0<strong>\u010distej a kr\u00e1snej pr\u00edrode<\/strong>. &#x1f333;&#x2728;<\/p>\n<p><strong>Te\u0161\u00edme sa na V\u00e1s!<\/strong> &#x1f60a; &#x1f496;\u00a0<strong>Ka\u017ed\u00e9ho radi uvid\u00edme!<\/strong>\u00a0&#x1f60a;<\/p>\n<h3><span style=\"color: #808000;\">Informa\u010dn\u00e9 centrum<\/span><\/h3>\n<p>Vstupnou br\u00e1nou do Z\u00e1dielsky ties\u0148avy je malebn\u00e1 turistick\u00e1 obec Z\u00e1diel.<\/p>\n<figure id=\"attachment_27064\" aria-describedby=\"caption-attachment-27064\" style=\"width: 800px\" class=\"wp-caption aligncenter\"><a href=\"https:\/\/www.slovensky-kras.eu\/info\/wp-content\/uploads\/2024\/10\/zadiel-info1.jpg\"><img loading=\"lazy\" decoding=\"async\" class=\"wp-image-27064 size-medium\" src=\"https:\/\/www.slovensky-kras.eu\/info\/wp-content\/uploads\/2024\/10\/zadiel-info1-800x360.jpg\" alt=\"Informa\u010dn\u00e9 centrum a m\u00fazeum Z\u00e1diel\" width=\"800\" height=\"360\" srcset=\"https:\/\/www.slovensky-kras.eu\/info\/wp-content\/uploads\/2024\/10\/zadiel-info1-800x360.jpg 800w, https:\/\/www.slovensky-kras.eu\/info\/wp-content\/uploads\/2024\/10\/zadiel-info1-768x346.jpg 768w, https:\/\/www.slovensky-kras.eu\/info\/wp-content\/uploads\/2024\/10\/zadiel-info1.jpg 1000w\" sizes=\"auto, (max-width: 800px) 100vw, 800px\" \/><\/a><figcaption id=\"caption-attachment-27064\" class=\"wp-caption-text\">Informa\u010dn\u00e9 centrum a m\u00fazeum Z\u00e1diel<\/figcaption><\/figure>\n<p>V obci sa nach\u00e1dza informa\u010dn\u00e9 centrum, ktor\u00e9 sa nach\u00e1dza v tesnej bl\u00edzkosti platen\u00e9ho parkoviska.<\/p>\n<p>Priestory informa\u010dn\u00e9ho centra poskytn\u00fa n\u00e1v\u0161tevn\u00edkom z\u00e1kladn\u00e9 turistick\u00e9 inform\u00e1cie o turistick\u00fdch mo\u017enostiach, pamiatkach a pr\u00edrodn\u00fdch zauj\u00edmavostiach v tejto \u010dasti Slovensk\u00e9ho krasu.<\/p>\n<figure id=\"attachment_27066\" aria-describedby=\"caption-attachment-27066\" style=\"width: 800px\" class=\"wp-caption aligncenter\"><a href=\"https:\/\/www.slovensky-kras.eu\/info\/wp-content\/uploads\/2024\/10\/zadiel-info4.jpg\"><img loading=\"lazy\" decoding=\"async\" class=\"wp-image-27066 size-medium\" src=\"https:\/\/www.slovensky-kras.eu\/info\/wp-content\/uploads\/2024\/10\/zadiel-info4-800x360.jpg\" alt=\"Informa\u010dn\u00e9 centrum a m\u00fazeum Z\u00e1diel\" width=\"800\" height=\"360\" srcset=\"https:\/\/www.slovensky-kras.eu\/info\/wp-content\/uploads\/2024\/10\/zadiel-info4-800x360.jpg 800w, https:\/\/www.slovensky-kras.eu\/info\/wp-content\/uploads\/2024\/10\/zadiel-info4-768x346.jpg 768w, https:\/\/www.slovensky-kras.eu\/info\/wp-content\/uploads\/2024\/10\/zadiel-info4.jpg 1000w\" sizes=\"auto, (max-width: 800px) 100vw, 800px\" \/><\/a><figcaption id=\"caption-attachment-27066\" class=\"wp-caption-text\">Informa\u010dn\u00e9 centrum a m\u00fazeum Z\u00e1diel<\/figcaption><\/figure>\n<p><strong>Ponuka slu\u017eieb Turistick\u00e9ho informa\u010dn\u00e9ho centra:<\/strong><\/p>\n<ul>\n<li>bezplatn\u00e9 inform\u00e1cie o regi\u00f3ne a turistick\u00fdch mo\u017enostiach<\/li>\n<\/ul>\n<ul>\n<li>predaj turistick\u00fdch m\u00e1p, spomienkov\u00fdch predmetov a propaga\u010dn\u00fdch materi\u00e1lov<\/li>\n<\/ul>\n<ul>\n<li>bezplatn\u00e9 inform\u00e1cie o ubytovac\u00edch a stravovac\u00edch zariadeniach<\/li>\n<\/ul>\n<h3><span style=\"color: #808000;\">M\u00fazeum<\/span><\/h3>\n<p>S\u00fa\u010das\u0165ou informa\u010dn\u00e9ho centra je aj obecn\u00e9 m\u00fazeum.<\/p>\n<figure id=\"attachment_27063\" aria-describedby=\"caption-attachment-27063\" style=\"width: 800px\" class=\"wp-caption aligncenter\"><a href=\"https:\/\/www.slovensky-kras.eu\/info\/wp-content\/uploads\/2024\/10\/muzeum-zadiel.jpg\"><img loading=\"lazy\" decoding=\"async\" class=\"wp-image-27063 size-medium\" src=\"https:\/\/www.slovensky-kras.eu\/info\/wp-content\/uploads\/2024\/10\/muzeum-zadiel-800x360.jpg\" alt=\"Informa\u010dn\u00e9 centrum a m\u00fazeum Z\u00e1diel\" width=\"800\" height=\"360\" srcset=\"https:\/\/www.slovensky-kras.eu\/info\/wp-content\/uploads\/2024\/10\/muzeum-zadiel-800x360.jpg 800w, https:\/\/www.slovensky-kras.eu\/info\/wp-content\/uploads\/2024\/10\/muzeum-zadiel-768x346.jpg 768w, https:\/\/www.slovensky-kras.eu\/info\/wp-content\/uploads\/2024\/10\/muzeum-zadiel.jpg 1000w\" sizes=\"auto, (max-width: 800px) 100vw, 800px\" \/><\/a><figcaption id=\"caption-attachment-27063\" class=\"wp-caption-text\">Informa\u010dn\u00e9 centrum a m\u00fazeum Z\u00e1diel<\/figcaption><\/figure>\n<p>V m\u00fazeu sa nach\u00e1dza v\u00fdstava region\u00e1lnych expoz\u00edci\u00ed s n\u00e1zvom Z\u00e1dielsky kabinet.<\/p>\n<p>Expoz\u00edcia, prezentuje verejnosti origin\u00e1lnu zbierku predmetov zozbieran\u00fdch od obyvate\u013eov obce Z\u00e1diel.<\/p>\n<p>Expoz\u00edcia je doplnen\u00e1 je o pr\u00edrodniny, ktor\u00e9 s\u00fa zapo\u017ei\u010dan\u00e9 z Pr\u00edrodovedeck\u00e9ho fondu V\u00fdchodoslovensk\u00e9ho m\u00fazea.<\/p>\n<h3><span style=\"color: #808000;\">Otv\u00e1racie hodiny<\/span><\/h3>\n<p><strong>Pondelok: <\/strong>Zatvoren\u00e9<br \/>\n<strong>Utorok: <\/strong>Zatvoren\u00e9<br \/>\n<strong>Streda: <\/strong>Zatvoren\u00e9<br \/>\n<strong>\u0160tvrtok: <\/strong>Zatvoren\u00e9<br \/>\n<strong>Piatok: <\/strong>9:00- 15:00<br \/>\n<strong>Sobota:<\/strong> 9:00- 15:00<br \/>\n<strong>Nede\u013ea:<\/strong> 9:00- 15:00<\/p>\n<h3><span style=\"color: #808000;\">Kontakt<\/span><\/h3>\n<p><strong>Informa\u010dn\u00e9 centrum a m\u00fazeum v obci Z\u00e1diel<\/strong><br \/>\nZ\u00e1diel 25,<br \/>\n044 02 Z\u00e1diel<br \/>\n<strong>E-mail:<\/strong> info@obeczadiel.sk<br \/>\n<strong>Telefon:<\/strong> 0554662446<\/p>\n<p>S\u00fa\u010das\u0165ou multifunk\u010dnej budovy informa\u010dn\u00e9ho centra je aj nov\u00e1 <em><a href=\"https:\/\/www.slovensky-kras.eu\/info\/turisticka-ubytovna-zadiel\/\" target=\"_blank\" rel=\"noopener\">turistick\u00e1 ubytov\u0148a<\/a>.<\/em><\/p>\n<p><strong>Zdroj foto:<\/strong> <a href=\"https:\/\/www.facebook.com\/zadiel.obec\" target=\"_blank\" rel=\"noopener\">Obec Z\u00e1diel<\/a><\/p>\n","protected":false},"excerpt":{"rendered":"<p>M\u00fazeum Z\u00e1diel\u00a0&#x1f3db;&#xfe0f;\u00a0&#x2757;&#xfe0f;OTVOREN\u00c9&#x2757;&#xfe0f;\u00a0&#x2705; &#x1f4c5;\u00a0Cez v\u00edkendy a sviatky. &#x1f465;\u00a0Pre v\u00e4\u010d\u0161ie skupiny (8+ \u013eud\u00ed)\u00a0\u2013 mo\u017en\u00e1 obhliadka m\u00fazea aj\u00a0po dohode. &#x1f4de;\u00a0Kontakt:\u00a0&#x260e;&#xfe0f;\u00a0+421 949 643 070 &nbsp; &#x1f389; M\u00f4\u017eete si pr\u00eds\u0165 k\u00fapi\u0165 suven\u00edr so z\u00e1dielskou tematikou, [&hellip;]<\/p>\n","protected":false},"author":1,"featured_media":27064,"comment_status":"closed","ping_status":"closed","sticky":false,"template":"","format":"standard","meta":{"_uag_custom_page_level_css":"","footnotes":""},"categories":[1,312,281],"tags":[],"class_list":["post-27057","post","type-post","status-publish","format-standard","has-post-thumbnail","hentry","category-aktuality","category-muzea-a-galerie","category-otvaracie-hodiny"],"featured_image_src":"https:\/\/www.slovensky-kras.eu\/info\/wp-content\/uploads\/2024\/10\/zadiel-info1.jpg","featured_image_src_square":"https:\/\/www.slovensky-kras.eu\/info\/wp-content\/uploads\/2024\/10\/zadiel-info1.jpg","author_info":{"display_name":"admin","author_link":"https:\/\/www.slovensky-kras.eu\/info\/author\/admin\/"},"rbea_author_info":{"display_name":"admin","author_link":"https:\/\/www.slovensky-kras.eu\/info\/author\/admin\/"},"rbea_excerpt_info":"M\u00fazeum Z\u00e1diel\u00a0&#x1f3db;&#xfe0f;\u00a0&#x2757;&#xfe0f;OTVOREN\u00c9&#x2757;&#xfe0f;\u00a0&#x2705; &#x1f4c5;\u00a0Cez v\u00edkendy a sviatky. &#x1f465;\u00a0Pre v\u00e4\u010d\u0161ie skupiny (8+ \u013eud\u00ed)\u00a0\u2013 mo\u017en\u00e1 obhliadka m\u00fazea aj\u00a0po dohode. &#x1f4de;\u00a0Kontakt:\u00a0&#x260e;&#xfe0f;\u00a0+421 949 643 070 &nbsp; &#x1f389; M\u00f4\u017eete si pr\u00eds\u0165 k\u00fapi\u0165 suven\u00edr so z\u00e1dielskou tematikou, [&hellip;]","category_list":"<a href=\"https:\/\/www.slovensky-kras.eu\/info\/domov\/aktuality\/\" rel=\"category tag\">Aktuality<\/a>, <a href=\"https:\/\/www.slovensky-kras.eu\/info\/domov\/aktuality\/muzea-a-galerie\/\" rel=\"category tag\">M\u00faze\u00e1 a gal\u00e9rie<\/a>, <a href=\"https:\/\/www.slovensky-kras.eu\/info\/domov\/aktuality\/otvaracie-hodiny\/\" rel=\"category tag\">Otv\u00e1racie hodiny<\/a>","comments_num":"0 comments","uagb_featured_image_src":{"full":["https:\/\/www.slovensky-kras.eu\/info\/wp-content\/uploads\/2024\/10\/zadiel-info1.jpg",1000,450,false],"thumbnail":["https:\/\/www.slovensky-kras.eu\/info\/wp-content\/uploads\/2024\/10\/zadiel-info1-150x150.jpg",150,150,true],"medium":["https:\/\/www.slovensky-kras.eu\/info\/wp-content\/uploads\/2024\/10\/zadiel-info1-800x360.jpg",800,360,true],"medium_large":["https:\/\/www.slovensky-kras.eu\/info\/wp-content\/uploads\/2024\/10\/zadiel-info1-768x346.jpg",768,346,true],"large":["https:\/\/www.slovensky-kras.eu\/info\/wp-content\/uploads\/2024\/10\/zadiel-info1.jpg",1000,450,false],"1536x1536":["https:\/\/www.slovensky-kras.eu\/info\/wp-content\/uploads\/2024\/10\/zadiel-info1.jpg",1000,450,false],"2048x2048":["https:\/\/www.slovensky-kras.eu\/info\/wp-content\/uploads\/2024\/10\/zadiel-info1.jpg",1000,450,false]},"uagb_author_info":{"display_name":"admin","author_link":"https:\/\/www.slovensky-kras.eu\/info\/author\/admin\/"},"uagb_comment_info":0,"uagb_excerpt":"M\u00fazeum Z\u00e1diel\u00a0&#x1f3db;&#xfe0f;\u00a0&#x2757;&#xfe0f;OTVOREN\u00c9&#x2757;&#xfe0f;\u00a0&#x2705; &#x1f4c5;\u00a0Cez v\u00edkendy a sviatky. &#x1f465;\u00a0Pre v\u00e4\u010d\u0161ie skupiny (8+ \u013eud\u00ed)\u00a0\u2013 mo\u017en\u00e1 obhliadka m\u00fazea aj\u00a0po dohode. &#x1f4de;\u00a0Kontakt:\u00a0&#x260e;&#xfe0f;\u00a0+421 949 643 070 &nbsp; &#x1f389; M\u00f4\u017eete si pr\u00eds\u0165 k\u00fapi\u0165 suven\u00edr so z\u00e1dielskou tematikou, [&hellip;]","_links":{"self":[{"href":"https:\/\/www.slovensky-kras.eu\/info\/wp-json\/wp\/v2\/posts\/27057","targetHints":{"allow":["GET"]}}],"collection":[{"href":"https:\/\/www.slovensky-kras.eu\/info\/wp-json\/wp\/v2\/posts"}],"about":[{"href":"https:\/\/www.slovensky-kras.eu\/info\/wp-json\/wp\/v2\/types\/post"}],"author":[{"embeddable":true,"href":"https:\/\/www.slovensky-kras.eu\/info\/wp-json\/wp\/v2\/users\/1"}],"replies":[{"embeddable":true,"href":"https:\/\/www.slovensky-kras.eu\/info\/wp-json\/wp\/v2\/comments?post=27057"}],"version-history":[{"count":19,"href":"https:\/\/www.slovensky-kras.eu\/info\/wp-json\/wp\/v2\/posts\/27057\/revisions"}],"predecessor-version":[{"id":27682,"href":"https:\/\/www.slovensky-kras.eu\/info\/wp-json\/wp\/v2\/posts\/27057\/revisions\/27682"}],"wp:featuredmedia":[{"embeddable":true,"href":"https:\/\/www.slovensky-kras.eu\/info\/wp-json\/wp\/v2\/media\/27064"}],"wp:attachment":[{"href":"https:\/\/www.slovensky-kras.eu\/info\/wp-json\/wp\/v2\/media?parent=27057"}],"wp:term":[{"taxonomy":"category","embeddable":true,"href":"https:\/\/www.slovensky-kras.eu\/info\/wp-json\/wp\/v2\/categories?post=27057"},{"taxonomy":"post_tag","embeddable":true,"href":"https:\/\/www.slovensky-kras.eu\/info\/wp-json\/wp\/v2\/tags?post=27057"}],"curies":[{"name":"wp","href":"https:\/\/api.w.org\/{rel}","templated":true}]}}