{"id":25502,"date":"2023-08-30T08:55:56","date_gmt":"2023-08-30T06:55:56","guid":{"rendered":"https:\/\/www.slovensky-kras.eu\/info\/?p=25502"},"modified":"2023-08-30T08:55:56","modified_gmt":"2023-08-30T06:55:56","slug":"pred-130-rokmi-otvorili-v-roznave-synagogu","status":"publish","type":"post","link":"https:\/\/www.slovensky-kras.eu\/info\/pred-130-rokmi-otvorili-v-roznave-synagogu\/","title":{"rendered":"Pred 130 rokmi otvorili v Ro\u017e\u0148ave synag\u00f3gu"},"content":{"rendered":"<p>&#x1f3e6;Pred 130 rokmi otvorili v Ro\u017e\u0148ave synag\u00f3gu, dnes by sme ju v meste h\u013eadali m\u00e1rne \ud83d\ude41 <\/p>\n<p>K niekdaj\u0161ej ro\u017e\u0148avskej synag\u00f3ge, postavenej v rokoch 1892 \u2013 1893 v\u00fdznamn\u00fdm ro\u017e\u0148avsk\u00fdm stavite\u013eom N\u00e1ndorom Szilv\u00e1ssym, sa via\u017ee nieko\u013eko v\u00fdro\u010d\u00ed. <\/p>\n<p>Po po\u0161koden\u00ed \u017eidovskej modlitebne po\u017eiarom, ktor\u00fd mesto zasiahol v roku 1890,  rozhodla sa \u017eidovsk\u00e1 obec vzh\u013eadom na rast\u00faci po\u010det \u017eidovsk\u00e9ho obyvate\u013estva postavi\u0165 v Ro\u017e\u0148ave reprezentat\u00edvnu modern\u00fa synag\u00f3gu &#8211; dom modlitby, spolo\u010dn\u00e9 miesto stret\u00e1vania sa a konania \u017eidovsk\u00fdch n\u00e1bo\u017eensk\u00fdch zhroma\u017eden\u00ed a vyu\u010dovania. <\/p>\n<p>Z\u00e1kladn\u00fd kame\u0148 stavby bol polo\u017een\u00fd 11. j\u00fala 1892. Stavba dvojpodla\u017enej budovy s \u00fastredn\u00fdm sakr\u00e1lnym priestorom, postavenej z teh\u00e1l v historizuj\u00facom \u0161t\u00fdle trvala viac ako rok. 29. augusta 1893 bola synag\u00f3ga na Brzot\u00ednskej ulici (dnes \u0160af\u00e1rikova ulica) za pr\u00edtomnosti hlavn\u00e9ho \u017eupana a starostu mesta sl\u00e1vnostne otvoren\u00e1.<\/p>\n<p>&#x2139;&#xfe0f;Viac sa dozviete v pr\u00edspevku Sylvie Hole\u010dkovej v rubrike Kalend\u00e1rium na na\u0161ej webovej str\u00e1nke: <a href=\"https:\/\/www.banmuz.sk\/galerie\/kalendarium\/637-pred-130-rokmi-otvorili-v-roznave-synagogu-dnes-by-sme-ju-v-meste-hladali-marne\" rel=\"noopener\" target=\"_blank\">https:\/\/www.banmuz.sk\/galerie\/kalendarium\/637-pred-130-rokmi-otvorili-v-roznave-synagogu-dnes-by-sme-ju-v-meste-hladali-marne<\/a><\/p>\n<p><iframe loading=\"lazy\" src=\"https:\/\/www.facebook.com\/plugins\/post.php?href=https%3A%2F%2Fwww.facebook.com%2FBanickeMuzeumVRoznave%2Fposts%2Fpfbid02yZE8BPgEBCtHBUBan5ka1iPKacMpooUeYZbcTCBM5eiSSbax7afTabH28vq3A1BMl&#038;width=750&#038;show_text=true&#038;appId=848661642347903&#038;height=841\" width=\"750\" height=\"841\" style=\"border:none;overflow:hidden\" scrolling=\"no\" frameborder=\"0\" allowfullscreen=\"true\" allow=\"autoplay; clipboard-write; encrypted-media; picture-in-picture; web-share\"><\/iframe><\/p>\n","protected":false},"excerpt":{"rendered":"<p>&#x1f3e6;Pred 130 rokmi otvorili v Ro\u017e\u0148ave synag\u00f3gu, dnes by sme ju v meste h\u013eadali m\u00e1rne \ud83d\ude41 K niekdaj\u0161ej ro\u017e\u0148avskej synag\u00f3ge, postavenej v rokoch 1892 \u2013 1893 v\u00fdznamn\u00fdm ro\u017e\u0148avsk\u00fdm stavite\u013eom N\u00e1ndorom [&hellip;]<\/p>\n","protected":false},"author":1,"featured_media":25503,"comment_status":"closed","ping_status":"closed","sticky":false,"template":"","format":"standard","meta":{"_uag_custom_page_level_css":"","footnotes":""},"categories":[1,312,313],"tags":[],"class_list":["post-25502","post","type-post","status-publish","format-standard","has-post-thumbnail","hentry","category-aktuality","category-muzea-a-galerie","category-zaujimavosti"],"featured_image_src":"https:\/\/www.slovensky-kras.eu\/info\/wp-content\/uploads\/2023\/08\/sinagoga.jpg","featured_image_src_square":"https:\/\/www.slovensky-kras.eu\/info\/wp-content\/uploads\/2023\/08\/sinagoga.jpg","author_info":{"display_name":"admin","author_link":"https:\/\/www.slovensky-kras.eu\/info\/author\/admin\/"},"rbea_author_info":{"display_name":"admin","author_link":"https:\/\/www.slovensky-kras.eu\/info\/author\/admin\/"},"rbea_excerpt_info":"&#x1f3e6;Pred 130 rokmi otvorili v Ro\u017e\u0148ave synag\u00f3gu, dnes by sme ju v meste h\u013eadali m\u00e1rne \ud83d\ude41 K niekdaj\u0161ej ro\u017e\u0148avskej synag\u00f3ge, postavenej v rokoch 1892 \u2013 1893 v\u00fdznamn\u00fdm ro\u017e\u0148avsk\u00fdm stavite\u013eom N\u00e1ndorom [&hellip;]","category_list":"<a href=\"https:\/\/www.slovensky-kras.eu\/info\/domov\/aktuality\/\" rel=\"category tag\">Aktuality<\/a>, <a href=\"https:\/\/www.slovensky-kras.eu\/info\/domov\/aktuality\/muzea-a-galerie\/\" rel=\"category tag\">M\u00faze\u00e1 a gal\u00e9rie<\/a>, <a href=\"https:\/\/www.slovensky-kras.eu\/info\/domov\/aktuality\/zaujimavosti\/\" rel=\"category tag\">Zauj\u00edmavosti<\/a>","comments_num":"0 comments","uagb_featured_image_src":{"full":["https:\/\/www.slovensky-kras.eu\/info\/wp-content\/uploads\/2023\/08\/sinagoga.jpg",729,1007,false],"thumbnail":["https:\/\/www.slovensky-kras.eu\/info\/wp-content\/uploads\/2023\/08\/sinagoga-150x150.jpg",150,150,true],"medium":["https:\/\/www.slovensky-kras.eu\/info\/wp-content\/uploads\/2023\/08\/sinagoga-434x600.jpg",434,600,true],"medium_large":["https:\/\/www.slovensky-kras.eu\/info\/wp-content\/uploads\/2023\/08\/sinagoga.jpg",729,1007,false],"large":["https:\/\/www.slovensky-kras.eu\/info\/wp-content\/uploads\/2023\/08\/sinagoga.jpg",729,1007,false],"1536x1536":["https:\/\/www.slovensky-kras.eu\/info\/wp-content\/uploads\/2023\/08\/sinagoga.jpg",729,1007,false],"2048x2048":["https:\/\/www.slovensky-kras.eu\/info\/wp-content\/uploads\/2023\/08\/sinagoga.jpg",729,1007,false]},"uagb_author_info":{"display_name":"admin","author_link":"https:\/\/www.slovensky-kras.eu\/info\/author\/admin\/"},"uagb_comment_info":0,"uagb_excerpt":"&#x1f3e6;Pred 130 rokmi otvorili v Ro\u017e\u0148ave synag\u00f3gu, dnes by sme ju v meste h\u013eadali m\u00e1rne \ud83d\ude41 K niekdaj\u0161ej ro\u017e\u0148avskej synag\u00f3ge, postavenej v rokoch 1892 \u2013 1893 v\u00fdznamn\u00fdm ro\u017e\u0148avsk\u00fdm stavite\u013eom N\u00e1ndorom [&hellip;]","_links":{"self":[{"href":"https:\/\/www.slovensky-kras.eu\/info\/wp-json\/wp\/v2\/posts\/25502","targetHints":{"allow":["GET"]}}],"collection":[{"href":"https:\/\/www.slovensky-kras.eu\/info\/wp-json\/wp\/v2\/posts"}],"about":[{"href":"https:\/\/www.slovensky-kras.eu\/info\/wp-json\/wp\/v2\/types\/post"}],"author":[{"embeddable":true,"href":"https:\/\/www.slovensky-kras.eu\/info\/wp-json\/wp\/v2\/users\/1"}],"replies":[{"embeddable":true,"href":"https:\/\/www.slovensky-kras.eu\/info\/wp-json\/wp\/v2\/comments?post=25502"}],"version-history":[{"count":1,"href":"https:\/\/www.slovensky-kras.eu\/info\/wp-json\/wp\/v2\/posts\/25502\/revisions"}],"predecessor-version":[{"id":25504,"href":"https:\/\/www.slovensky-kras.eu\/info\/wp-json\/wp\/v2\/posts\/25502\/revisions\/25504"}],"wp:featuredmedia":[{"embeddable":true,"href":"https:\/\/www.slovensky-kras.eu\/info\/wp-json\/wp\/v2\/media\/25503"}],"wp:attachment":[{"href":"https:\/\/www.slovensky-kras.eu\/info\/wp-json\/wp\/v2\/media?parent=25502"}],"wp:term":[{"taxonomy":"category","embeddable":true,"href":"https:\/\/www.slovensky-kras.eu\/info\/wp-json\/wp\/v2\/categories?post=25502"},{"taxonomy":"post_tag","embeddable":true,"href":"https:\/\/www.slovensky-kras.eu\/info\/wp-json\/wp\/v2\/tags?post=25502"}],"curies":[{"name":"wp","href":"https:\/\/api.w.org\/{rel}","templated":true}]}}