{"id":25453,"date":"2023-08-24T07:22:34","date_gmt":"2023-08-24T05:22:34","guid":{"rendered":"https:\/\/www.slovensky-kras.eu\/info\/?p=25453"},"modified":"2023-08-24T07:22:34","modified_gmt":"2023-08-24T05:22:34","slug":"rad-premonstratov-opatstvo-jasov-abrahamova-sien","status":"publish","type":"post","link":"https:\/\/www.slovensky-kras.eu\/info\/rad-premonstratov-opatstvo-jasov-abrahamova-sien\/","title":{"rendered":"R\u00e1d Premon\u0161tr\u00e1tov &#8211; Op\u00e1tstvo Jasov: Abrah\u00e1mova sie\u0148"},"content":{"rendered":"<p>Po\u010fme sa spolu bli\u017e\u0161ie pozrie\u0165 na miestnos\u0165, ktor\u00fa vid\u00edte na fotk\u00e1ch, a ktor\u00fa ste mohli alebo e\u0161te m\u00f4\u017eete nav\u0161t\u00edvi\u0165 aj v r\u00e1mci prehliadky kl\u00e1\u0161tora Jasov.<\/p>\n<p>Ide o najv\u00e4\u010d\u0161iu miestnos\u0165 v celom kl\u00e1\u0161tore. <\/p>\n<p>P\u00f4vodne sl\u00fa\u017eila ako letn\u00e9 refekt\u00f3rium \u2013 jed\u00e1le\u0148 a hovor\u00ed sa jej Abrah\u00e1mova sie\u0148 pod\u013ea stropnej fresky so staroz\u00e1konn\u00fdm v\u00fdjavom, kde vid\u00edte Abrah\u00e1ma ako v\u00edta svojich troch host\u00ed &#8211; anjelov. <\/p>\n<p>Dnes t\u00e1to miestnos\u0165 nesl\u00fa\u017ei svojmu \u00fa\u010delu hlavne z praktick\u00fdch d\u00f4vodov.  <\/p>\n<p>Z p\u00f4vodn\u00e9ho vybavenia sa ve\u013ea vec\u00ed nedochovalo, mnoho vec\u00ed zmizlo v 50. rokoch. <\/p>\n<p>St\u00f4l, ktor\u00fd vid\u00edte sa nach\u00e1dzal p\u00f4vodne v kni\u017enici, kde sa vyu\u017e\u00edval na \u0161tudijn\u00e9 \u00fa\u010dely.<\/p>\n<p><iframe loading=\"lazy\" src=\"https:\/\/www.facebook.com\/plugins\/post.php?href=https%3A%2F%2Fwww.facebook.com%2Fopatstvojasov%2Fposts%2Fpfbid02vWXDKbQ5Mf5LBc94DYkAQWs2rXRUoSUDw8id3yqHTd44Dior6tcWo4ntKBmaAqH8l&#038;width=750&#038;show_text=true&#038;appId=848661642347903&#038;height=1001\" width=\"750\" height=\"1001\" style=\"border:none;overflow:hidden\" scrolling=\"no\" frameborder=\"0\" allowfullscreen=\"true\" allow=\"autoplay; clipboard-write; encrypted-media; picture-in-picture; web-share\"><\/iframe><\/p>\n","protected":false},"excerpt":{"rendered":"<p>Po\u010fme sa spolu bli\u017e\u0161ie pozrie\u0165 na miestnos\u0165, ktor\u00fa vid\u00edte na fotk\u00e1ch, a ktor\u00fa ste mohli alebo e\u0161te m\u00f4\u017eete nav\u0161t\u00edvi\u0165 aj v r\u00e1mci prehliadky kl\u00e1\u0161tora Jasov. Ide o najv\u00e4\u010d\u0161iu miestnos\u0165 v [&hellip;]<\/p>\n","protected":false},"author":1,"featured_media":25454,"comment_status":"closed","ping_status":"closed","sticky":false,"template":"","format":"standard","meta":{"_uag_custom_page_level_css":"","footnotes":""},"categories":[1,317,313],"tags":[],"class_list":["post-25453","post","type-post","status-publish","format-standard","has-post-thumbnail","hentry","category-aktuality","category-prehliadky","category-zaujimavosti"],"featured_image_src":"https:\/\/www.slovensky-kras.eu\/info\/wp-content\/uploads\/2023\/08\/abrahamova-sien.jpg","featured_image_src_square":"https:\/\/www.slovensky-kras.eu\/info\/wp-content\/uploads\/2023\/08\/abrahamova-sien.jpg","author_info":{"display_name":"admin","author_link":"https:\/\/www.slovensky-kras.eu\/info\/author\/admin\/"},"rbea_author_info":{"display_name":"admin","author_link":"https:\/\/www.slovensky-kras.eu\/info\/author\/admin\/"},"rbea_excerpt_info":"Po\u010fme sa spolu bli\u017e\u0161ie pozrie\u0165 na miestnos\u0165, ktor\u00fa vid\u00edte na fotk\u00e1ch, a ktor\u00fa ste mohli alebo e\u0161te m\u00f4\u017eete nav\u0161t\u00edvi\u0165 aj v r\u00e1mci prehliadky kl\u00e1\u0161tora Jasov. Ide o najv\u00e4\u010d\u0161iu miestnos\u0165 v [&hellip;]","category_list":"<a href=\"https:\/\/www.slovensky-kras.eu\/info\/domov\/aktuality\/\" rel=\"category tag\">Aktuality<\/a>, <a href=\"https:\/\/www.slovensky-kras.eu\/info\/domov\/aktuality\/prehliadky\/\" rel=\"category tag\">Prehliadky<\/a>, <a href=\"https:\/\/www.slovensky-kras.eu\/info\/domov\/aktuality\/zaujimavosti\/\" rel=\"category tag\">Zauj\u00edmavosti<\/a>","comments_num":"0 comments","uagb_featured_image_src":{"full":["https:\/\/www.slovensky-kras.eu\/info\/wp-content\/uploads\/2023\/08\/abrahamova-sien.jpg",1000,750,false],"thumbnail":["https:\/\/www.slovensky-kras.eu\/info\/wp-content\/uploads\/2023\/08\/abrahamova-sien-150x150.jpg",150,150,true],"medium":["https:\/\/www.slovensky-kras.eu\/info\/wp-content\/uploads\/2023\/08\/abrahamova-sien-800x600.jpg",800,600,true],"medium_large":["https:\/\/www.slovensky-kras.eu\/info\/wp-content\/uploads\/2023\/08\/abrahamova-sien-768x576.jpg",768,576,true],"large":["https:\/\/www.slovensky-kras.eu\/info\/wp-content\/uploads\/2023\/08\/abrahamova-sien.jpg",1000,750,false],"1536x1536":["https:\/\/www.slovensky-kras.eu\/info\/wp-content\/uploads\/2023\/08\/abrahamova-sien.jpg",1000,750,false],"2048x2048":["https:\/\/www.slovensky-kras.eu\/info\/wp-content\/uploads\/2023\/08\/abrahamova-sien.jpg",1000,750,false]},"uagb_author_info":{"display_name":"admin","author_link":"https:\/\/www.slovensky-kras.eu\/info\/author\/admin\/"},"uagb_comment_info":0,"uagb_excerpt":"Po\u010fme sa spolu bli\u017e\u0161ie pozrie\u0165 na miestnos\u0165, ktor\u00fa vid\u00edte na fotk\u00e1ch, a ktor\u00fa ste mohli alebo e\u0161te m\u00f4\u017eete nav\u0161t\u00edvi\u0165 aj v r\u00e1mci prehliadky kl\u00e1\u0161tora Jasov. Ide o najv\u00e4\u010d\u0161iu miestnos\u0165 v [&hellip;]","_links":{"self":[{"href":"https:\/\/www.slovensky-kras.eu\/info\/wp-json\/wp\/v2\/posts\/25453","targetHints":{"allow":["GET"]}}],"collection":[{"href":"https:\/\/www.slovensky-kras.eu\/info\/wp-json\/wp\/v2\/posts"}],"about":[{"href":"https:\/\/www.slovensky-kras.eu\/info\/wp-json\/wp\/v2\/types\/post"}],"author":[{"embeddable":true,"href":"https:\/\/www.slovensky-kras.eu\/info\/wp-json\/wp\/v2\/users\/1"}],"replies":[{"embeddable":true,"href":"https:\/\/www.slovensky-kras.eu\/info\/wp-json\/wp\/v2\/comments?post=25453"}],"version-history":[{"count":1,"href":"https:\/\/www.slovensky-kras.eu\/info\/wp-json\/wp\/v2\/posts\/25453\/revisions"}],"predecessor-version":[{"id":25455,"href":"https:\/\/www.slovensky-kras.eu\/info\/wp-json\/wp\/v2\/posts\/25453\/revisions\/25455"}],"wp:featuredmedia":[{"embeddable":true,"href":"https:\/\/www.slovensky-kras.eu\/info\/wp-json\/wp\/v2\/media\/25454"}],"wp:attachment":[{"href":"https:\/\/www.slovensky-kras.eu\/info\/wp-json\/wp\/v2\/media?parent=25453"}],"wp:term":[{"taxonomy":"category","embeddable":true,"href":"https:\/\/www.slovensky-kras.eu\/info\/wp-json\/wp\/v2\/categories?post=25453"},{"taxonomy":"post_tag","embeddable":true,"href":"https:\/\/www.slovensky-kras.eu\/info\/wp-json\/wp\/v2\/tags?post=25453"}],"curies":[{"name":"wp","href":"https:\/\/api.w.org\/{rel}","templated":true}]}}