{"id":25409,"date":"2023-08-21T05:48:36","date_gmt":"2023-08-21T03:48:36","guid":{"rendered":"https:\/\/www.slovensky-kras.eu\/info\/?p=25409"},"modified":"2023-08-21T05:48:36","modified_gmt":"2023-08-21T03:48:36","slug":"in-effigie-rad-zlateho-runa-%f0%9f%8f%85","status":"publish","type":"post","link":"https:\/\/www.slovensky-kras.eu\/info\/in-effigie-rad-zlateho-runa-%f0%9f%8f%85\/","title":{"rendered":"IN EFFIGIE: R\u00c1D ZLAT\u00c9HO R\u00daNA &#x1f3c5;"},"content":{"rendered":"<p>&#x1f934; Rytiersky R\u00e1d Zlat\u00e9ho R\u00fana je jeden z najpopul\u00e1rnej\u0161\u00edch a najstar\u0161\u00edch r\u00e1dov na svete.<\/p>\n<p>Bol zalo\u017een\u00fd 10. janu\u00e1ra 1430 pri pr\u00edle\u017eitosti sob\u00e1\u0161a portugalskej princeznej Izabely a Filipa Dobr\u00e9ho, burgundsk\u00e9ho vojvodu v Brugg\u00e1ch.<\/p>\n<p>Po vymret\u00ed burgundsk\u00fdch vojvodcov v roku 1477 pre\u0161iel r\u00e1d sob\u00e1\u0161om dedi\u010dky M\u00e1rie von Burgundy s cis\u00e1rom Maximili\u00e1nom na Habsburgovcov.<\/p>\n<p>Ke\u010f v roku 1700 zomrel posledn\u00fd \u0161panielsky kr\u00e1\u013e z rodu Habsburgovcov, r\u00e1d sa rozdelil na dve l\u00ednie.<\/p>\n<p>Rak\u00faska l\u00ednia r\u00e1du existuje na z\u00e1klade p\u00f4vodn\u00fdch stanov dodnes.<\/p>\n<p>&#x1f64f; Od svojho zalo\u017eenia je cie\u013eom r\u00e1du zachov\u00e1va\u0165 katol\u00edcku vieru, chr\u00e1ni\u0165 cirkev a zachov\u00e1va\u0165 nepo\u0161kvrnen\u00fa \u010des\u0165 rytierstva.<\/p>\n<p>Je zasv\u00e4ten\u00fd Panne M\u00e1rii a za patr\u00f3na m\u00e1 apo\u0161tola a mu\u010den\u00edka Ondreja.<\/p>\n<p>&#x1f396; Z\u00e1kladom tejto ins\u00edgnie bolo zlat\u00e9 baranie r\u00fano, \u010falej \u010dierno smaltovan\u00fd kresac\u00ed kame\u0148 s bielymi iskrami a s \u010derven\u00fdmi, do str\u00e1n \u0161\u013eahaj\u00facimi plame\u0148mi.<\/p>\n<p>Nad plame\u0148mi sa nach\u00e1dza kresacia ocie\u013eka s n\u00e1pisom na l\u00edcovej strane PRETIUM LABORUM NON VILE (Odmena za n\u00e1mahu, nie mal\u00e1).<\/p>\n<p>&#x2139;&#xfe0f; Tento vz\u00e1cny osobn\u00fd predmet patriaci kedysi gr\u00f3fovi J\u00faliusovi Andr\u00e1ssymu m\u00f4\u017eete vidie\u0165 ak nav\u0161t\u00edvite na\u0161u letn\u00fa v\u00fdstavu In effigie, denne okrem pondelka v \u010dase 9&#xfe0f;&#x20e3;:3&#xfe0f;&#x20e3;0&#xfe0f;&#x20e3; &#8211; 1&#xfe0f;&#x20e3;7&#xfe0f;&#x20e3;:3&#xfe0f;&#x20e3;0&#xfe0f;&#x20e3;<br \/>\n<a href=\"https:\/\/www.slovensky-kras.eu\/info\/wp-content\/uploads\/2023\/08\/rucho.jpg\"><img loading=\"lazy\" decoding=\"async\" class=\"aligncenter wp-image-25410\" src=\"https:\/\/www.slovensky-kras.eu\/info\/wp-content\/uploads\/2023\/08\/rucho.jpg\" alt=\"\" width=\"800\" height=\"1320\" srcset=\"https:\/\/www.slovensky-kras.eu\/info\/wp-content\/uploads\/2023\/08\/rucho.jpg 1212w, https:\/\/www.slovensky-kras.eu\/info\/wp-content\/uploads\/2023\/08\/rucho-364x600.jpg 364w, https:\/\/www.slovensky-kras.eu\/info\/wp-content\/uploads\/2023\/08\/rucho-621x1024.jpg 621w, https:\/\/www.slovensky-kras.eu\/info\/wp-content\/uploads\/2023\/08\/rucho-768x1267.jpg 768w, https:\/\/www.slovensky-kras.eu\/info\/wp-content\/uploads\/2023\/08\/rucho-931x1536.jpg 931w, https:\/\/www.slovensky-kras.eu\/info\/wp-content\/uploads\/2023\/08\/rucho-1200x1980.jpg 1200w\" sizes=\"auto, (max-width: 800px) 100vw, 800px\" \/><\/a><\/p>\n","protected":false},"excerpt":{"rendered":"<p>&#x1f934; Rytiersky R\u00e1d Zlat\u00e9ho R\u00fana je jeden z najpopul\u00e1rnej\u0161\u00edch a najstar\u0161\u00edch r\u00e1dov na svete. Bol zalo\u017een\u00fd 10. janu\u00e1ra 1430 pri pr\u00edle\u017eitosti sob\u00e1\u0161a portugalskej princeznej Izabely a Filipa Dobr\u00e9ho, burgundsk\u00e9ho vojvodu [&hellip;]<\/p>\n","protected":false},"author":1,"featured_media":25410,"comment_status":"closed","ping_status":"closed","sticky":false,"template":"","format":"standard","meta":{"_uag_custom_page_level_css":"","footnotes":""},"categories":[1,312,309],"tags":[],"class_list":["post-25409","post","type-post","status-publish","format-standard","has-post-thumbnail","hentry","category-aktuality","category-muzea-a-galerie","category-vystavy"],"featured_image_src":"https:\/\/www.slovensky-kras.eu\/info\/wp-content\/uploads\/2023\/08\/rucho.jpg","featured_image_src_square":"https:\/\/www.slovensky-kras.eu\/info\/wp-content\/uploads\/2023\/08\/rucho.jpg","author_info":{"display_name":"admin","author_link":"https:\/\/www.slovensky-kras.eu\/info\/author\/admin\/"},"rbea_author_info":{"display_name":"admin","author_link":"https:\/\/www.slovensky-kras.eu\/info\/author\/admin\/"},"rbea_excerpt_info":"&#x1f934; Rytiersky R\u00e1d Zlat\u00e9ho R\u00fana je jeden z najpopul\u00e1rnej\u0161\u00edch a najstar\u0161\u00edch r\u00e1dov na svete. Bol zalo\u017een\u00fd 10. janu\u00e1ra 1430 pri pr\u00edle\u017eitosti sob\u00e1\u0161a portugalskej princeznej Izabely a Filipa Dobr\u00e9ho, burgundsk\u00e9ho vojvodu [&hellip;]","category_list":"<a href=\"https:\/\/www.slovensky-kras.eu\/info\/domov\/aktuality\/\" rel=\"category tag\">Aktuality<\/a>, <a href=\"https:\/\/www.slovensky-kras.eu\/info\/domov\/aktuality\/muzea-a-galerie\/\" rel=\"category tag\">M\u00faze\u00e1 a gal\u00e9rie<\/a>, <a href=\"https:\/\/www.slovensky-kras.eu\/info\/domov\/aktuality\/vystavy\/\" rel=\"category tag\">V\u00fdstavy<\/a>","comments_num":"0 comments","uagb_featured_image_src":{"full":["https:\/\/www.slovensky-kras.eu\/info\/wp-content\/uploads\/2023\/08\/rucho.jpg",1212,2000,false],"thumbnail":["https:\/\/www.slovensky-kras.eu\/info\/wp-content\/uploads\/2023\/08\/rucho-150x150.jpg",150,150,true],"medium":["https:\/\/www.slovensky-kras.eu\/info\/wp-content\/uploads\/2023\/08\/rucho-364x600.jpg",364,600,true],"medium_large":["https:\/\/www.slovensky-kras.eu\/info\/wp-content\/uploads\/2023\/08\/rucho-768x1267.jpg",768,1267,true],"large":["https:\/\/www.slovensky-kras.eu\/info\/wp-content\/uploads\/2023\/08\/rucho-621x1024.jpg",621,1024,true],"1536x1536":["https:\/\/www.slovensky-kras.eu\/info\/wp-content\/uploads\/2023\/08\/rucho-931x1536.jpg",931,1536,true],"2048x2048":["https:\/\/www.slovensky-kras.eu\/info\/wp-content\/uploads\/2023\/08\/rucho.jpg",1212,2000,false]},"uagb_author_info":{"display_name":"admin","author_link":"https:\/\/www.slovensky-kras.eu\/info\/author\/admin\/"},"uagb_comment_info":0,"uagb_excerpt":"&#x1f934; Rytiersky R\u00e1d Zlat\u00e9ho R\u00fana je jeden z najpopul\u00e1rnej\u0161\u00edch a najstar\u0161\u00edch r\u00e1dov na svete. Bol zalo\u017een\u00fd 10. janu\u00e1ra 1430 pri pr\u00edle\u017eitosti sob\u00e1\u0161a portugalskej princeznej Izabely a Filipa Dobr\u00e9ho, burgundsk\u00e9ho vojvodu [&hellip;]","_links":{"self":[{"href":"https:\/\/www.slovensky-kras.eu\/info\/wp-json\/wp\/v2\/posts\/25409","targetHints":{"allow":["GET"]}}],"collection":[{"href":"https:\/\/www.slovensky-kras.eu\/info\/wp-json\/wp\/v2\/posts"}],"about":[{"href":"https:\/\/www.slovensky-kras.eu\/info\/wp-json\/wp\/v2\/types\/post"}],"author":[{"embeddable":true,"href":"https:\/\/www.slovensky-kras.eu\/info\/wp-json\/wp\/v2\/users\/1"}],"replies":[{"embeddable":true,"href":"https:\/\/www.slovensky-kras.eu\/info\/wp-json\/wp\/v2\/comments?post=25409"}],"version-history":[{"count":1,"href":"https:\/\/www.slovensky-kras.eu\/info\/wp-json\/wp\/v2\/posts\/25409\/revisions"}],"predecessor-version":[{"id":25411,"href":"https:\/\/www.slovensky-kras.eu\/info\/wp-json\/wp\/v2\/posts\/25409\/revisions\/25411"}],"wp:featuredmedia":[{"embeddable":true,"href":"https:\/\/www.slovensky-kras.eu\/info\/wp-json\/wp\/v2\/media\/25410"}],"wp:attachment":[{"href":"https:\/\/www.slovensky-kras.eu\/info\/wp-json\/wp\/v2\/media?parent=25409"}],"wp:term":[{"taxonomy":"category","embeddable":true,"href":"https:\/\/www.slovensky-kras.eu\/info\/wp-json\/wp\/v2\/categories?post=25409"},{"taxonomy":"post_tag","embeddable":true,"href":"https:\/\/www.slovensky-kras.eu\/info\/wp-json\/wp\/v2\/tags?post=25409"}],"curies":[{"name":"wp","href":"https:\/\/api.w.org\/{rel}","templated":true}]}}