{"id":24854,"date":"2026-01-12T06:00:42","date_gmt":"2026-01-12T05:00:42","guid":{"rendered":"https:\/\/www.slovensky-kras.eu\/info\/?p=24854"},"modified":"2026-01-12T07:39:52","modified_gmt":"2026-01-12T06:39:52","slug":"stm-muzeum-kinematografie-rodiny-schusterovej-v-medzeve-otvaracie-hodiny-a-vstupne-program","status":"publish","type":"post","link":"https:\/\/www.slovensky-kras.eu\/info\/stm-muzeum-kinematografie-rodiny-schusterovej-v-medzeve-otvaracie-hodiny-a-vstupne-program\/","title":{"rendered":"M\u00fazeum kinematografie rodiny Schusterovej v Medzeve : otv\u00e1racie hodiny a vstupn\u00e9"},"content":{"rendered":"<p dir=\"auto\"><strong>M\u00fazeum kinematografie rodiny Schusterovej v Medzeve<\/strong> je ofici\u00e1lna vysunut\u00e1 expoz\u00edcia Slovensk\u00e9ho technick\u00e9ho m\u00fazea a \u00faplne jedine\u010dn\u00e9 miesto na celom Slovensku. Tu m\u00f4\u017eete objavi\u0165 fascinuj\u00faci pr\u00edbeh priekopn\u00edctva slovensk\u00e9ho dokument\u00e1rneho filmu cez unik\u00e1tnu zbierku kinematografick\u00fdch pr\u00edstrojov, ktor\u00fa tri gener\u00e1cie rodiny Schusterovej budovali cel\u00e9 desa\u0165ro\u010dia.<\/p>\n<h2 dir=\"auto\"><span style=\"color: #800000;\">\u010co v\u0161etko za\u017eijete v M\u00fazeu kinematografie rodiny Schusterovej v Medzeve?<\/span><\/h2>\n<p dir=\"auto\">N\u00e1v\u0161tevn\u00edci tu pre\u017eij\u00fa <strong>fascinuj\u00faci pr\u00edbeh od \u00fapln\u00fdch po\u010diatkov filmu a\u017e po modern\u00fa \u00e9ru<\/strong>, spojen\u00fd s \u017eivou uk\u00e1\u017ekou tradi\u010dn\u00e9ho <strong>medzevsk\u00e9ho h\u00e1morn\u00edctva<\/strong>. Spojenie hist\u00f3rie kinematografie a remeselnej trad\u00edcie rob\u00ed z tohto m\u00fazea absol\u00fatne v\u00fdnimo\u010dn\u00fa destin\u00e1ciu pre milovn\u00edkov filmu, techniky aj regi\u00f3nu Ko\u0161ick\u00e1 Bel\u00e1 \u2013 Medzev.<\/p>\n<h2 dir=\"auto\"><span style=\"color: #800000;\">Kedy je M\u00fazeum kinematografie rodiny Schusterovej v Medzeve otvoren\u00e9?<\/span><\/h2>\n<h3 dir=\"auto\"><span style=\"color: #808000;\">Aktu\u00e1lne otv\u00e1racie hodiny (od 1. 11. 2025 do 28. 2. 2026):<\/span><\/h3>\n<ul dir=\"auto\">\n<li>Pondelok: <strong>ZATVOREN\u00c9<\/strong><\/li>\n<li>Utorok \u2013 Sobota: <strong>10:30 \u2013 14:00<\/strong><\/li>\n<li>Nede\u013ea: <strong>ZATVOREN\u00c9<\/strong><\/li>\n<li>Posledn\u00fd vstup: o <strong>13:00 hod.<\/strong><\/li>\n<\/ul>\n<h3 dir=\"auto\"><span style=\"color: #808000;\">Mimo zimn\u00e9ho obdobia (zvy\u010dajne od marca do okt\u00f3bra):<\/span><\/h3>\n<ul dir=\"auto\">\n<li>Pondelok: <strong>ZATVOREN\u00c9<\/strong><\/li>\n<li>Utorok \u2013 Sobota: <strong>10:30 \u2013 15:00<\/strong><\/li>\n<li>Nede\u013ea: <strong>ZATVOREN\u00c9<\/strong><\/li>\n<li>Posledn\u00fd vstup: o <strong>14:00 hod.<\/strong><\/li>\n<\/ul>\n<p dir=\"auto\"><strong>D\u00f4le\u017eit\u00e9:<\/strong> V\u0161etky prehliadky si, pros\u00edm, vopred rezervujte na tel. \u010d\u00edsle <strong>+421 918 965 701<\/strong>. M\u00fazeum je pr\u00edstupn\u00e9 aj po telefonickom dohovore mimo uveden\u00fdch hod\u00edn.<\/p>\n<h2 dir=\"auto\"><span style=\"color: #800000;\">Ko\u013eko stoj\u00ed vstup do M\u00fazea kinematografie rodiny Schusterovej v Medzeve?<\/span><\/h2>\n<p dir=\"auto\">Zak\u00fapen\u00edm vstupenky do <strong>M\u00fazea kinematografie rodiny Schusterovej v Medzeve<\/strong> z\u00edskate z\u00e1rove\u0148 pr\u00edstup aj do historick\u00e9ho <strong>H\u00e1mra<\/strong>. Cenn\u00edk platn\u00fd od 1. 6. 2023:<\/p>\n<ul dir=\"auto\">\n<li>Z\u00e1kladn\u00e9 vstupn\u00e9: <strong>4,00 \u20ac<\/strong><\/li>\n<li>\u017diaci a \u0161tudenti (s platn\u00fdm preukazom ISIC, ITIC, Euro 26, S\u0160\/V\u0160), seniori 65\u201370 rokov: <strong>3,00 \u20ac<\/strong><\/li>\n<li>\u0160kolsk\u00e9 skupiny (min. 10 \u017eiakov\/\u0161tudentov, vr\u00e1tane lektorsk\u00e9ho sprievodu): <strong>2,00 \u20ac\/os.<\/strong><\/li>\n<li>Rodinn\u00e1 vstupenka (max. 2 dospel\u00ed + 3 deti): <strong>9,00 \u20ac<\/strong><\/li>\n<li>Deti pred\u0161kolsk\u00e9ho veku a seniori nad 70 rokov: <strong>1,00 \u20ac<\/strong><\/li>\n<li>V\u00fdstavy (individu\u00e1lna prehliadka, ak nie je ur\u010den\u00e9 inak): <strong>2,00 \u20ac<\/strong><\/li>\n<li>Komentovan\u00e9 v\u00fdstavy: <strong>3,00 \u20ac<\/strong><\/li>\n<li>Deti do 3 rokov, dr\u017eitelia Z\u0164P + 1 sprev\u00e1dzaj\u00faca osoba, ZMS, AMG \u010cR, ICOM, PRESS karta, pedagogick\u00fd doprovod (1 pedag\u00f3g na 10 \u017eiakov): <strong>bezplatn\u00fd vstup<\/strong><\/li>\n<li>Pr\u00edplatok za lektorsk\u00fd v\u00fdklad: v cene vstupenky<\/li>\n<li>Fotografovanie\/filmovanie (neprofesion\u00e1lne): <strong>1,00 \u20ac<\/strong><\/li>\n<li>Profesion\u00e1lne fotografovanie a filmovanie (so stat\u00edvom, svadby at\u010f.): <strong>50,00 \u20ac<\/strong> za ka\u017ed\u00fa za\u010dat\u00fa hodinu<\/li>\n<li>\u0160peci\u00e1lne a vzdel\u00e1vacie programy, z\u00e1\u017eitkov\u00e9 prehliadky: <strong>3,00 \u20ac<\/strong><\/li>\n<\/ul>\n<p dir=\"auto\"><strong>Pozor:<\/strong> Od 1. 1. 2025 s\u00fa <strong>bezplatn\u00e9 vstupy v prv\u00fa stredu v mesiaci zru\u0161en\u00e9<\/strong>.<\/p>\n<h2 dir=\"auto\"><span style=\"color: #800000;\">Kde presne n\u00e1jdete M\u00fazeum kinematografie rodiny Schusterovej v Medzeve?<\/span><\/h2>\n<p dir=\"auto\">Adresa: <strong>\u0160t\u00f3ska 16, <\/strong><strong>044 25 Ni\u017en\u00fd Medzev<\/strong> Mobil: <strong>+421 918 965 701<\/strong> E-mail: <strong><a href=\"mailto:muzeum.medzev@stm-ke.sk\" target=\"_blank\" rel=\"noopener noreferrer nofollow\">muzeum.medzev@stm-ke.sk<\/a><\/strong>, <strong>Web:<\/strong> <a href=\"https:\/\/stm-ke.sk\/sk\/pobocky\/muzeum-kinematografie-r-schusterovej-v-medzeve\/zakladne-informacie\" target=\"_blank\" rel=\"nofollow noopener\">https:\/\/stm-ke.sk\/sk\/pobocky\/muzeum-kinematografie-r-schusterovej-v-medzeve\/zakladne-informacie<\/a><\/p>\n<hr \/>\n<p><a href=\"https:\/\/www.slovensky-kras.eu\/info\/wp-content\/uploads\/2020\/12\/suster21.jpg\"><img loading=\"lazy\" decoding=\"async\" class=\"aligncenter wp-image-18490\" src=\"https:\/\/www.slovensky-kras.eu\/info\/wp-content\/uploads\/2020\/12\/suster21.jpg\" alt=\"M\u00fazeum kinematografie rodiny Schusterovej\" width=\"900\" height=\"673\" srcset=\"https:\/\/www.slovensky-kras.eu\/info\/wp-content\/uploads\/2020\/12\/suster21.jpg 800w, https:\/\/www.slovensky-kras.eu\/info\/wp-content\/uploads\/2020\/12\/suster21-768x574.jpg 768w\" sizes=\"auto, (max-width: 900px) 100vw, 900px\" \/><\/a><\/p>\n","protected":false},"excerpt":{"rendered":"<p>M\u00fazeum kinematografie rodiny Schusterovej v Medzeve je ofici\u00e1lna vysunut\u00e1 expoz\u00edcia Slovensk\u00e9ho technick\u00e9ho m\u00fazea a \u00faplne jedine\u010dn\u00e9 miesto na celom Slovensku. Tu m\u00f4\u017eete objavi\u0165 fascinuj\u00faci pr\u00edbeh priekopn\u00edctva slovensk\u00e9ho dokument\u00e1rneho filmu cez [&hellip;]<\/p>\n","protected":false},"author":1,"featured_media":18492,"comment_status":"closed","ping_status":"closed","sticky":false,"template":"","format":"standard","meta":{"_uag_custom_page_level_css":"","footnotes":""},"categories":[1,312,281],"tags":[],"class_list":["post-24854","post","type-post","status-publish","format-standard","has-post-thumbnail","hentry","category-aktuality","category-muzea-a-galerie","category-otvaracie-hodiny"],"featured_image_src":"https:\/\/www.slovensky-kras.eu\/info\/wp-content\/uploads\/2020\/12\/suster.jpg","featured_image_src_square":"https:\/\/www.slovensky-kras.eu\/info\/wp-content\/uploads\/2020\/12\/suster.jpg","author_info":{"display_name":"admin","author_link":"https:\/\/www.slovensky-kras.eu\/info\/author\/admin\/"},"rbea_author_info":{"display_name":"admin","author_link":"https:\/\/www.slovensky-kras.eu\/info\/author\/admin\/"},"rbea_excerpt_info":"M\u00fazeum kinematografie rodiny Schusterovej v Medzeve je ofici\u00e1lna vysunut\u00e1 expoz\u00edcia Slovensk\u00e9ho technick\u00e9ho m\u00fazea a \u00faplne jedine\u010dn\u00e9 miesto na celom Slovensku. Tu m\u00f4\u017eete objavi\u0165 fascinuj\u00faci pr\u00edbeh priekopn\u00edctva slovensk\u00e9ho dokument\u00e1rneho filmu cez [&hellip;]","category_list":"<a href=\"https:\/\/www.slovensky-kras.eu\/info\/domov\/aktuality\/\" rel=\"category tag\">Aktuality<\/a>, <a href=\"https:\/\/www.slovensky-kras.eu\/info\/domov\/aktuality\/muzea-a-galerie\/\" rel=\"category tag\">M\u00faze\u00e1 a gal\u00e9rie<\/a>, <a href=\"https:\/\/www.slovensky-kras.eu\/info\/domov\/aktuality\/otvaracie-hodiny\/\" rel=\"category tag\">Otv\u00e1racie hodiny<\/a>","comments_num":"0 comments","uagb_featured_image_src":{"full":["https:\/\/www.slovensky-kras.eu\/info\/wp-content\/uploads\/2020\/12\/suster.jpg",800,599,false],"thumbnail":["https:\/\/www.slovensky-kras.eu\/info\/wp-content\/uploads\/2020\/12\/suster-150x150.jpg",150,150,true],"medium":["https:\/\/www.slovensky-kras.eu\/info\/wp-content\/uploads\/2020\/12\/suster.jpg",800,599,false],"medium_large":["https:\/\/www.slovensky-kras.eu\/info\/wp-content\/uploads\/2020\/12\/suster-768x575.jpg",768,575,true],"large":["https:\/\/www.slovensky-kras.eu\/info\/wp-content\/uploads\/2020\/12\/suster.jpg",800,599,false],"1536x1536":["https:\/\/www.slovensky-kras.eu\/info\/wp-content\/uploads\/2020\/12\/suster.jpg",800,599,false],"2048x2048":["https:\/\/www.slovensky-kras.eu\/info\/wp-content\/uploads\/2020\/12\/suster.jpg",800,599,false]},"uagb_author_info":{"display_name":"admin","author_link":"https:\/\/www.slovensky-kras.eu\/info\/author\/admin\/"},"uagb_comment_info":0,"uagb_excerpt":"M\u00fazeum kinematografie rodiny Schusterovej v Medzeve je ofici\u00e1lna vysunut\u00e1 expoz\u00edcia Slovensk\u00e9ho technick\u00e9ho m\u00fazea a \u00faplne jedine\u010dn\u00e9 miesto na celom Slovensku. Tu m\u00f4\u017eete objavi\u0165 fascinuj\u00faci pr\u00edbeh priekopn\u00edctva slovensk\u00e9ho dokument\u00e1rneho filmu cez [&hellip;]","_links":{"self":[{"href":"https:\/\/www.slovensky-kras.eu\/info\/wp-json\/wp\/v2\/posts\/24854","targetHints":{"allow":["GET"]}}],"collection":[{"href":"https:\/\/www.slovensky-kras.eu\/info\/wp-json\/wp\/v2\/posts"}],"about":[{"href":"https:\/\/www.slovensky-kras.eu\/info\/wp-json\/wp\/v2\/types\/post"}],"author":[{"embeddable":true,"href":"https:\/\/www.slovensky-kras.eu\/info\/wp-json\/wp\/v2\/users\/1"}],"replies":[{"embeddable":true,"href":"https:\/\/www.slovensky-kras.eu\/info\/wp-json\/wp\/v2\/comments?post=24854"}],"version-history":[{"count":12,"href":"https:\/\/www.slovensky-kras.eu\/info\/wp-json\/wp\/v2\/posts\/24854\/revisions"}],"predecessor-version":[{"id":29073,"href":"https:\/\/www.slovensky-kras.eu\/info\/wp-json\/wp\/v2\/posts\/24854\/revisions\/29073"}],"wp:featuredmedia":[{"embeddable":true,"href":"https:\/\/www.slovensky-kras.eu\/info\/wp-json\/wp\/v2\/media\/18492"}],"wp:attachment":[{"href":"https:\/\/www.slovensky-kras.eu\/info\/wp-json\/wp\/v2\/media?parent=24854"}],"wp:term":[{"taxonomy":"category","embeddable":true,"href":"https:\/\/www.slovensky-kras.eu\/info\/wp-json\/wp\/v2\/categories?post=24854"},{"taxonomy":"post_tag","embeddable":true,"href":"https:\/\/www.slovensky-kras.eu\/info\/wp-json\/wp\/v2\/tags?post=24854"}],"curies":[{"name":"wp","href":"https:\/\/api.w.org\/{rel}","templated":true}]}}