{"id":24744,"date":"2026-04-07T00:46:42","date_gmt":"2026-04-06T22:46:42","guid":{"rendered":"https:\/\/www.slovensky-kras.eu\/info\/?p=24744"},"modified":"2026-04-07T06:52:04","modified_gmt":"2026-04-07T04:52:04","slug":"turisticke-informacne-centrum-v-roznave-otvaracie-hodiny","status":"publish","type":"post","link":"https:\/\/www.slovensky-kras.eu\/info\/turisticke-informacne-centrum-v-roznave-otvaracie-hodiny\/","title":{"rendered":"Turistick\u00e9 informa\u010dn\u00e9 centrum v Ro\u017e\u0148ave: Otv\u00e1racie hodiny"},"content":{"rendered":"<h2 data-path-to-node=\"0\"><span style=\"color: #800000;\">H\u013ead\u00e1te k\u013e\u00fa\u010d k srdcu Gemera? Nav\u0161t\u00edvte Turistick\u00e9 informa\u010dn\u00e9 centrum v Ro\u017e\u0148ave<\/span><\/h2>\n<p data-path-to-node=\"1\">Objavte kr\u00e1sy historick\u00e9ho centra a napl\u00e1nujte si svoje dobrodru\u017estvo presne pod\u013ea pl\u00e1nu. <b data-path-to-node=\"1\" data-index-in-node=\"90\">Turistick\u00e9 informa\u010dn\u00e9 centrum v Ro\u017e\u0148ave<\/b> je va\u0161\u00edm prv\u00fdm kontaktn\u00fdm bodom pri spozn\u00e1van\u00ed regi\u00f3nu, \u010di u\u017e h\u013ead\u00e1te tipy na v\u00fdlety, mapy alebo overen\u00e9 lok\u00e1lne inform\u00e1cie. Ni\u017e\u0161ie n\u00e1jdete v\u0161etky potrebn\u00e9 detaily, aby ste k n\u00e1m trafili v spr\u00e1vny \u010das.<\/p>\n<h2 data-path-to-node=\"3\"><span style=\"color: #800000;\">Ak\u00e9 s\u00fa otv\u00e1racie hodiny Turistick\u00e9 informa\u010dn\u00e9 centrum v Ro\u017e\u0148ave?<\/span><\/h2>\n<p data-path-to-node=\"4\">V obdob\u00ed od <b data-path-to-node=\"4\" data-index-in-node=\"12\">16. septembra do 31. m\u00e1ja<\/b> sme pre v\u00e1s k dispoz\u00edcii po\u010das cel\u00e9ho pracovn\u00e9ho t\u00fd\u017ed\u0148a aj po\u010das sobotn\u00e9ho dopoludnia. Tu s\u00fa aktu\u00e1lne <b data-path-to-node=\"4\" data-index-in-node=\"140\">otv\u00e1racie hodiny<\/b>, v ktor\u00fdch v\u00e1m na\u0161i pracovn\u00edci radi poradia a pom\u00f4\u017eu s va\u0161imi po\u017eiadavkami:<\/p>\n<ul data-path-to-node=\"5\">\n<li>\n<p data-path-to-node=\"5,0,0\"><b data-path-to-node=\"5,0,0\" data-index-in-node=\"0\">Pondelok:<\/b> 8:30 \u2013 16:30<\/p>\n<\/li>\n<li>\n<p data-path-to-node=\"5,1,0\"><b data-path-to-node=\"5,1,0\" data-index-in-node=\"0\">Utorok:<\/b> 8:30 \u2013 16:30<\/p>\n<\/li>\n<li>\n<p data-path-to-node=\"5,2,0\"><b data-path-to-node=\"5,2,0\" data-index-in-node=\"0\">Streda:<\/b> 8:30 \u2013 16:30<\/p>\n<\/li>\n<li>\n<p data-path-to-node=\"5,3,0\"><b data-path-to-node=\"5,3,0\" data-index-in-node=\"0\">\u0160tvrtok:<\/b> 8:30 \u2013 16:30<\/p>\n<\/li>\n<li>\n<p data-path-to-node=\"5,4,0\"><b data-path-to-node=\"5,4,0\" data-index-in-node=\"0\">Piatok:<\/b> 8:30 \u2013 16:30<\/p>\n<\/li>\n<li>\n<p data-path-to-node=\"5,5,0\"><b data-path-to-node=\"5,5,0\" data-index-in-node=\"0\">Sobota:<\/b> 9:00 \u2013 12:00<\/p>\n<\/li>\n<li>\n<p data-path-to-node=\"5,6,0\"><b data-path-to-node=\"5,6,0\" data-index-in-node=\"0\">Nede\u013ea:<\/b> zatvoren\u00e9<\/p>\n<\/li>\n<\/ul>\n<h2 data-path-to-node=\"7\"><span style=\"color: #800000;\">Kde presne n\u00e1s n\u00e1jdete a ako n\u00e1s m\u00f4\u017eete kontaktova\u0165?<\/span><\/h2>\n<p data-path-to-node=\"8\">Ak h\u013ead\u00e1te cestu k n\u00e1m, s\u00eddlime priamo v historickom jadre mesta. <b data-path-to-node=\"8\" data-index-in-node=\"66\">Turistick\u00e9 informa\u010dn\u00e9 centrum Ro\u017e\u0148ava<\/b> sa nach\u00e1dza na adrese <b data-path-to-node=\"8\" data-index-in-node=\"126\">N\u00e1mestie ban\u00edkov 16\/32<\/b>, PS\u010c <b data-path-to-node=\"8\" data-index-in-node=\"154\">048 01 Ro\u017e\u0148ava<\/b>. Pre p\u00edsomn\u00e9 ot\u00e1zky vyu\u017eite n\u00e1\u0161 <b data-path-to-node=\"8\" data-index-in-node=\"201\">E-mail: info@roznavatic.sk<\/b>, alebo n\u00e1s kontaktujte telefonicky na \u010d\u00edsle <b data-path-to-node=\"8\" data-index-in-node=\"272\">Mobil: +421 949 552 568<\/b>. V\u0161etky podrobnosti a novinky n\u00e1jdete aj na na\u0161ej ofici\u00e1lnej str\u00e1nke <b data-path-to-node=\"8\" data-index-in-node=\"365\">Web: <a class=\"ng-star-inserted\" href=\"https:\/\/roznavatic.sk\/\" target=\"_blank\" rel=\"noopener\" data-hveid=\"0\" data-ved=\"0CAAQ_4QMahcKEwi58o2e99qTAxUAAAAAHQAAAAAQXA\">https:\/\/roznavatic.sk\/<\/a><\/b>. <b data-path-to-node=\"8\" data-index-in-node=\"394\">Te\u0161\u00edme sa na v\u00e1s!<\/b><\/p>\n<h2 data-path-to-node=\"10\"><span style=\"color: #800000;\">Br\u00e1na k nezabudnute\u013en\u00fdm z\u00e1\u017eitkom na Gemeri<\/span><\/h2>\n<p data-path-to-node=\"11\"><em>N\u00e1v\u0161teva na\u0161ej kancel\u00e1rie nie je len o stroh\u00fdch faktoch, ale o otvoren\u00ed dver\u00ed k skryt\u00fdm pokladom Slovensk\u00e9ho krasu. Poskytneme v\u00e1m <b data-path-to-node=\"11\" data-index-in-node=\"131\">fundovan\u00e9 rady<\/b>, v\u010faka ktor\u00fdm uvid\u00edte Ro\u017e\u0148avu a jej okolie o\u010dami miestneho sprievodcu. Na jednom mieste z\u00edskate pr\u00edstup k <b data-path-to-node=\"11\" data-index-in-node=\"252\">unik\u00e1tnym propaga\u010dn\u00fdm materi\u00e1lom<\/b>, region\u00e1lnym suven\u00edrom a aktu\u00e1lnemu preh\u013eadu podujat\u00ed. Pom\u00f4\u017eeme v\u00e1m zefekt\u00edvni\u0165 v\u00e1\u0161 \u010das, aby ste si od n\u00e1s odniesli len tie najlep\u0161ie spomienky. Va\u0161a cesta za poznan\u00edm hist\u00f3rie ban\u00edctva a pr\u00edrodn\u00fdch kr\u00e1s za\u010d\u00edna pr\u00e1ve u n\u00e1s, kde osobn\u00fd pr\u00edstup rob\u00ed z ka\u017ed\u00e9ho turistu v\u00edtan\u00e9ho hos\u0165a.<\/em><\/p>\n<hr \/>\n<p data-path-to-node=\"11\">\n<figure id=\"attachment_24746\" aria-describedby=\"caption-attachment-24746\" style=\"width: 900px\" class=\"wp-caption aligncenter\"><a href=\"https:\/\/www.slovensky-kras.eu\/info\/wp-content\/uploads\/2023\/06\/roznava-infocetrum.jpg\"><img loading=\"lazy\" decoding=\"async\" class=\"wp-image-24746\" src=\"https:\/\/www.slovensky-kras.eu\/info\/wp-content\/uploads\/2023\/06\/roznava-infocetrum-800x534.jpg\" alt=\"Turistick\u00e9 informa\u010dn\u00e9 centrum v Ro\u017e\u0148ave\" width=\"900\" height=\"601\" srcset=\"https:\/\/www.slovensky-kras.eu\/info\/wp-content\/uploads\/2023\/06\/roznava-infocetrum-800x534.jpg 800w, https:\/\/www.slovensky-kras.eu\/info\/wp-content\/uploads\/2023\/06\/roznava-infocetrum-1024x684.jpg 1024w, https:\/\/www.slovensky-kras.eu\/info\/wp-content\/uploads\/2023\/06\/roznava-infocetrum-768x513.jpg 768w, https:\/\/www.slovensky-kras.eu\/info\/wp-content\/uploads\/2023\/06\/roznava-infocetrum-1200x801.jpg 1200w, https:\/\/www.slovensky-kras.eu\/info\/wp-content\/uploads\/2023\/06\/roznava-infocetrum.jpg 1471w\" sizes=\"auto, (max-width: 900px) 100vw, 900px\" \/><\/a><figcaption id=\"caption-attachment-24746\" class=\"wp-caption-text\">Turistick\u00e9 informa\u010dn\u00e9 centrum v Ro\u017e\u0148ave<\/figcaption><\/figure>\n","protected":false},"excerpt":{"rendered":"<p>H\u013ead\u00e1te k\u013e\u00fa\u010d k srdcu Gemera? Nav\u0161t\u00edvte Turistick\u00e9 informa\u010dn\u00e9 centrum v Ro\u017e\u0148ave Objavte kr\u00e1sy historick\u00e9ho centra a napl\u00e1nujte si svoje dobrodru\u017estvo presne pod\u013ea pl\u00e1nu. Turistick\u00e9 informa\u010dn\u00e9 centrum v Ro\u017e\u0148ave je va\u0161\u00edm [&hellip;]<\/p>\n","protected":false},"author":1,"featured_media":24746,"comment_status":"closed","ping_status":"closed","sticky":false,"template":"","format":"standard","meta":{"_uag_custom_page_level_css":"","footnotes":""},"categories":[1,281],"tags":[],"class_list":["post-24744","post","type-post","status-publish","format-standard","has-post-thumbnail","hentry","category-aktuality","category-otvaracie-hodiny"],"featured_image_src":"https:\/\/www.slovensky-kras.eu\/info\/wp-content\/uploads\/2023\/06\/roznava-infocetrum.jpg","featured_image_src_square":"https:\/\/www.slovensky-kras.eu\/info\/wp-content\/uploads\/2023\/06\/roznava-infocetrum.jpg","author_info":{"display_name":"admin","author_link":"https:\/\/www.slovensky-kras.eu\/info\/author\/admin\/"},"rbea_author_info":{"display_name":"admin","author_link":"https:\/\/www.slovensky-kras.eu\/info\/author\/admin\/"},"rbea_excerpt_info":"H\u013ead\u00e1te k\u013e\u00fa\u010d k srdcu Gemera? Nav\u0161t\u00edvte Turistick\u00e9 informa\u010dn\u00e9 centrum v Ro\u017e\u0148ave Objavte kr\u00e1sy historick\u00e9ho centra a napl\u00e1nujte si svoje dobrodru\u017estvo presne pod\u013ea pl\u00e1nu. Turistick\u00e9 informa\u010dn\u00e9 centrum v Ro\u017e\u0148ave je va\u0161\u00edm [&hellip;]","category_list":"<a href=\"https:\/\/www.slovensky-kras.eu\/info\/domov\/aktuality\/\" rel=\"category tag\">Aktuality<\/a>, <a href=\"https:\/\/www.slovensky-kras.eu\/info\/domov\/aktuality\/otvaracie-hodiny\/\" rel=\"category tag\">Otv\u00e1racie hodiny<\/a>","comments_num":"0 comments","uagb_featured_image_src":{"full":["https:\/\/www.slovensky-kras.eu\/info\/wp-content\/uploads\/2023\/06\/roznava-infocetrum.jpg",1471,982,false],"thumbnail":["https:\/\/www.slovensky-kras.eu\/info\/wp-content\/uploads\/2023\/06\/roznava-infocetrum-150x150.jpg",150,150,true],"medium":["https:\/\/www.slovensky-kras.eu\/info\/wp-content\/uploads\/2023\/06\/roznava-infocetrum-800x534.jpg",800,534,true],"medium_large":["https:\/\/www.slovensky-kras.eu\/info\/wp-content\/uploads\/2023\/06\/roznava-infocetrum-768x513.jpg",768,513,true],"large":["https:\/\/www.slovensky-kras.eu\/info\/wp-content\/uploads\/2023\/06\/roznava-infocetrum-1024x684.jpg",1024,684,true],"1536x1536":["https:\/\/www.slovensky-kras.eu\/info\/wp-content\/uploads\/2023\/06\/roznava-infocetrum.jpg",1471,982,false],"2048x2048":["https:\/\/www.slovensky-kras.eu\/info\/wp-content\/uploads\/2023\/06\/roznava-infocetrum.jpg",1471,982,false]},"uagb_author_info":{"display_name":"admin","author_link":"https:\/\/www.slovensky-kras.eu\/info\/author\/admin\/"},"uagb_comment_info":0,"uagb_excerpt":"H\u013ead\u00e1te k\u013e\u00fa\u010d k srdcu Gemera? Nav\u0161t\u00edvte Turistick\u00e9 informa\u010dn\u00e9 centrum v Ro\u017e\u0148ave Objavte kr\u00e1sy historick\u00e9ho centra a napl\u00e1nujte si svoje dobrodru\u017estvo presne pod\u013ea pl\u00e1nu. Turistick\u00e9 informa\u010dn\u00e9 centrum v Ro\u017e\u0148ave je va\u0161\u00edm [&hellip;]","_links":{"self":[{"href":"https:\/\/www.slovensky-kras.eu\/info\/wp-json\/wp\/v2\/posts\/24744","targetHints":{"allow":["GET"]}}],"collection":[{"href":"https:\/\/www.slovensky-kras.eu\/info\/wp-json\/wp\/v2\/posts"}],"about":[{"href":"https:\/\/www.slovensky-kras.eu\/info\/wp-json\/wp\/v2\/types\/post"}],"author":[{"embeddable":true,"href":"https:\/\/www.slovensky-kras.eu\/info\/wp-json\/wp\/v2\/users\/1"}],"replies":[{"embeddable":true,"href":"https:\/\/www.slovensky-kras.eu\/info\/wp-json\/wp\/v2\/comments?post=24744"}],"version-history":[{"count":7,"href":"https:\/\/www.slovensky-kras.eu\/info\/wp-json\/wp\/v2\/posts\/24744\/revisions"}],"predecessor-version":[{"id":29946,"href":"https:\/\/www.slovensky-kras.eu\/info\/wp-json\/wp\/v2\/posts\/24744\/revisions\/29946"}],"wp:featuredmedia":[{"embeddable":true,"href":"https:\/\/www.slovensky-kras.eu\/info\/wp-json\/wp\/v2\/media\/24746"}],"wp:attachment":[{"href":"https:\/\/www.slovensky-kras.eu\/info\/wp-json\/wp\/v2\/media?parent=24744"}],"wp:term":[{"taxonomy":"category","embeddable":true,"href":"https:\/\/www.slovensky-kras.eu\/info\/wp-json\/wp\/v2\/categories?post=24744"},{"taxonomy":"post_tag","embeddable":true,"href":"https:\/\/www.slovensky-kras.eu\/info\/wp-json\/wp\/v2\/tags?post=24744"}],"curies":[{"name":"wp","href":"https:\/\/api.w.org\/{rel}","templated":true}]}}