{"id":24665,"date":"2023-05-18T05:59:14","date_gmt":"2023-05-18T03:59:14","guid":{"rendered":"https:\/\/www.slovensky-kras.eu\/info\/?p=24665"},"modified":"2023-05-18T05:59:14","modified_gmt":"2023-05-18T03:59:14","slug":"moldava-nad-bodvou-chce-ochranit-tunajsie-pamatihodnosti-pomoct-mozete-aj-vy-video","status":"publish","type":"post","link":"https:\/\/www.slovensky-kras.eu\/info\/moldava-nad-bodvou-chce-ochranit-tunajsie-pamatihodnosti-pomoct-mozete-aj-vy-video\/","title":{"rendered":"Moldava nad Bodvou chce ochr\u00e1ni\u0165 tunaj\u0161ie pam\u00e4tihodnosti, pom\u00f4c\u0165 m\u00f4\u017eete aj vy (video)"},"content":{"rendered":"<p>Mesto Moldava nad Bodvou prijalo v\u0161eobecne z\u00e1v\u00e4zn\u00e9 nariadenie, ktor\u00e9 m\u00e1 prispie\u0165 k ochrane tunaj\u0161\u00edch pam\u00e4tihodnost\u00ed. <\/p>\n<p>Ak bude dan\u00fd objekt, n\u00e1zov \u010di zvyk vyhodnoten\u00fd ako nie\u010do, \u010do m\u00e1 historick\u00fa hodnotu, stupe\u0148 jeho ochrany bude vy\u0161\u0161\u00ed.<\/p>\n<p><iframe loading=\"lazy\" title=\"Moldava nad Bodvou chce ochr\u00e1ni\u0165 tunaj\u0161ie pam\u00e4tihodnosti, pom\u00f4c\u0165 m\u00f4\u017eete aj vy\" width=\"500\" height=\"281\" src=\"https:\/\/www.youtube.com\/embed\/dDZdYzVqBFQ?feature=oembed\" frameborder=\"0\" allow=\"accelerometer; autoplay; clipboard-write; encrypted-media; gyroscope; picture-in-picture; web-share\" referrerpolicy=\"strict-origin-when-cross-origin\" allowfullscreen><\/iframe><\/p>\n","protected":false},"excerpt":{"rendered":"<p>Mesto Moldava nad Bodvou prijalo v\u0161eobecne z\u00e1v\u00e4zn\u00e9 nariadenie, ktor\u00e9 m\u00e1 prispie\u0165 k ochrane tunaj\u0161\u00edch pam\u00e4tihodnost\u00ed. Ak bude dan\u00fd objekt, n\u00e1zov \u010di zvyk vyhodnoten\u00fd ako nie\u010do, \u010do m\u00e1 historick\u00fa hodnotu, stupe\u0148 [&hellip;]<\/p>\n","protected":false},"author":1,"featured_media":22606,"comment_status":"closed","ping_status":"closed","sticky":false,"template":"","format":"standard","meta":{"_uag_custom_page_level_css":"","footnotes":""},"categories":[1,313],"tags":[],"class_list":["post-24665","post","type-post","status-publish","format-standard","has-post-thumbnail","hentry","category-aktuality","category-zaujimavosti"],"featured_image_src":"https:\/\/www.slovensky-kras.eu\/info\/wp-content\/uploads\/2022\/01\/moldava-mesto25.jpg","featured_image_src_square":"https:\/\/www.slovensky-kras.eu\/info\/wp-content\/uploads\/2022\/01\/moldava-mesto25.jpg","author_info":{"display_name":"admin","author_link":"https:\/\/www.slovensky-kras.eu\/info\/author\/admin\/"},"rbea_author_info":{"display_name":"admin","author_link":"https:\/\/www.slovensky-kras.eu\/info\/author\/admin\/"},"rbea_excerpt_info":"Mesto Moldava nad Bodvou prijalo v\u0161eobecne z\u00e1v\u00e4zn\u00e9 nariadenie, ktor\u00e9 m\u00e1 prispie\u0165 k ochrane tunaj\u0161\u00edch pam\u00e4tihodnost\u00ed. Ak bude dan\u00fd objekt, n\u00e1zov \u010di zvyk vyhodnoten\u00fd ako nie\u010do, \u010do m\u00e1 historick\u00fa hodnotu, stupe\u0148 [&hellip;]","category_list":"<a href=\"https:\/\/www.slovensky-kras.eu\/info\/domov\/aktuality\/\" rel=\"category tag\">Aktuality<\/a>, <a href=\"https:\/\/www.slovensky-kras.eu\/info\/domov\/aktuality\/zaujimavosti\/\" rel=\"category tag\">Zauj\u00edmavosti<\/a>","comments_num":"0 comments","uagb_featured_image_src":{"full":["https:\/\/www.slovensky-kras.eu\/info\/wp-content\/uploads\/2022\/01\/moldava-mesto25.jpg",800,600,false],"thumbnail":["https:\/\/www.slovensky-kras.eu\/info\/wp-content\/uploads\/2022\/01\/moldava-mesto25-150x150.jpg",150,150,true],"medium":["https:\/\/www.slovensky-kras.eu\/info\/wp-content\/uploads\/2022\/01\/moldava-mesto25.jpg",800,600,false],"medium_large":["https:\/\/www.slovensky-kras.eu\/info\/wp-content\/uploads\/2022\/01\/moldava-mesto25-768x576.jpg",768,576,true],"large":["https:\/\/www.slovensky-kras.eu\/info\/wp-content\/uploads\/2022\/01\/moldava-mesto25.jpg",800,600,false],"1536x1536":["https:\/\/www.slovensky-kras.eu\/info\/wp-content\/uploads\/2022\/01\/moldava-mesto25.jpg",800,600,false],"2048x2048":["https:\/\/www.slovensky-kras.eu\/info\/wp-content\/uploads\/2022\/01\/moldava-mesto25.jpg",800,600,false]},"uagb_author_info":{"display_name":"admin","author_link":"https:\/\/www.slovensky-kras.eu\/info\/author\/admin\/"},"uagb_comment_info":0,"uagb_excerpt":"Mesto Moldava nad Bodvou prijalo v\u0161eobecne z\u00e1v\u00e4zn\u00e9 nariadenie, ktor\u00e9 m\u00e1 prispie\u0165 k ochrane tunaj\u0161\u00edch pam\u00e4tihodnost\u00ed. Ak bude dan\u00fd objekt, n\u00e1zov \u010di zvyk vyhodnoten\u00fd ako nie\u010do, \u010do m\u00e1 historick\u00fa hodnotu, stupe\u0148 [&hellip;]","_links":{"self":[{"href":"https:\/\/www.slovensky-kras.eu\/info\/wp-json\/wp\/v2\/posts\/24665","targetHints":{"allow":["GET"]}}],"collection":[{"href":"https:\/\/www.slovensky-kras.eu\/info\/wp-json\/wp\/v2\/posts"}],"about":[{"href":"https:\/\/www.slovensky-kras.eu\/info\/wp-json\/wp\/v2\/types\/post"}],"author":[{"embeddable":true,"href":"https:\/\/www.slovensky-kras.eu\/info\/wp-json\/wp\/v2\/users\/1"}],"replies":[{"embeddable":true,"href":"https:\/\/www.slovensky-kras.eu\/info\/wp-json\/wp\/v2\/comments?post=24665"}],"version-history":[{"count":1,"href":"https:\/\/www.slovensky-kras.eu\/info\/wp-json\/wp\/v2\/posts\/24665\/revisions"}],"predecessor-version":[{"id":24666,"href":"https:\/\/www.slovensky-kras.eu\/info\/wp-json\/wp\/v2\/posts\/24665\/revisions\/24666"}],"wp:featuredmedia":[{"embeddable":true,"href":"https:\/\/www.slovensky-kras.eu\/info\/wp-json\/wp\/v2\/media\/22606"}],"wp:attachment":[{"href":"https:\/\/www.slovensky-kras.eu\/info\/wp-json\/wp\/v2\/media?parent=24665"}],"wp:term":[{"taxonomy":"category","embeddable":true,"href":"https:\/\/www.slovensky-kras.eu\/info\/wp-json\/wp\/v2\/categories?post=24665"},{"taxonomy":"post_tag","embeddable":true,"href":"https:\/\/www.slovensky-kras.eu\/info\/wp-json\/wp\/v2\/tags?post=24665"}],"curies":[{"name":"wp","href":"https:\/\/api.w.org\/{rel}","templated":true}]}}