{"id":24639,"date":"2023-08-09T03:19:00","date_gmt":"2023-08-09T01:19:00","guid":{"rendered":"https:\/\/www.slovensky-kras.eu\/info\/?p=24639"},"modified":"2023-08-09T04:08:12","modified_gmt":"2023-08-09T02:08:12","slug":"vikendove-pobyty-v-penzione-skalna-ruza-spojene-s-clnkovanim-v-jaskyni-domica","status":"publish","type":"post","link":"https:\/\/www.slovensky-kras.eu\/info\/vikendove-pobyty-v-penzione-skalna-ruza-spojene-s-clnkovanim-v-jaskyni-domica\/","title":{"rendered":"V\u00edkendov\u00e9 pobyty v penzi\u00f3ne SKALN\u00c1 RU\u017dA spojen\u00e9 s \u010dlnkovan\u00edm v jaskyni DOMICA"},"content":{"rendered":"<p>NEPREME\u0160KAJTE!<\/p>\n<p>Po dlh\u00fdch rokoch op\u00e4\u0165 obnoven\u00e1 plavba lo\u010fkou v jaskyni DOMICA!<\/p>\n<p>V\u00edkendov\u00fd pobyt pre rodiny s de\u0165mi za 219 \u20ac<\/p>\n<p>Dvaja dospel\u00ed + dve deti<\/p>\n<p>V tom 2 x ubytovanie s ra\u0148ajkami + 1 x dvojchodov\u00fd rodinn\u00fd obed, priv\u00edtac\u00ed drink, dar\u010dek<\/p>\n<p>Program: N\u00e1v\u0161teva jaskyne Domica spojen\u00e1 s plavbou \/ nie je v cene\/<\/p>\n<p>Prech\u00e1dzka krasovou krajinou po bohato ilustrovanom a s pohybov\u00fdmi prvkami<\/p>\n<p>spestrenom NCH Krasov\u00e9 javy H\u00f4rky.\/ nad penzi\u00f3nom\/<\/p>\n","protected":false},"excerpt":{"rendered":"<p>NEPREME\u0160KAJTE! Po dlh\u00fdch rokoch op\u00e4\u0165 obnoven\u00e1 plavba lo\u010fkou v jaskyni DOMICA! V\u00edkendov\u00fd pobyt pre rodiny s de\u0165mi za 219 \u20ac Dvaja dospel\u00ed + dve deti V tom 2 x ubytovanie [&hellip;]<\/p>\n","protected":false},"author":1,"featured_media":24640,"comment_status":"closed","ping_status":"closed","sticky":false,"template":"","format":"standard","meta":{"_uag_custom_page_level_css":"","footnotes":""},"categories":[1,313],"tags":[],"class_list":["post-24639","post","type-post","status-publish","format-standard","has-post-thumbnail","hentry","category-aktuality","category-zaujimavosti"],"featured_image_src":"https:\/\/www.slovensky-kras.eu\/info\/wp-content\/uploads\/2023\/05\/domica.jpg","featured_image_src_square":"https:\/\/www.slovensky-kras.eu\/info\/wp-content\/uploads\/2023\/05\/domica.jpg","author_info":{"display_name":"admin","author_link":"https:\/\/www.slovensky-kras.eu\/info\/author\/admin\/"},"rbea_author_info":{"display_name":"admin","author_link":"https:\/\/www.slovensky-kras.eu\/info\/author\/admin\/"},"rbea_excerpt_info":"NEPREME\u0160KAJTE! Po dlh\u00fdch rokoch op\u00e4\u0165 obnoven\u00e1 plavba lo\u010fkou v jaskyni DOMICA! V\u00edkendov\u00fd pobyt pre rodiny s de\u0165mi za 219 \u20ac Dvaja dospel\u00ed + dve deti V tom 2 x ubytovanie [&hellip;]","category_list":"<a href=\"https:\/\/www.slovensky-kras.eu\/info\/domov\/aktuality\/\" rel=\"category tag\">Aktuality<\/a>, <a href=\"https:\/\/www.slovensky-kras.eu\/info\/domov\/aktuality\/zaujimavosti\/\" rel=\"category tag\">Zauj\u00edmavosti<\/a>","comments_num":"0 comments","uagb_featured_image_src":{"full":["https:\/\/www.slovensky-kras.eu\/info\/wp-content\/uploads\/2023\/05\/domica.jpg",1271,741,false],"thumbnail":["https:\/\/www.slovensky-kras.eu\/info\/wp-content\/uploads\/2023\/05\/domica-150x150.jpg",150,150,true],"medium":["https:\/\/www.slovensky-kras.eu\/info\/wp-content\/uploads\/2023\/05\/domica-800x466.jpg",800,466,true],"medium_large":["https:\/\/www.slovensky-kras.eu\/info\/wp-content\/uploads\/2023\/05\/domica-768x448.jpg",768,448,true],"large":["https:\/\/www.slovensky-kras.eu\/info\/wp-content\/uploads\/2023\/05\/domica-1024x597.jpg",1024,597,true],"1536x1536":["https:\/\/www.slovensky-kras.eu\/info\/wp-content\/uploads\/2023\/05\/domica.jpg",1271,741,false],"2048x2048":["https:\/\/www.slovensky-kras.eu\/info\/wp-content\/uploads\/2023\/05\/domica.jpg",1271,741,false]},"uagb_author_info":{"display_name":"admin","author_link":"https:\/\/www.slovensky-kras.eu\/info\/author\/admin\/"},"uagb_comment_info":0,"uagb_excerpt":"NEPREME\u0160KAJTE! Po dlh\u00fdch rokoch op\u00e4\u0165 obnoven\u00e1 plavba lo\u010fkou v jaskyni DOMICA! V\u00edkendov\u00fd pobyt pre rodiny s de\u0165mi za 219 \u20ac Dvaja dospel\u00ed + dve deti V tom 2 x ubytovanie [&hellip;]","_links":{"self":[{"href":"https:\/\/www.slovensky-kras.eu\/info\/wp-json\/wp\/v2\/posts\/24639","targetHints":{"allow":["GET"]}}],"collection":[{"href":"https:\/\/www.slovensky-kras.eu\/info\/wp-json\/wp\/v2\/posts"}],"about":[{"href":"https:\/\/www.slovensky-kras.eu\/info\/wp-json\/wp\/v2\/types\/post"}],"author":[{"embeddable":true,"href":"https:\/\/www.slovensky-kras.eu\/info\/wp-json\/wp\/v2\/users\/1"}],"replies":[{"embeddable":true,"href":"https:\/\/www.slovensky-kras.eu\/info\/wp-json\/wp\/v2\/comments?post=24639"}],"version-history":[{"count":2,"href":"https:\/\/www.slovensky-kras.eu\/info\/wp-json\/wp\/v2\/posts\/24639\/revisions"}],"predecessor-version":[{"id":25279,"href":"https:\/\/www.slovensky-kras.eu\/info\/wp-json\/wp\/v2\/posts\/24639\/revisions\/25279"}],"wp:featuredmedia":[{"embeddable":true,"href":"https:\/\/www.slovensky-kras.eu\/info\/wp-json\/wp\/v2\/media\/24640"}],"wp:attachment":[{"href":"https:\/\/www.slovensky-kras.eu\/info\/wp-json\/wp\/v2\/media?parent=24639"}],"wp:term":[{"taxonomy":"category","embeddable":true,"href":"https:\/\/www.slovensky-kras.eu\/info\/wp-json\/wp\/v2\/categories?post=24639"},{"taxonomy":"post_tag","embeddable":true,"href":"https:\/\/www.slovensky-kras.eu\/info\/wp-json\/wp\/v2\/tags?post=24639"}],"curies":[{"name":"wp","href":"https:\/\/api.w.org\/{rel}","templated":true}]}}