{"id":24624,"date":"2026-03-13T06:30:49","date_gmt":"2026-03-13T05:30:49","guid":{"rendered":"https:\/\/www.slovensky-kras.eu\/info\/?p=24624"},"modified":"2026-03-13T07:25:43","modified_gmt":"2026-03-13T06:25:43","slug":"premonstratsky-klastor-jasov-prehliadky-otvaracie-hodiny","status":"publish","type":"post","link":"https:\/\/www.slovensky-kras.eu\/info\/premonstratsky-klastor-jasov-prehliadky-otvaracie-hodiny\/","title":{"rendered":"Premon\u0161tr\u00e1tsky kl\u00e1\u0161tor Jasov : Prehliadky \/ Otv\u00e1racie hodiny"},"content":{"rendered":"<h2 data-path-to-node=\"2\"><span style=\"color: #800000;\">Kedy nav\u0161t\u00edvi\u0165 Premon\u0161tr\u00e1tsky kl\u00e1\u0161tor Jasov v roku 2026?<\/span><\/h2>\n<p data-path-to-node=\"3\"><b data-path-to-node=\"3\" data-index-in-node=\"0\">Premon\u0161tr\u00e1tsky kl\u00e1\u0161tor Jasov<\/b> otv\u00e1ra br\u00e1ny hist\u00f3rie u\u017e <b data-path-to-node=\"3\" data-index-in-node=\"54\">15. m\u00e1ja 2026<\/b>. Za\u017eite atmosf\u00e9ru baroka v <b data-path-to-node=\"3\" data-index-in-node=\"95\">novej sez\u00f3ne<\/b>, kedy n\u00e1s m\u00f4\u017eete <b data-path-to-node=\"3\" data-index-in-node=\"125\">nav\u0161t\u00edvi\u0165 od utorka do soboty<\/b>. <b data-path-to-node=\"3\" data-index-in-node=\"156\">Podrobn\u00e9 inform\u00e1cie<\/b>, aktu\u00e1lne <b data-path-to-node=\"3\" data-index-in-node=\"186\">otv\u00e1racie hodiny<\/b> a platn\u00fd <b data-path-to-node=\"3\" data-index-in-node=\"212\">cenn\u00edk n\u00e1jdete na str\u00e1nke<\/b> www.opatstvojasov.sk. <b data-path-to-node=\"3\" data-index-in-node=\"260\">V pr\u00edpade ak\u00fdchko\u013evek ot\u00e1zok n\u00e1s nev\u00e1hajte kontaktova\u0165<\/b> na \u010d\u00edsle <b data-path-to-node=\"3\" data-index-in-node=\"324\">0910 649 345<\/b> alebo e-mailom cez <b data-path-to-node=\"3\" data-index-in-node=\"356\">info@opatstvojasov.sk<\/b>. \u00daprimne sa <b data-path-to-node=\"3\" data-index-in-node=\"390\">te\u0161\u00edme na va\u0161u n\u00e1v\u0161tevu<\/b>!<\/p>\n<p data-path-to-node=\"5\">Jasovsk\u00fd kl\u00e1\u0161tor sp\u00e1ja unik\u00e1tnu architekt\u00faru s pokojom kl\u00e1\u0161tornej z\u00e1hrady, \u010do z neho rob\u00ed ide\u00e1lny cie\u013e pre rodinn\u00fd v\u00fdlet aj individu\u00e1lne rozj\u00edmanie. Va\u0161a n\u00e1v\u0161teva priamo prispieva k obnove tejto n\u00e1rodnej kult\u00farnej pamiatky. Objavte miesto, kde sa hist\u00f3ria st\u00e1va \u017eiv\u00fdm z\u00e1\u017eitkom pre ka\u017ed\u00e9ho n\u00e1v\u0161tevn\u00edka.<\/p>\n<p data-path-to-node=\"5\"><a href=\"https:\/\/www.slovensky-kras.eu\/info\/wp-content\/uploads\/2025\/10\/jasof.jpg\"><img loading=\"lazy\" decoding=\"async\" class=\"aligncenter wp-image-29466\" src=\"https:\/\/www.slovensky-kras.eu\/info\/wp-content\/uploads\/2025\/10\/jasof.jpg\" alt=\"Premon\u0161tr\u00e1tsky kl\u00e1\u0161tor Jasov\" width=\"900\" height=\"1273\" srcset=\"https:\/\/www.slovensky-kras.eu\/info\/wp-content\/uploads\/2025\/10\/jasof.jpg 1414w, https:\/\/www.slovensky-kras.eu\/info\/wp-content\/uploads\/2025\/10\/jasof-424x600.jpg 424w, https:\/\/www.slovensky-kras.eu\/info\/wp-content\/uploads\/2025\/10\/jasof-724x1024.jpg 724w, https:\/\/www.slovensky-kras.eu\/info\/wp-content\/uploads\/2025\/10\/jasof-768x1086.jpg 768w, https:\/\/www.slovensky-kras.eu\/info\/wp-content\/uploads\/2025\/10\/jasof-1086x1536.jpg 1086w\" sizes=\"auto, (max-width: 900px) 100vw, 900px\" \/><\/a><\/p>\n<hr \/>\n<p>Premon\u0161tr\u00e1tsky kl\u00e1\u0161tor Jasov je barokov\u00fd klenot Slovenska s bohat\u00fdm kult\u00farnym dedi\u010dstvom &#x1f60d;&#x1f3f0;<\/p>\n<h2><span style=\"color: #800000;\"><strong>Objavte najv\u00e4\u010d\u0161\u00ed neskorobarokov\u00fd kl\u00e1\u0161tor na Slovensku!<\/strong><\/span><\/h2>\n<p class=\"ds-markdown-paragraph\">Kl\u00e1\u0161tor Jasov, p\u00f4sobisko\u00a0<strong>R\u00e1du premon\u0161tr\u00e1tov<\/strong>, je skuto\u010dn\u00fdm unik\u00e1tom! S jeho\u00a0<strong>chr\u00e1mom sv. J\u00e1na Krstite\u013ea<\/strong>, historickou kni\u017enicou s viac ako\u00a0<strong>40 000 knihami<\/strong>\u00a0a n\u00e1dhernou barokovou z\u00e1hradou sa rad\u00ed medzi najv\u00fdznamnej\u0161ie pamiatky Slovenska.<\/p>\n<h2><span style=\"color: #800000;\"><strong>\u010co v\u00e1s \u010dak\u00e1 po\u010das n\u00e1v\u0161tevy?<\/strong><\/span><\/h2>\n<p class=\"ds-markdown-paragraph\">&#x1f3db;\u00a0<strong>Barokov\u00fd chr\u00e1m sv. J\u00e1na Krstite\u013ea<\/strong>\u00a0\u2013 Architektonick\u00fd skvost s bohatou v\u00fdzdobou<br \/>\n&#x1f4da;\u00a0<strong>Historick\u00e1 kni\u017enica<\/strong>\u00a0\u2013 Pokladnica vedomost\u00ed s unik\u00e1tnymi zbierkami<br \/>\n&#x1f50d;\u00a0<strong>Tajn\u00e1 arch\u00edvna miestnos\u0165<\/strong>\u00a0\u2013 Odhalte tajomstv\u00e1 minulosti<br \/>\n&#x1f48e;\u00a0<strong>Op\u00e1tska kaplnka a v\u00fdstava klenotov<\/strong>\u00a0\u2013 Luxus a duchovno v jednom<br \/>\n&#x1f333;\u00a0<strong>Barokov\u00fd park<\/strong>\u00a0\u2013 Oddych v n\u00e1dhernej pr\u00edrode<br \/>\n&#x23f3;\u00a0<strong>Zbierka hod\u00edn<\/strong> \u2013 Fascinuj\u00face stroje \u010dasu<\/p>\n<h2><span style=\"color: #800000;\"><strong>Otv\u00e1racie hodiny a prehliadky<\/strong><\/span><\/h2>\n<h3 class=\"ds-markdown-paragraph\">&#x1f4c5;\u00a0<span style=\"color: #808000;\"><strong>Sez\u00f3na (16. m\u00e1ja \u2013 15. septembra):<\/strong><\/span><\/h3>\n<ul>\n<li>\n<p class=\"ds-markdown-paragraph\"><strong>Utorok \u2013 Sobota:<\/strong>\u00a010:00 \u2013 posledn\u00fd vstup<\/p>\n<\/li>\n<li>\n<p class=\"ds-markdown-paragraph\"><strong>Prehliadky so sprievodcom<\/strong>\u00a0\u2013 Ide\u00e1lny sp\u00f4sob, ako objavi\u0165 v\u0161etky poklady kl\u00e1\u0161tora!<\/p>\n<\/li>\n<\/ul>\n<h3 class=\"ds-markdown-paragraph\">&#x1f4c5;\u00a0<span style=\"color: #808000;\"><strong>Mimo sez\u00f3ny (1. okt\u00f3bra \u2013 15. m\u00e1ja):<\/strong><\/span><\/h3>\n<ul>\n<li>\n<p class=\"ds-markdown-paragraph\"><strong>Po dohode<\/strong>\u00a0\u2013 Skvel\u00e1 pr\u00edle\u017eitos\u0165 pre skupiny a nad\u0161encov hist\u00f3rie!<\/p>\n<\/li>\n<\/ul>\n<h2><span style=\"color: #800000;\"><strong>Praktick\u00e9 inform\u00e1cie<\/strong><\/span><\/h2>\n<p class=\"ds-markdown-paragraph\">&#x1f469;\u00a0<strong>Sprievodkyne:<\/strong>\u00a0Pe\u0165ka, Miriam, Margar\u00e9t a R\u00e1chel<br \/>\n&#x1f5e3;\u00a0<strong>Jazyky:<\/strong>\u00a0Sloven\u010dina, Angli\u010dtina<br \/>\n&#x1f3a7;\u00a0<strong>Audio sprievodca:<\/strong>\u00a0K dispoz\u00edcii v 5 jazykoch (angli\u010dtina, ma\u010far\u010dina, nem\u010dina, franc\u00faz\u0161tina, po\u013e\u0161tina)<br \/>\n&#x1f4de;\u00a0<strong>Rezerv\u00e1cie pre skupiny:<\/strong>\u00a0+421 910 649 345<br \/>\n&#x2139;&#xfe0f;\u00a0<strong>Viac info:<\/strong>\u00a0<a href=\"https:\/\/opatstvojasov.sk\/prehliadky-kostola\" target=\"_blank\" rel=\"noopener noreferrer\">opatstvojasov.sk\/prehliadky-kostola<\/a><\/p>\n<h2><span style=\"color: #800000;\"><strong>Pre\u010do nav\u0161t\u00edvi\u0165 Kl\u00e1\u0161tor Jasov?<\/strong><\/span><\/h2>\n<p class=\"ds-markdown-paragraph\">&#x2705;\u00a0<strong>Najv\u00e4\u010d\u0161\u00ed neskorobarokov\u00fd komplex na Slovensku<\/strong><br \/>\n&#x2705;\u00a0<strong>Unik\u00e1tna expoz\u00edcia kult\u00farneho dedi\u010dstva<\/strong><br \/>\n&#x2705;\u00a0<strong>Fascinuj\u00faca hist\u00f3ria R\u00e1du premon\u0161tr\u00e1tov<\/strong><br \/>\n&#x2705;\u00a0<strong>Ide\u00e1lny v\u00fdlet pre milovn\u00edkov umenia a architekt\u00fary<\/strong><\/p>\n<p class=\"ds-markdown-paragraph\"><strong>Nev\u00e1hajte a napl\u00e1nujte si n\u00e1v\u0161tevu u\u017e dnes!<\/strong><\/p>\n<p class=\"ds-markdown-paragraph\">&#x1f4cd;\u00a0<strong>Adresa:<\/strong>\u00a0Kl\u00e1\u0161tor Jasov, 044 23 Jasov<br \/>\n&#x1f4e7;\u00a0<strong>Email:<\/strong>\u00a0<a href=\"https:\/\/mailto:info@opatstvojasov.sk\/\" target=\"_blank\" rel=\"noopener noreferrer\">info@opatstvojasov.sk<\/a><br \/>\n&#x1f310;\u00a0<strong>Web:<\/strong>\u00a0<a href=\"https:\/\/opatstvojasov.sk\/\" target=\"_blank\" rel=\"noopener noreferrer\">opatstvojasov.sk\u00a0<\/a><\/p>\n<p>&#x1f449;<\/p>\n<p>V r\u00e1mci prehliadky budete m\u00f4c\u0165 nav\u0161t\u00edvi\u0165 op\u00e1tsky chr\u00e1m, reprezenta\u010dn\u00e9 priestory kl\u00e1\u0161tora, expoz\u00edciu umeleck\u00fdch diel, barokov\u00fd park a historick\u00fa kni\u017enicu.<\/p>\n<p>&#x2666; V\u00e4\u010d\u0161\u00edm skupin\u00e1m odpor\u00fa\u010dame ohl\u00e1si\u0165 sa vopred na jeden z kontaktov a my v\u00e1m radi dohodnut\u00fd term\u00edn a \u010das rezervujeme, aby sme predi\u0161li pr\u00edpadnej kol\u00edzii.<\/p>\n<p>&#x2666; Pros\u00edme v\u00e1\u017een\u00fdch n\u00e1v\u0161tevn\u00edkov, aby re\u0161pektovali \u010das za\u010diatku prehliadok, ktor\u00fd nie je mo\u017en\u00e9 meni\u0165. \u010ealej pros\u00edme o spr\u00e1vanie adekv\u00e1tne posv\u00e4tn\u00e9mu priestoru.<\/p>\n<p>&#x2666; R\u00e1d premon\u0161tr\u00e1tov \u2013 Op\u00e1tstvo Jasov si vyhradzuje pr\u00e1vo na zmenu. V\u0161etky zmeny bud\u00fa uverejnen\u00e9 na web str\u00e1nke Op\u00e1tstva www.opatstvojasov.sk, na FB R\u00e1d premon\u0161tr\u00e1tov \u2013 Op\u00e1tstvo Jasov.<\/p>\n<p><strong>Viac inform\u00e1ci\u00ed n\u00e1jdete na:<\/strong>&#x1f310;\u00a0<a href=\"https:\/\/www.opatstvojasov.sk\/\" target=\"_blank\" rel=\"noopener noreferrer\">www.opatstvojasov.sk<\/a><\/p>\n","protected":false},"excerpt":{"rendered":"<p>Kedy nav\u0161t\u00edvi\u0165 Premon\u0161tr\u00e1tsky kl\u00e1\u0161tor Jasov v roku 2026? Premon\u0161tr\u00e1tsky kl\u00e1\u0161tor Jasov otv\u00e1ra br\u00e1ny hist\u00f3rie u\u017e 15. m\u00e1ja 2026. Za\u017eite atmosf\u00e9ru baroka v novej sez\u00f3ne, kedy n\u00e1s m\u00f4\u017eete nav\u0161t\u00edvi\u0165 od utorka [&hellip;]<\/p>\n","protected":false},"author":1,"featured_media":29466,"comment_status":"closed","ping_status":"closed","sticky":false,"template":"","format":"standard","meta":{"_uag_custom_page_level_css":"","footnotes":""},"categories":[1,317],"tags":[],"class_list":["post-24624","post","type-post","status-publish","format-standard","has-post-thumbnail","hentry","category-aktuality","category-prehliadky"],"featured_image_src":"https:\/\/www.slovensky-kras.eu\/info\/wp-content\/uploads\/2025\/10\/jasof.jpg","featured_image_src_square":"https:\/\/www.slovensky-kras.eu\/info\/wp-content\/uploads\/2025\/10\/jasof.jpg","author_info":{"display_name":"admin","author_link":"https:\/\/www.slovensky-kras.eu\/info\/author\/admin\/"},"rbea_author_info":{"display_name":"admin","author_link":"https:\/\/www.slovensky-kras.eu\/info\/author\/admin\/"},"rbea_excerpt_info":"Kedy nav\u0161t\u00edvi\u0165 Premon\u0161tr\u00e1tsky kl\u00e1\u0161tor Jasov v roku 2026? Premon\u0161tr\u00e1tsky kl\u00e1\u0161tor Jasov otv\u00e1ra br\u00e1ny hist\u00f3rie u\u017e 15. m\u00e1ja 2026. Za\u017eite atmosf\u00e9ru baroka v novej sez\u00f3ne, kedy n\u00e1s m\u00f4\u017eete nav\u0161t\u00edvi\u0165 od utorka [&hellip;]","category_list":"<a href=\"https:\/\/www.slovensky-kras.eu\/info\/domov\/aktuality\/\" rel=\"category tag\">Aktuality<\/a>, <a href=\"https:\/\/www.slovensky-kras.eu\/info\/domov\/aktuality\/prehliadky\/\" rel=\"category tag\">Prehliadky<\/a>","comments_num":"0 comments","uagb_featured_image_src":{"full":["https:\/\/www.slovensky-kras.eu\/info\/wp-content\/uploads\/2025\/10\/jasof.jpg",1414,2000,false],"thumbnail":["https:\/\/www.slovensky-kras.eu\/info\/wp-content\/uploads\/2025\/10\/jasof-150x150.jpg",150,150,true],"medium":["https:\/\/www.slovensky-kras.eu\/info\/wp-content\/uploads\/2025\/10\/jasof-424x600.jpg",424,600,true],"medium_large":["https:\/\/www.slovensky-kras.eu\/info\/wp-content\/uploads\/2025\/10\/jasof-768x1086.jpg",768,1086,true],"large":["https:\/\/www.slovensky-kras.eu\/info\/wp-content\/uploads\/2025\/10\/jasof-724x1024.jpg",724,1024,true],"1536x1536":["https:\/\/www.slovensky-kras.eu\/info\/wp-content\/uploads\/2025\/10\/jasof-1086x1536.jpg",1086,1536,true],"2048x2048":["https:\/\/www.slovensky-kras.eu\/info\/wp-content\/uploads\/2025\/10\/jasof.jpg",1414,2000,false]},"uagb_author_info":{"display_name":"admin","author_link":"https:\/\/www.slovensky-kras.eu\/info\/author\/admin\/"},"uagb_comment_info":0,"uagb_excerpt":"Kedy nav\u0161t\u00edvi\u0165 Premon\u0161tr\u00e1tsky kl\u00e1\u0161tor Jasov v roku 2026? Premon\u0161tr\u00e1tsky kl\u00e1\u0161tor Jasov otv\u00e1ra br\u00e1ny hist\u00f3rie u\u017e 15. m\u00e1ja 2026. Za\u017eite atmosf\u00e9ru baroka v novej sez\u00f3ne, kedy n\u00e1s m\u00f4\u017eete nav\u0161t\u00edvi\u0165 od utorka [&hellip;]","_links":{"self":[{"href":"https:\/\/www.slovensky-kras.eu\/info\/wp-json\/wp\/v2\/posts\/24624","targetHints":{"allow":["GET"]}}],"collection":[{"href":"https:\/\/www.slovensky-kras.eu\/info\/wp-json\/wp\/v2\/posts"}],"about":[{"href":"https:\/\/www.slovensky-kras.eu\/info\/wp-json\/wp\/v2\/types\/post"}],"author":[{"embeddable":true,"href":"https:\/\/www.slovensky-kras.eu\/info\/wp-json\/wp\/v2\/users\/1"}],"replies":[{"embeddable":true,"href":"https:\/\/www.slovensky-kras.eu\/info\/wp-json\/wp\/v2\/comments?post=24624"}],"version-history":[{"count":69,"href":"https:\/\/www.slovensky-kras.eu\/info\/wp-json\/wp\/v2\/posts\/24624\/revisions"}],"predecessor-version":[{"id":29468,"href":"https:\/\/www.slovensky-kras.eu\/info\/wp-json\/wp\/v2\/posts\/24624\/revisions\/29468"}],"wp:featuredmedia":[{"embeddable":true,"href":"https:\/\/www.slovensky-kras.eu\/info\/wp-json\/wp\/v2\/media\/29466"}],"wp:attachment":[{"href":"https:\/\/www.slovensky-kras.eu\/info\/wp-json\/wp\/v2\/media?parent=24624"}],"wp:term":[{"taxonomy":"category","embeddable":true,"href":"https:\/\/www.slovensky-kras.eu\/info\/wp-json\/wp\/v2\/categories?post=24624"},{"taxonomy":"post_tag","embeddable":true,"href":"https:\/\/www.slovensky-kras.eu\/info\/wp-json\/wp\/v2\/tags?post=24624"}],"curies":[{"name":"wp","href":"https:\/\/api.w.org\/{rel}","templated":true}]}}