{"id":23971,"date":"2026-01-12T04:01:27","date_gmt":"2026-01-12T03:01:27","guid":{"rendered":"https:\/\/www.slovensky-kras.eu\/info\/?p=23971"},"modified":"2026-01-12T07:39:11","modified_gmt":"2026-01-12T06:39:11","slug":"novinky-na-straznej-vezi","status":"publish","type":"post","link":"https:\/\/www.slovensky-kras.eu\/info\/novinky-na-straznej-vezi\/","title":{"rendered":"Str\u00e1\u017ena ve\u017ea v Ro\u017e\u0148ave: Otv\u00e1racie hodiny a vstupn\u00e9"},"content":{"rendered":"<p><span style=\"color: #808000;\"><strong>Str\u00e1\u017ena ve\u017ea v Ro\u017e\u0148ave m\u00e1 v chladnej\u0161om obdob\u00ed roka (jese\u0148, zima) otv\u00e1racie hodiny od pondelka do piatku od 8:30 do 16:30, v sobotu od 9:00 do 12:00 a v nede\u013eu je zatvoren\u00e1.<\/strong><\/span><\/p>\n<p><strong>Str\u00e1\u017ena ve\u017ea v Ro\u017e\u0148ave<\/strong> je postaven\u00e1 v rokoch 1643-1654 po\u010das tureck\u00e9ho ohrozenia a pon\u00faka \u00fachvatn\u00fd v\u00fdh\u013ead na cel\u00e9 mesto a najv\u00e4\u010d\u0161ie n\u00e1mestie na Slovensku. T\u00e1to renesan\u010dn\u00e1 dominanta bola zn\u00e1ma svojimi najpresnej\u0161\u00edmi hodinami v celom Uhorsku.\u00a0<a href=\"http:\/\/www.slovensky-kras.eu\/info\/kam-za-pamiatkami\/strazna-veza-v-roznave\/\">Str\u00e1\u017ena ve\u017ea<\/a> sl\u00fa\u017eila na ochranu mesta pred vp\u00e1dmi Turkov.\u00a0O tom, \u017ee za\u017eila i skuto\u010dne kru\u0161n\u00e9 chv\u00edle, sved\u010d\u00ed tureck\u00e1 delov\u00e1 gu\u013ea, ktor\u00fa mo\u017eno dodnes vidie\u0165 v jej ju\u017enej fas\u00e1de.\u00a0Ve\u017ea je spr\u00edstupnen\u00e1 aj turistom.<\/p>\n<p>Turistick\u00e9 prehliadky ve\u017ee zabezpe\u010duje <strong>Visit Ro\u017e\u0148ava &#8211; Turistick\u00e9 informa\u010dn\u00e9 centrum<\/strong>.\u00a0Pod ve\u017eou sa nach\u00e1dza secesn\u00fd biely <strong>pomn\u00edk Franti\u0161ky Andrassyovej<\/strong>, patr\u00f3nky chudobn\u00fdch, postaven\u00fd v secesnom \u0161t\u00fdle v roku 1905.<\/p>\n<p><strong>Viac info o ve\u017ei sa do\u010d\u00edtate tu:<\/strong><\/p>\n<ul>\n<li><a href=\"https:\/\/www.slovensky-kras.eu\/info\/kam-za-pamiatkami\/strazna-veza-v-roznave\/\" target=\"_blank\" rel=\"noopener\">Str\u00e1\u017ena ve\u017ea (\u010d\u00edtaj viac v novom okne&#8230;)<\/a><\/li>\n<\/ul>\n<h2><span style=\"color: #808000;\">Otv\u00e1racie hodiny:<\/span><\/h2>\n<h3><span style=\"color: #808000;\">1.6. &#8211; 15.9.<\/span><\/h3>\n<p><strong>Po &#8211; Pia:<\/strong> 8.00 &#8211; 18.00<br \/>\n<strong>Sobota:<\/strong> 9.00 &#8211; 15.00<br \/>\n<strong>Nede\u013ea:<\/strong> 13.00 &#8211; 17.00<\/p>\n<h3><span style=\"color: #808000;\">16.9. &#8211; 31.5.<\/span><\/h3>\n<p><strong>Po &#8211; Pia:<\/strong> 8.30 &#8211; 16.30<br \/>\n<strong>Sobota:<\/strong> 9.00 &#8211; 12.00<br \/>\n<strong>Nede\u013ea:<\/strong> zatvoren\u00e9<\/p>\n<h2><span style=\"color: #800000;\">Kontakt<\/span><\/h2>\n<p><strong>Visit Ro\u017e\u0148ava &#8211; Turistick\u00e9 informa\u010dn\u00e9 centrum<\/strong><br \/>\nN\u00e1mestie ban\u00edkov 32<br \/>\n048 01 Ro\u017e\u0148ava<\/p>\n<p><strong>Tel.:<\/strong> +421 949 552 568<\/p>\n<p><strong>E-mail:<\/strong> <a href=\"mailto:info@roznavatic.sk\" target=\"_blank\" rel=\"noopener noreferrer\">info@roznavatic.sk<\/a><br \/>\n<strong>Web:<\/strong> <a href=\"http:\/\/roznavatic.sk\/\" target=\"_blank\" rel=\"noopener noreferrer\">www.roznavatic.sk<\/a><\/p>\n<h2><span style=\"color: #800000;\">Vstupn\u00e9:<\/span><\/h2>\n<p>dospel\u00ed 3,- \u20ac; \u0161tudenti, Z\u0164P, seniori 1,50 \u20ac; deti do 6 rokov zadarmo.<\/p>\n<p>Mo\u017en\u00e1 z\u013eava pri v\u00e4\u010d\u0161ej skupine.<\/p>\n<h3><span style=\"color: #808000;\">Bl\u00edzke stredisko, turistick\u00e9 centrum, obec alebo mesto:<\/span><\/h3>\n<ul>\n<li><a href=\"http:\/\/www.slovensky-kras.eu\/info\/strediska-a-centra\/mesto-roznava\/\">Mesto Ro\u017e\u0148ava (\u010d\u00edtaj viac&#8230;)<\/a><\/li>\n<\/ul>\n<h2><span style=\"color: #800000;\">Mapy<\/span><\/h2>\n<p><strong>Kliknut\u00edm na logo &#8222;Freemap.sk&#8220; sa V\u00e1m mapa zobraz\u00ed na celej ploche obrazovky.<\/strong><\/p>\n<p><iframe style=\"width: 900px; height: 600px; border: 0;\" src=\"https:\/\/www.freemap.sk\/?map=16\/48.660285\/20.532954&amp;info-point=48.660285\/20.532954,Str\u00e1\u017ena ve\u017ea&amp;layers=X&amp;embed=search\" allowfullscreen=\"allowfullscreen\"><\/iframe><\/p>\n<h2><span style=\"color: #800000;\">Po\u010dasie<\/span><\/h2>\n<p><iframe style=\"width: 900px; height: 608px;\" src=\"https:\/\/www.meteoblue.com\/sk\/po%C4%8Dasie\/widget\/three\/ro%c5%be%c5%88ava_slovensk%c3%a1-republika_723713?geoloc=fixed&amp;nocurrent=0&amp;noforecast=0&amp;days=6&amp;tempunit=CELSIUS&amp;windunit=KILOMETER_PER_HOUR&amp;layout=image\" frameborder=\"0\" scrolling=\"NO\" sandbox=\"allow-same-origin allow-scripts allow-popups allow-popups-to-escape-sandbox\"><span data-mce-type=\"bookmark\" style=\"display: inline-block; width: 0px; overflow: hidden; line-height: 0;\" class=\"mce_SELRES_start\">\ufeff<\/span><\/iframe><\/p>\n<div><!-- DO NOT REMOVE THIS LINK --><a href=\"https:\/\/www.meteoblue.com\/sk\/po%C4%8Dasie\/predpove%C4%8F\/t%C3%BD%C5%BEde%C5%88\/ro%c5%be%c5%88ava_slovensk%c3%a1-republika_723713?utm_source=weather_widget&amp;utm_medium=linkus&amp;utm_content=three&amp;utm_campaign=Weather%2BWidget\" target=\"_blank\" rel=\"noopener noreferrer\">meteoblue<\/a><\/div>\n<hr \/>\n<p><a href=\"https:\/\/www.slovensky-kras.eu\/info\/wp-content\/uploads\/2022\/09\/roznava4-strazna-veza.jpg\"><img loading=\"lazy\" decoding=\"async\" class=\"aligncenter size-full wp-image-23732\" src=\"https:\/\/www.slovensky-kras.eu\/info\/wp-content\/uploads\/2022\/09\/roznava4-strazna-veza.jpg\" alt=\"\" width=\"900\" height=\"667\" \/><\/a><\/p>\n","protected":false},"excerpt":{"rendered":"<p>Str\u00e1\u017ena ve\u017ea v Ro\u017e\u0148ave m\u00e1 v chladnej\u0161om obdob\u00ed roka (jese\u0148, zima) otv\u00e1racie hodiny od pondelka do piatku od 8:30 do 16:30, v sobotu od 9:00 do 12:00 a v nede\u013eu [&hellip;]<\/p>\n","protected":false},"author":1,"featured_media":23732,"comment_status":"closed","ping_status":"closed","sticky":false,"template":"","format":"standard","meta":{"_uag_custom_page_level_css":"","footnotes":""},"categories":[1,281,313],"tags":[],"class_list":["post-23971","post","type-post","status-publish","format-standard","has-post-thumbnail","hentry","category-aktuality","category-otvaracie-hodiny","category-zaujimavosti"],"featured_image_src":"https:\/\/www.slovensky-kras.eu\/info\/wp-content\/uploads\/2022\/09\/roznava4-strazna-veza.jpg","featured_image_src_square":"https:\/\/www.slovensky-kras.eu\/info\/wp-content\/uploads\/2022\/09\/roznava4-strazna-veza.jpg","author_info":{"display_name":"admin","author_link":"https:\/\/www.slovensky-kras.eu\/info\/author\/admin\/"},"rbea_author_info":{"display_name":"admin","author_link":"https:\/\/www.slovensky-kras.eu\/info\/author\/admin\/"},"rbea_excerpt_info":"Str\u00e1\u017ena ve\u017ea v Ro\u017e\u0148ave m\u00e1 v chladnej\u0161om obdob\u00ed roka (jese\u0148, zima) otv\u00e1racie hodiny od pondelka do piatku od 8:30 do 16:30, v sobotu od 9:00 do 12:00 a v nede\u013eu [&hellip;]","category_list":"<a href=\"https:\/\/www.slovensky-kras.eu\/info\/domov\/aktuality\/\" rel=\"category tag\">Aktuality<\/a>, <a href=\"https:\/\/www.slovensky-kras.eu\/info\/domov\/aktuality\/otvaracie-hodiny\/\" rel=\"category tag\">Otv\u00e1racie hodiny<\/a>, <a href=\"https:\/\/www.slovensky-kras.eu\/info\/domov\/aktuality\/zaujimavosti\/\" rel=\"category tag\">Zauj\u00edmavosti<\/a>","comments_num":"0 comments","uagb_featured_image_src":{"full":["https:\/\/www.slovensky-kras.eu\/info\/wp-content\/uploads\/2022\/09\/roznava4-strazna-veza.jpg",1000,667,false],"thumbnail":["https:\/\/www.slovensky-kras.eu\/info\/wp-content\/uploads\/2022\/09\/roznava4-strazna-veza-150x150.jpg",150,150,true],"medium":["https:\/\/www.slovensky-kras.eu\/info\/wp-content\/uploads\/2022\/09\/roznava4-strazna-veza-800x534.jpg",800,534,true],"medium_large":["https:\/\/www.slovensky-kras.eu\/info\/wp-content\/uploads\/2022\/09\/roznava4-strazna-veza-768x512.jpg",768,512,true],"large":["https:\/\/www.slovensky-kras.eu\/info\/wp-content\/uploads\/2022\/09\/roznava4-strazna-veza.jpg",1000,667,false],"1536x1536":["https:\/\/www.slovensky-kras.eu\/info\/wp-content\/uploads\/2022\/09\/roznava4-strazna-veza.jpg",1000,667,false],"2048x2048":["https:\/\/www.slovensky-kras.eu\/info\/wp-content\/uploads\/2022\/09\/roznava4-strazna-veza.jpg",1000,667,false]},"uagb_author_info":{"display_name":"admin","author_link":"https:\/\/www.slovensky-kras.eu\/info\/author\/admin\/"},"uagb_comment_info":0,"uagb_excerpt":"Str\u00e1\u017ena ve\u017ea v Ro\u017e\u0148ave m\u00e1 v chladnej\u0161om obdob\u00ed roka (jese\u0148, zima) otv\u00e1racie hodiny od pondelka do piatku od 8:30 do 16:30, v sobotu od 9:00 do 12:00 a v nede\u013eu [&hellip;]","_links":{"self":[{"href":"https:\/\/www.slovensky-kras.eu\/info\/wp-json\/wp\/v2\/posts\/23971","targetHints":{"allow":["GET"]}}],"collection":[{"href":"https:\/\/www.slovensky-kras.eu\/info\/wp-json\/wp\/v2\/posts"}],"about":[{"href":"https:\/\/www.slovensky-kras.eu\/info\/wp-json\/wp\/v2\/types\/post"}],"author":[{"embeddable":true,"href":"https:\/\/www.slovensky-kras.eu\/info\/wp-json\/wp\/v2\/users\/1"}],"replies":[{"embeddable":true,"href":"https:\/\/www.slovensky-kras.eu\/info\/wp-json\/wp\/v2\/comments?post=23971"}],"version-history":[{"count":11,"href":"https:\/\/www.slovensky-kras.eu\/info\/wp-json\/wp\/v2\/posts\/23971\/revisions"}],"predecessor-version":[{"id":28928,"href":"https:\/\/www.slovensky-kras.eu\/info\/wp-json\/wp\/v2\/posts\/23971\/revisions\/28928"}],"wp:featuredmedia":[{"embeddable":true,"href":"https:\/\/www.slovensky-kras.eu\/info\/wp-json\/wp\/v2\/media\/23732"}],"wp:attachment":[{"href":"https:\/\/www.slovensky-kras.eu\/info\/wp-json\/wp\/v2\/media?parent=23971"}],"wp:term":[{"taxonomy":"category","embeddable":true,"href":"https:\/\/www.slovensky-kras.eu\/info\/wp-json\/wp\/v2\/categories?post=23971"},{"taxonomy":"post_tag","embeddable":true,"href":"https:\/\/www.slovensky-kras.eu\/info\/wp-json\/wp\/v2\/tags?post=23971"}],"curies":[{"name":"wp","href":"https:\/\/api.w.org\/{rel}","templated":true}]}}