{"id":23940,"date":"2022-11-04T11:13:51","date_gmt":"2022-11-04T10:13:51","guid":{"rendered":"https:\/\/www.slovensky-kras.eu\/info\/?p=23940"},"modified":"2022-11-27T08:43:30","modified_gmt":"2022-11-27T07:43:30","slug":"granarium-v-jablonove-nad-turnou-solarna-nabijacia-stanica-a-stojan-bicyklov-a-pozicovna-bicyklov","status":"publish","type":"post","link":"https:\/\/www.slovensky-kras.eu\/info\/granarium-v-jablonove-nad-turnou-solarna-nabijacia-stanica-a-stojan-bicyklov-a-pozicovna-bicyklov\/","title":{"rendered":"Gran\u00e1rium v Jablonove nad Tur\u0148ou : Sol\u00e1rna nab\u00edjacia stanica a stojan bicyklov a po\u017ei\u010dov\u0148a bicyklov"},"content":{"rendered":"<p>&#x1f6b4;&#x200d;&#x2642;&#xfe0f; Sol\u00e1rna nab\u00edjacia stanica so stojanom na bicykle, nab\u00edjanie elektrobicyklov, mobilov, chladiarensk\u00fdch boxov. &#x1f31e;<\/p>\n<p>A\u017e 4&#xfe0f;&#x20e3; stojany na bicykle, 4&#xfe0f;&#x20e3; z\u00e1suvky na elektrobicykle, 4&#xfe0f;&#x20e3; USB porty na mobiln\u00e9 telef\u00f3ny, tablety, notebooky, pumpa na bicykle, kompresor, dr\u017eiak mobilov. &#x1f6b2;&#x1f4f1;<\/p>\n<p>&#x1f4b0; To v\u0161etko z\u00edska Gran\u00e1rium v\u010faka podpore zo \u017eupn\u00e9ho programu Terra Incognita.<\/p>\n<p>&#x1f6d6; Budova vidieckeho penzi\u00f3nu v Jablonove nad Tur\u0148ou je n\u00e1rodnou kult\u00farnou pamiatkou.<\/p>\n<p><a href=\"https:\/\/www.slovensky-kras.eu\/info\/wp-content\/uploads\/2022\/11\/granaruim.jpg\"><img loading=\"lazy\" decoding=\"async\" class=\"aligncenter wp-image-23941 size-medium\" src=\"https:\/\/www.slovensky-kras.eu\/info\/wp-content\/uploads\/2022\/11\/granaruim-800x533.jpg\" alt=\"\" width=\"800\" height=\"533\" srcset=\"https:\/\/www.slovensky-kras.eu\/info\/wp-content\/uploads\/2022\/11\/granaruim-800x533.jpg 800w, https:\/\/www.slovensky-kras.eu\/info\/wp-content\/uploads\/2022\/11\/granaruim-1024x683.jpg 1024w, https:\/\/www.slovensky-kras.eu\/info\/wp-content\/uploads\/2022\/11\/granaruim-768x512.jpg 768w, https:\/\/www.slovensky-kras.eu\/info\/wp-content\/uploads\/2022\/11\/granaruim-1200x800.jpg 1200w, https:\/\/www.slovensky-kras.eu\/info\/wp-content\/uploads\/2022\/11\/granaruim.jpg 1440w\" sizes=\"auto, (max-width: 800px) 100vw, 800px\" \/><\/a><\/p>\n<h3><span style=\"color: #993300;\">Gran\u00e1rium<\/span><\/h3>\n<p>Gran\u00e1rium je pansk\u00e1 s\u00fdpka z konca 17. storo\u010dia s v\u00ednnou pivnicou, ktor\u00e1 sa nach\u00e1dza na z\u00e1padnom okraji obce<a href=\"http:\/\/www.slovensky-kras.eu\/info\/strediska-a-centra\/obec-jablonov-nad-turnou\/\"> Jablonov nad Tur\u0148ou<\/a>.<\/p>\n<figure id=\"attachment_21838\" aria-describedby=\"caption-attachment-21838\" style=\"width: 800px\" class=\"wp-caption aligncenter\"><a href=\"https:\/\/www.slovensky-kras.eu\/info\/wp-content\/uploads\/2021\/12\/granarium.jpg\"><img loading=\"lazy\" decoding=\"async\" class=\"wp-image-21838 size-full\" src=\"https:\/\/www.slovensky-kras.eu\/info\/wp-content\/uploads\/2021\/12\/granarium.jpg\" alt=\"\" width=\"800\" height=\"533\" srcset=\"https:\/\/www.slovensky-kras.eu\/info\/wp-content\/uploads\/2021\/12\/granarium.jpg 800w, https:\/\/www.slovensky-kras.eu\/info\/wp-content\/uploads\/2021\/12\/granarium-768x512.jpg 768w\" sizes=\"auto, (max-width: 800px) 100vw, 800px\" \/><\/a><figcaption id=\"caption-attachment-21838\" class=\"wp-caption-text\">Gran\u00e1rium pansk\u00e1 s\u00fdpka<\/figcaption><\/figure>\n<p>B\u00fdval\u00e1 s\u00fdpka je hospod\u00e1rska murovan\u00e1 kamenn\u00e1 stavba zalo\u017een\u00e1 na kamenn\u00fdch z\u00e1kladoch.<\/p>\n<p>V s\u00fa\u010dasnosti sa tu nach\u00e1dza re\u0161taur\u00e1cia, v\u00ednna pivnica a n\u00e1v\u0161tevn\u00edk sa tu m\u00f4\u017ee aj ubytova\u0165.<\/p>\n<p><strong>Viac info o p\u00e1nskej s\u00fdpke sa do\u010d\u00edtate tu:<\/strong><\/p>\n<ul>\n<li><a href=\"https:\/\/www.slovensky-kras.eu\/info\/kam-za-pamiatkami\/granarium-v-jablonove-nad-turnou\/\" target=\"_blank\" rel=\"noopener\">Gran\u00e1rium pansk\u00e1 s\u00fdpka (\u010d\u00edtaj viac v novom okne&#8230;)<\/a><\/li>\n<\/ul>\n","protected":false},"excerpt":{"rendered":"<p>&#x1f6b4;&#x200d;&#x2642;&#xfe0f; Sol\u00e1rna nab\u00edjacia stanica so stojanom na bicykle, nab\u00edjanie elektrobicyklov, mobilov, chladiarensk\u00fdch boxov. &#x1f31e; A\u017e 4&#xfe0f;&#x20e3; stojany na bicykle, 4&#xfe0f;&#x20e3; z\u00e1suvky na elektrobicykle, 4&#xfe0f;&#x20e3; USB porty na mobiln\u00e9 telef\u00f3ny, tablety, [&hellip;]<\/p>\n","protected":false},"author":1,"featured_media":23941,"comment_status":"closed","ping_status":"closed","sticky":false,"template":"","format":"standard","meta":{"_uag_custom_page_level_css":"","footnotes":""},"categories":[1,314,313],"tags":[],"class_list":["post-23940","post","type-post","status-publish","format-standard","has-post-thumbnail","hentry","category-aktuality","category-cykloturistika","category-zaujimavosti"],"featured_image_src":"https:\/\/www.slovensky-kras.eu\/info\/wp-content\/uploads\/2022\/11\/granaruim.jpg","featured_image_src_square":"https:\/\/www.slovensky-kras.eu\/info\/wp-content\/uploads\/2022\/11\/granaruim.jpg","author_info":{"display_name":"admin","author_link":"https:\/\/www.slovensky-kras.eu\/info\/author\/admin\/"},"rbea_author_info":{"display_name":"admin","author_link":"https:\/\/www.slovensky-kras.eu\/info\/author\/admin\/"},"rbea_excerpt_info":"&#x1f6b4;&#x200d;&#x2642;&#xfe0f; Sol\u00e1rna nab\u00edjacia stanica so stojanom na bicykle, nab\u00edjanie elektrobicyklov, mobilov, chladiarensk\u00fdch boxov. &#x1f31e; A\u017e 4&#xfe0f;&#x20e3; stojany na bicykle, 4&#xfe0f;&#x20e3; z\u00e1suvky na elektrobicykle, 4&#xfe0f;&#x20e3; USB porty na mobiln\u00e9 telef\u00f3ny, tablety, [&hellip;]","category_list":"<a href=\"https:\/\/www.slovensky-kras.eu\/info\/domov\/aktuality\/\" rel=\"category tag\">Aktuality<\/a>, <a href=\"https:\/\/www.slovensky-kras.eu\/info\/domov\/aktuality\/cykloturistika\/\" rel=\"category tag\">Cykloturistika<\/a>, <a href=\"https:\/\/www.slovensky-kras.eu\/info\/domov\/aktuality\/zaujimavosti\/\" rel=\"category tag\">Zauj\u00edmavosti<\/a>","comments_num":"0 comments","uagb_featured_image_src":{"full":["https:\/\/www.slovensky-kras.eu\/info\/wp-content\/uploads\/2022\/11\/granaruim.jpg",1440,960,false],"thumbnail":["https:\/\/www.slovensky-kras.eu\/info\/wp-content\/uploads\/2022\/11\/granaruim-150x150.jpg",150,150,true],"medium":["https:\/\/www.slovensky-kras.eu\/info\/wp-content\/uploads\/2022\/11\/granaruim-800x533.jpg",800,533,true],"medium_large":["https:\/\/www.slovensky-kras.eu\/info\/wp-content\/uploads\/2022\/11\/granaruim-768x512.jpg",768,512,true],"large":["https:\/\/www.slovensky-kras.eu\/info\/wp-content\/uploads\/2022\/11\/granaruim-1024x683.jpg",1024,683,true],"1536x1536":["https:\/\/www.slovensky-kras.eu\/info\/wp-content\/uploads\/2022\/11\/granaruim.jpg",1440,960,false],"2048x2048":["https:\/\/www.slovensky-kras.eu\/info\/wp-content\/uploads\/2022\/11\/granaruim.jpg",1440,960,false]},"uagb_author_info":{"display_name":"admin","author_link":"https:\/\/www.slovensky-kras.eu\/info\/author\/admin\/"},"uagb_comment_info":0,"uagb_excerpt":"&#x1f6b4;&#x200d;&#x2642;&#xfe0f; Sol\u00e1rna nab\u00edjacia stanica so stojanom na bicykle, nab\u00edjanie elektrobicyklov, mobilov, chladiarensk\u00fdch boxov. &#x1f31e; A\u017e 4&#xfe0f;&#x20e3; stojany na bicykle, 4&#xfe0f;&#x20e3; z\u00e1suvky na elektrobicykle, 4&#xfe0f;&#x20e3; USB porty na mobiln\u00e9 telef\u00f3ny, tablety, [&hellip;]","_links":{"self":[{"href":"https:\/\/www.slovensky-kras.eu\/info\/wp-json\/wp\/v2\/posts\/23940","targetHints":{"allow":["GET"]}}],"collection":[{"href":"https:\/\/www.slovensky-kras.eu\/info\/wp-json\/wp\/v2\/posts"}],"about":[{"href":"https:\/\/www.slovensky-kras.eu\/info\/wp-json\/wp\/v2\/types\/post"}],"author":[{"embeddable":true,"href":"https:\/\/www.slovensky-kras.eu\/info\/wp-json\/wp\/v2\/users\/1"}],"replies":[{"embeddable":true,"href":"https:\/\/www.slovensky-kras.eu\/info\/wp-json\/wp\/v2\/comments?post=23940"}],"version-history":[{"count":1,"href":"https:\/\/www.slovensky-kras.eu\/info\/wp-json\/wp\/v2\/posts\/23940\/revisions"}],"predecessor-version":[{"id":23942,"href":"https:\/\/www.slovensky-kras.eu\/info\/wp-json\/wp\/v2\/posts\/23940\/revisions\/23942"}],"wp:featuredmedia":[{"embeddable":true,"href":"https:\/\/www.slovensky-kras.eu\/info\/wp-json\/wp\/v2\/media\/23941"}],"wp:attachment":[{"href":"https:\/\/www.slovensky-kras.eu\/info\/wp-json\/wp\/v2\/media?parent=23940"}],"wp:term":[{"taxonomy":"category","embeddable":true,"href":"https:\/\/www.slovensky-kras.eu\/info\/wp-json\/wp\/v2\/categories?post=23940"},{"taxonomy":"post_tag","embeddable":true,"href":"https:\/\/www.slovensky-kras.eu\/info\/wp-json\/wp\/v2\/tags?post=23940"}],"curies":[{"name":"wp","href":"https:\/\/api.w.org\/{rel}","templated":true}]}}