{"id":23014,"date":"2023-08-12T05:41:57","date_gmt":"2023-08-12T03:41:57","guid":{"rendered":"https:\/\/www.slovensky-kras.eu\/info\/?p=23014"},"modified":"2023-08-12T06:29:03","modified_gmt":"2023-08-12T04:29:03","slug":"predaj-suvenirov-v-zadielskej-doline","status":"publish","type":"post","link":"https:\/\/www.slovensky-kras.eu\/info\/predaj-suvenirov-v-zadielskej-doline\/","title":{"rendered":"Predaj suven\u00edrov v Z\u00e1dielskej doline"},"content":{"rendered":"<p>Ka\u017ed\u00fd de\u0148 si na parkovisku m\u00f4\u017eete k\u00fapi\u0165 ru\u010dne vyr\u00e1ban\u00e9 suven\u00edry od firmy S&amp;A Design s tematikou Slovensk\u00e9ho krasu.<\/p>\n<p><a href=\"https:\/\/www.slovensky-kras.eu\/info\/wp-content\/uploads\/2022\/04\/predaj-suvenirov.png\"><img loading=\"lazy\" decoding=\"async\" class=\"aligncenter wp-image-23015 size-medium\" src=\"https:\/\/www.slovensky-kras.eu\/info\/wp-content\/uploads\/2022\/04\/predaj-suvenirov-800x450.png\" alt=\"\" width=\"800\" height=\"450\" srcset=\"https:\/\/www.slovensky-kras.eu\/info\/wp-content\/uploads\/2022\/04\/predaj-suvenirov-800x450.png 800w, https:\/\/www.slovensky-kras.eu\/info\/wp-content\/uploads\/2022\/04\/predaj-suvenirov-768x432.png 768w, https:\/\/www.slovensky-kras.eu\/info\/wp-content\/uploads\/2022\/04\/predaj-suvenirov.png 1000w\" sizes=\"auto, (max-width: 800px) 100vw, 800px\" \/><\/a><\/p>\n<p><iframe loading=\"lazy\" style=\"border: none; overflow: hidden;\" src=\"https:\/\/www.facebook.com\/plugins\/post.php?href=https%3A%2F%2Fwww.facebook.com%2Fpermalink.php%3Fstory_fbid%3Dpfbid02oEjNcNGXrfaoGmfEQBspYW8ksnrZvW2bVXVNs1UVS7hMWnkdFdDcbUSXxZNrYhr4l%26id%3D100063479476159&amp;width=750&amp;show_text=true&amp;appId=848661642347903&amp;height=879\" width=\"750\" height=\"879\" frameborder=\"0\" scrolling=\"no\" allowfullscreen=\"allowfullscreen\"><\/iframe><\/p>\n<p>Viac info: <a href=\"https:\/\/www.slovensky-kras.eu\/info\/nositelia-tradicii\/sa-design-vyroba-a-predaj-suvenirov-zo-zadielskej-doliny\/\" target=\"_blank\" rel=\"noopener\">https:\/\/www.slovensky-kras.eu\/info\/nositelia-tradicii\/sa-design-vyroba-a-predaj-suvenirov-zo-zadielskej-doliny\/<\/a><\/p>\n","protected":false},"excerpt":{"rendered":"<p>Ka\u017ed\u00fd de\u0148 si na parkovisku m\u00f4\u017eete k\u00fapi\u0165 ru\u010dne vyr\u00e1ban\u00e9 suven\u00edry od firmy S&amp;A Design s tematikou Slovensk\u00e9ho krasu. Viac info: https:\/\/www.slovensky-kras.eu\/info\/nositelia-tradicii\/sa-design-vyroba-a-predaj-suvenirov-zo-zadielskej-doliny\/<\/p>\n","protected":false},"author":1,"featured_media":23015,"comment_status":"closed","ping_status":"closed","sticky":false,"template":"","format":"standard","meta":{"_uag_custom_page_level_css":"","footnotes":""},"categories":[1,313],"tags":[],"class_list":["post-23014","post","type-post","status-publish","format-standard","has-post-thumbnail","hentry","category-aktuality","category-zaujimavosti"],"featured_image_src":"https:\/\/www.slovensky-kras.eu\/info\/wp-content\/uploads\/2022\/04\/predaj-suvenirov.png","featured_image_src_square":"https:\/\/www.slovensky-kras.eu\/info\/wp-content\/uploads\/2022\/04\/predaj-suvenirov.png","author_info":{"display_name":"admin","author_link":"https:\/\/www.slovensky-kras.eu\/info\/author\/admin\/"},"rbea_author_info":{"display_name":"admin","author_link":"https:\/\/www.slovensky-kras.eu\/info\/author\/admin\/"},"rbea_excerpt_info":"Ka\u017ed\u00fd de\u0148 si na parkovisku m\u00f4\u017eete k\u00fapi\u0165 ru\u010dne vyr\u00e1ban\u00e9 suven\u00edry od firmy S&amp;A Design s tematikou Slovensk\u00e9ho krasu. Viac info: https:\/\/www.slovensky-kras.eu\/info\/nositelia-tradicii\/sa-design-vyroba-a-predaj-suvenirov-zo-zadielskej-doliny\/","category_list":"<a href=\"https:\/\/www.slovensky-kras.eu\/info\/domov\/aktuality\/\" rel=\"category tag\">Aktuality<\/a>, <a href=\"https:\/\/www.slovensky-kras.eu\/info\/domov\/aktuality\/zaujimavosti\/\" rel=\"category tag\">Zauj\u00edmavosti<\/a>","comments_num":"0 comments","uagb_featured_image_src":{"full":["https:\/\/www.slovensky-kras.eu\/info\/wp-content\/uploads\/2022\/04\/predaj-suvenirov.png",1000,563,false],"thumbnail":["https:\/\/www.slovensky-kras.eu\/info\/wp-content\/uploads\/2022\/04\/predaj-suvenirov-150x150.png",150,150,true],"medium":["https:\/\/www.slovensky-kras.eu\/info\/wp-content\/uploads\/2022\/04\/predaj-suvenirov-800x450.png",800,450,true],"medium_large":["https:\/\/www.slovensky-kras.eu\/info\/wp-content\/uploads\/2022\/04\/predaj-suvenirov-768x432.png",768,432,true],"large":["https:\/\/www.slovensky-kras.eu\/info\/wp-content\/uploads\/2022\/04\/predaj-suvenirov.png",1000,563,false],"1536x1536":["https:\/\/www.slovensky-kras.eu\/info\/wp-content\/uploads\/2022\/04\/predaj-suvenirov.png",1000,563,false],"2048x2048":["https:\/\/www.slovensky-kras.eu\/info\/wp-content\/uploads\/2022\/04\/predaj-suvenirov.png",1000,563,false]},"uagb_author_info":{"display_name":"admin","author_link":"https:\/\/www.slovensky-kras.eu\/info\/author\/admin\/"},"uagb_comment_info":0,"uagb_excerpt":"Ka\u017ed\u00fd de\u0148 si na parkovisku m\u00f4\u017eete k\u00fapi\u0165 ru\u010dne vyr\u00e1ban\u00e9 suven\u00edry od firmy S&amp;A Design s tematikou Slovensk\u00e9ho krasu. Viac info: https:\/\/www.slovensky-kras.eu\/info\/nositelia-tradicii\/sa-design-vyroba-a-predaj-suvenirov-zo-zadielskej-doliny\/","_links":{"self":[{"href":"https:\/\/www.slovensky-kras.eu\/info\/wp-json\/wp\/v2\/posts\/23014","targetHints":{"allow":["GET"]}}],"collection":[{"href":"https:\/\/www.slovensky-kras.eu\/info\/wp-json\/wp\/v2\/posts"}],"about":[{"href":"https:\/\/www.slovensky-kras.eu\/info\/wp-json\/wp\/v2\/types\/post"}],"author":[{"embeddable":true,"href":"https:\/\/www.slovensky-kras.eu\/info\/wp-json\/wp\/v2\/users\/1"}],"replies":[{"embeddable":true,"href":"https:\/\/www.slovensky-kras.eu\/info\/wp-json\/wp\/v2\/comments?post=23014"}],"version-history":[{"count":5,"href":"https:\/\/www.slovensky-kras.eu\/info\/wp-json\/wp\/v2\/posts\/23014\/revisions"}],"predecessor-version":[{"id":25329,"href":"https:\/\/www.slovensky-kras.eu\/info\/wp-json\/wp\/v2\/posts\/23014\/revisions\/25329"}],"wp:featuredmedia":[{"embeddable":true,"href":"https:\/\/www.slovensky-kras.eu\/info\/wp-json\/wp\/v2\/media\/23015"}],"wp:attachment":[{"href":"https:\/\/www.slovensky-kras.eu\/info\/wp-json\/wp\/v2\/media?parent=23014"}],"wp:term":[{"taxonomy":"category","embeddable":true,"href":"https:\/\/www.slovensky-kras.eu\/info\/wp-json\/wp\/v2\/categories?post=23014"},{"taxonomy":"post_tag","embeddable":true,"href":"https:\/\/www.slovensky-kras.eu\/info\/wp-json\/wp\/v2\/tags?post=23014"}],"curies":[{"name":"wp","href":"https:\/\/api.w.org\/{rel}","templated":true}]}}