{"id":22911,"date":"2026-04-03T03:00:27","date_gmt":"2026-04-03T01:00:27","guid":{"rendered":"https:\/\/www.slovensky-kras.eu\/info\/?p=22911"},"modified":"2026-04-06T03:38:02","modified_gmt":"2026-04-06T01:38:02","slug":"aktualne-otvaracie-hodiny-a-vstupne-ochtinska-aragonitova-jaskyna","status":"publish","type":"post","link":"https:\/\/www.slovensky-kras.eu\/info\/aktualne-otvaracie-hodiny-a-vstupne-ochtinska-aragonitova-jaskyna\/","title":{"rendered":"Aktu\u00e1lne otv\u00e1racie hodiny a vstupn\u00e9 &#8211; Ochtinsk\u00e1 aragonitov\u00e1 jasky\u0148a"},"content":{"rendered":"<p>Ochtinsk\u00e1 aragonitov\u00e1 jasky\u0148a po pravidelnej zimnej prest\u00e1vke\u00a0<b data-path-to-node=\"3\" data-index-in-node=\"51\">op\u00e4\u0165 otvorila svoje br\u00e1ny<\/b>\u00a0pre verejnos\u0165. Od\u00a0<b data-path-to-node=\"3\" data-index-in-node=\"95\">1. apr\u00edla 2026<\/b>\u00a0maj\u00fa n\u00e1v\u0161tevn\u00edci op\u00e4tovn\u00fa pr\u00edle\u017eitos\u0165 objavi\u0165 tento vz\u00e1cny pr\u00edrodn\u00fd unik\u00e1t zap\u00edsan\u00fd v zozname svetov\u00e9ho dedi\u010dstva UNESCO.<\/p>\n<h2><span style=\"color: #800000;\"><strong>\u010co rob\u00ed Ochtinsk\u00fa aragonitov\u00fa jasky\u0148u v\u00fdnimo\u010dnou?<\/strong><\/span>\u00a0&#x1f31f;<\/h2>\n<ul>\n<li><strong>Vz\u00e1cny aragonit<\/strong>\u00a0\u2013 Namiesto be\u017en\u00e9ho sintra tu n\u00e1jdete\u00a0<strong>kry\u0161talick\u00fd aragonit<\/strong>, ktor\u00fd vytv\u00e1ra jemn\u00e9 ihli\u010dkovit\u00e9 a gu\u013eovit\u00e9 \u00fatvary.<\/li>\n<li><strong>Jedna z troch na svete<\/strong>\u00a0\u2013 Patr\u00ed medzi\u00a0<strong>len tri spr\u00edstupnen\u00e9 aragonitov\u00e9 jaskyne<\/strong>\u00a0na plan\u00e9te!<\/li>\n<li><strong>Mystick\u00e1 hist\u00f3ria<\/strong>\u00a0\u2013 Vznikla v\u010faka unik\u00e1tnym geologick\u00fdm podmienkam, ktor\u00e9 s\u00fa predmetom v\u00fdskumov.<\/li>\n<li><strong>Vz\u00e1cna mikroklima<\/strong>\u00a0\u2013 Teplota a vlhkos\u0165 v jaskyni prispievaj\u00fa k zachovaniu jej krehk\u00fdch \u00fatvarov.<\/li>\n<\/ul>\n<h2><span style=\"color: #800000;\">Pre\u010do ju nav\u0161t\u00edvi\u0165?\u00a0<\/span><\/h2>\n<p>Ak m\u00e1te radi\u00a0<strong>v\u00fdnimo\u010dn\u00e9 pr\u00edrodn\u00e9 javy<\/strong>, t\u00e1to jasky\u0148a je\u00a0<strong>absol\u00fatny unik\u00e1t<\/strong>, ktor\u00fd mus\u00edte vidie\u0165! Jej jemn\u00e9 aragonitov\u00e9 &#8222;kvetiny&#8220; a hviezdicovit\u00e9 \u00fatvary vyvol\u00e1vaj\u00fa dojem, akoby ste vst\u00fapili do in\u00e9ho sveta.<\/p>\n<h2><span style=\"color: #800000;\">Info<\/span><\/h2>\n<div class=\"rtbs  rtbs_ochtinska-aragonitova-jaskyna\"><div class=\"rtbs_slug\" style=\"display:none\">ochtinska-aragonitova-jaskyna<\/div><div class=\"rtbs_inactive_tab_background\" style=\"display:none\">whitesmoke<\/div><div class=\"rtbs_breakpoint\" style=\"display:none\">600<\/div><div class=\"rtbs_color\" style=\"display:none\">#12bece<\/div>\r\n        <div class=\"rtbs_menu\">\r\n            <ul>\r\n                <li class=\"mobile_toggle\">&zwnj;<\/li><li class=\"current\"><a style=\"background:#12bece\" class=\"active ochtinska-aragonitova-jaskyna-tab-link-0\" href=\"#\" data-tab=\"#ochtinska-aragonitova-jaskyna-tab-0\">Aktu\u00e1lne podmienky<\/a><\/li>\r\n            <\/ul>\r\n        <\/div><div style=\"border-top:7px solid #12bece;\" id=\"ochtinska-aragonitova-jaskyna-tab-0\" class=\"rtbs_content active\"><table>\n<tbody>\n<tr>\n<th bgcolor=\"#cccccc\"><span style=\"color: #000000\">Mesto\/Obec<\/span><\/th>\n<th bgcolor=\"#cccccc\"><span style=\"color: #000000\">Prev\u00e1dzka<\/span><\/th>\n<th bgcolor=\"#cccccc\"><span style=\"color: #000000\">D\u013a\u017eka trasy<\/span><\/th>\n<th bgcolor=\"#cccccc\"><span style=\"color: #000000\">Teplota v jaskyni<\/span><\/th>\n<\/tr>\n<tr>\n<td bgcolor=\"#ffffff\"><span style=\"color: #000000\">Ochtin\u00e1<\/span><\/td>\n<td bgcolor=\"#ffffff\"><span style=\"color: #000000\">Otvoren\u00e1 okrem pondelkov<\/span><\/td>\n<td bgcolor=\"#ffffff\"><span style=\"color: #000000\">300 m<\/span><\/td>\n<td bgcolor=\"#ffffff\"><span style=\"color: #000000\">8\u00b0C (vlhko a prievan)<\/span><\/td>\n<\/tr>\n<\/tbody>\n<\/table>\n<div style=\"margin-top:30px; clear:both;\"><\/div><\/div>\r\n    <\/div>\r\n    \n<h2><span style=\"color: #800000;\">Otv\u00e1racie hodiny<\/span><\/h2>\n<p><strong>Pondelok :<\/strong> zatvoren\u00e9<br \/>\n<strong>Utorok :<\/strong> otvoren\u00e9<br \/>\n<strong>Streda :<\/strong> otvoren\u00e9<br \/>\n<strong>\u0160tvrtok :<\/strong> otvoren\u00e9<br \/>\n<strong>Piatok :<\/strong> otvoren\u00e9<br \/>\n<strong>Sobota :<\/strong> otvoren\u00e9<br \/>\n<strong>Nede\u013ea :<\/strong> otvoren\u00e9<\/p>\n<h2><span style=\"color: #800000;\">\u010casy vstupov<\/span><\/h2>\n<p>9:30, 11:00, 12:30, 14:00<\/p>\n<h2><span style=\"color: #800000;\">Cenn\u00edk<\/span><\/h2>\n<table class=\"border-collapse: collapse\">\n<tbody>\n<tr>\n<td bgcolor=\"#aaccff\"><span style=\"color: #000000;\"><strong>Trasa<\/strong><\/span><\/td>\n<td bgcolor=\"#aaccff\"><span style=\"color: #000000;\"><strong>Dospel\u00ed<\/strong><\/span><\/td>\n<td bgcolor=\"#aaccff\"><span style=\"color: #000000;\"><strong>Deti\u00a06-15r.,<\/strong><\/span><br \/>\n<span style=\"color: #000000;\"><strong>invalidi\u00a0<\/strong><\/span><\/td>\n<td bgcolor=\"#aaccff\"><span style=\"color: #000000;\"><strong>\u0160tudenti,<\/strong><\/span><br \/>\n<span style=\"color: #000000;\"><strong>nad 60 rokov\u00a0<\/strong><\/span><\/td>\n<td bgcolor=\"#aaccff\"><span style=\"color: #000000;\"><strong>Foto-Video<\/strong><\/span><br \/>\n<span style=\"color: #000000;\"><strong>bez pou\u017eitia stat\u00edvu<\/strong><\/span><\/td>\n<td bgcolor=\"#aaccff\"><span style=\"color: #000000;\"><strong>Mimoriadny<\/strong><\/span><br \/>\n<span style=\"color: #000000;\"><strong>vstup\u00a0<\/strong><\/span><\/td>\n<\/tr>\n<\/tbody>\n<tbody>\n<tr>\n<th>Domica &#8211; Kr\u00e1tky okruh<\/th>\n<td align=\"right\"><span style=\"color: #000000;\">12,00 \u20ac<\/span><\/td>\n<td align=\"right\"><span style=\"color: #000000;\">6,00 \u20ac<\/span><\/td>\n<td align=\"right\"><span style=\"color: #000000;\">11,00 \u20ac<\/span><\/td>\n<td align=\"right\"><span style=\"color: #000000;\">10,00\u00a0\u20ac<\/span><\/td>\n<td align=\"right\"><span style=\"color: #000000;\">50,00 \u20ac<\/span><\/td>\n<\/tr>\n<\/tbody>\n<\/table>\n<h2><span style=\"color: #800000;\">Podrobn\u00e9 inform\u00e1cie<\/span><\/h2>\n<p><strong>Viac inform\u00e1ci\u00ed a kontakt:<\/strong> <a href=\"https:\/\/www.slovensky-kras.eu\/info\/jaskyne-a-priepasti\/ochtinska-aragonitova-jaskyna\/\">Ochtinsk\u00e1 aragonitov\u00e1 jasky\u0148a (\u010d\u00edtaj viac&#8230;)<\/a><\/p>\n<h2><span style=\"color: #800000;\">D\u00f4le\u017eit\u00e9 oznamy<\/span><\/h2>\n<ul>\n<li>Deti od 6 do 15 rokov; Invalidi nad 15 rokov s platn\u00fdm preukazom<\/li>\n<\/ul>\n<ul>\n<li>\u0160tudenti riadneho denn\u00e9ho \u0161t\u00fadia \u2013 v pr\u00edpade vysok\u00fdch \u0161k\u00f4l po preuk\u00e1zan\u00ed sa platn\u00fdm dokladom o \u0161t\u00fadiu s vyzna\u010den\u00edm doby platnosti pre aktu\u00e1lny rok; Osoby nad 60 rokov<\/li>\n<\/ul>\n<ul>\n<li>Foto-Video &#8211; Fotografovanie a kr\u00e1tky videoz\u00e1znam bez pou\u017eitia stat\u00edvu sa m\u00f4\u017ee uskuto\u010dni\u0165 len po\u010das prehliadky jaskyne, po zaplaten\u00ed z\u00e1kladn\u00e9ho vstupn\u00e9ho a stanoven\u00e9ho poplatku. Nesmie sa t\u00fdm naru\u0161i\u0165 plynulos\u0165 a bezpe\u010dnos\u0165 prev\u00e1dzky jaskyne.<\/li>\n<\/ul>\n<ul>\n<li>Mimoriadny vstup sa m\u00f4\u017ee uskuto\u010dni\u0165 na po\u017eiadanie n\u00e1v\u0161tevn\u00edkov po dohode so spr\u00e1vcom jaskyne, len medzi hodinami pravideln\u00fdch vstupov, po zaplaten\u00ed z\u00e1kladn\u00e9ho vstupn\u00e9ho a stanoven\u00e9ho poplatku. Nesmie sa t\u00fdm naru\u0161i\u0165 plynulos\u0165 prev\u00e1dzky jaskyne.<\/li>\n<\/ul>\n<p>Platba prostredn\u00edctvom kult\u00farnych poukazov nie je mo\u017en\u00e1, nako\u013eko na\u0161a organiz\u00e1cia patr\u00ed do zria\u010fovate\u013eskej p\u00f4sobnosti Ministerstva \u017eivotn\u00e9ho prostredia SR a v zmysle z\u00e1kona \u010d. 434\/2010 Z. z. o poskytovan\u00ed dot\u00e1ci\u00ed v p\u00f4sobnosti Ministerstva kult\u00fary SR nie je opr\u00e1vnenou osobou.<\/p>\n<p>Platby kartou nie s\u00fa mo\u017en\u00e9. Najbli\u017e\u0161ie bankomaty: Jel\u0161ava, pri kostole &#8211; 10 km, \u0160t\u00edtnik, pri kostole &#8211; 11 km.<\/p>\n<p>REZERV\u00c1CIE VSTUPOV SA NEVYKON\u00c1VAJ\u00da. Pri be\u017enej n\u00e1v\u0161tevnosti s\u00fa vstupy organizovan\u00e9 pod\u013ea \u010dasov vo vstupnom poriadku, pri zv\u00fd\u0161enej n\u00e1v\u0161tevnosti sa vstupy organizuj\u00fa priebe\u017ene v intervaloch pod\u013ea charakteru a aktu\u00e1lnej mo\u017enosti danej prev\u00e1dzky jaskyne, t. j. aj v \u010dase medzi pravideln\u00fdmi vstupmi v zmysle platn\u00e9ho vstupn\u00e9ho poriadku.<\/p>\n<p><strong>Uveden\u00e9 \u00fadaje maj\u00fa len informat\u00edvny charakter!!!<\/strong><\/p>\n<h2><span style=\"color: #800000;\">Fotogal\u00e9ria<\/span><\/h2>\n<p><iframe loading=\"lazy\" style=\"border: 0;\" src=\"https:\/\/www.google.com\/maps\/embed?pb=!4v1762074154622!6m8!1m7!1sx4Rv0wOnoKMAAAQJOMQHQw!2m2!1d48.66454678003477!2d20.30914193307904!3f319.88742!4f0!5f0.7820865974627469\" width=\"900\" height=\"650\" allowfullscreen=\"allowfullscreen\"><\/iframe><\/p>\n<figure id=\"attachment_17512\" aria-describedby=\"caption-attachment-17512\" style=\"width: 900px\" class=\"wp-caption aligncenter\"><a href=\"https:\/\/www.slovensky-kras.eu\/info\/wp-content\/uploads\/2020\/06\/ochtinska1.jpg\"><img loading=\"lazy\" decoding=\"async\" class=\"wp-image-17512\" src=\"https:\/\/www.slovensky-kras.eu\/info\/wp-content\/uploads\/2020\/06\/ochtinska1.jpg\" alt=\"Ochtinsk\u00e1 aragonitov\u00e1 jasky\u0148a\" width=\"900\" height=\"879\" srcset=\"https:\/\/www.slovensky-kras.eu\/info\/wp-content\/uploads\/2020\/06\/ochtinska1.jpg 717w, https:\/\/www.slovensky-kras.eu\/info\/wp-content\/uploads\/2020\/06\/ochtinska1-615x600.jpg 615w\" sizes=\"auto, (max-width: 900px) 100vw, 900px\" \/><\/a><figcaption id=\"caption-attachment-17512\" class=\"wp-caption-text\">Ochtinsk\u00e1 aragonitov\u00e1 jasky\u0148a<\/figcaption><\/figure>\n<h2><span style=\"color: #800000;\">Po\u010dasie<\/span><\/h2>\n<p><iframe style=\"width: 805px; height: 613px;\" src=\"https:\/\/www.meteoblue.com\/sk\/po%C4%8Dasie\/widget\/three\/ochtin%c3%a1_slovensk%c3%a1-republika_724008?geoloc=fixed&amp;nocurrent=0&amp;noforecast=0&amp;days=7&amp;tempunit=CELSIUS&amp;windunit=KILOMETER_PER_HOUR&amp;layout=image\" frameborder=\"0\" scrolling=\"NO\" sandbox=\"allow-same-origin allow-scripts allow-popups allow-popups-to-escape-sandbox\"><\/iframe><\/p>\n<div><!-- DO NOT REMOVE THIS LINK --><a href=\"https:\/\/www.meteoblue.com\/sk\/po%C4%8Dasie\/t%C3%BD%C5%BEde%C5%88\/ochtin%c3%a1_slovensk%c3%a1-republika_724008?utm_source=weather_widget&amp;utm_medium=linkus&amp;utm_content=three&amp;utm_campaign=Weather%2BWidget\" target=\"_blank\" rel=\"noopener\">meteoblue<\/a><\/div>\n<p><strong>Zdroj info :<\/strong> <a href=\"http:\/\/www.ssj.sk\/\" target=\"_blank\" rel=\"noopener\">http:\/\/www.ssj.sk\/<\/a><\/p>\n","protected":false},"excerpt":{"rendered":"<p>Ochtinsk\u00e1 aragonitov\u00e1 jasky\u0148a po pravidelnej zimnej prest\u00e1vke\u00a0op\u00e4\u0165 otvorila svoje br\u00e1ny\u00a0pre verejnos\u0165. Od\u00a01. apr\u00edla 2026\u00a0maj\u00fa n\u00e1v\u0161tevn\u00edci op\u00e4tovn\u00fa pr\u00edle\u017eitos\u0165 objavi\u0165 tento vz\u00e1cny pr\u00edrodn\u00fd unik\u00e1t zap\u00edsan\u00fd v zozname svetov\u00e9ho dedi\u010dstva UNESCO. \u010co rob\u00ed [&hellip;]<\/p>\n","protected":false},"author":1,"featured_media":17512,"comment_status":"closed","ping_status":"closed","sticky":false,"template":"","format":"standard","meta":{"_uag_custom_page_level_css":"","footnotes":""},"categories":[1,281,316],"tags":[],"class_list":["post-22911","post","type-post","status-publish","format-standard","has-post-thumbnail","hentry","category-aktuality","category-otvaracie-hodiny","category-spristupnene-jaskyne"],"featured_image_src":"https:\/\/www.slovensky-kras.eu\/info\/wp-content\/uploads\/2020\/06\/ochtinska1.jpg","featured_image_src_square":"https:\/\/www.slovensky-kras.eu\/info\/wp-content\/uploads\/2020\/06\/ochtinska1.jpg","author_info":{"display_name":"admin","author_link":"https:\/\/www.slovensky-kras.eu\/info\/author\/admin\/"},"rbea_author_info":{"display_name":"admin","author_link":"https:\/\/www.slovensky-kras.eu\/info\/author\/admin\/"},"rbea_excerpt_info":"Ochtinsk\u00e1 aragonitov\u00e1 jasky\u0148a po pravidelnej zimnej prest\u00e1vke\u00a0op\u00e4\u0165 otvorila svoje br\u00e1ny\u00a0pre verejnos\u0165. Od\u00a01. apr\u00edla 2026\u00a0maj\u00fa n\u00e1v\u0161tevn\u00edci op\u00e4tovn\u00fa pr\u00edle\u017eitos\u0165 objavi\u0165 tento vz\u00e1cny pr\u00edrodn\u00fd unik\u00e1t zap\u00edsan\u00fd v zozname svetov\u00e9ho dedi\u010dstva UNESCO. \u010co rob\u00ed [&hellip;]","category_list":"<a href=\"https:\/\/www.slovensky-kras.eu\/info\/domov\/aktuality\/\" rel=\"category tag\">Aktuality<\/a>, <a href=\"https:\/\/www.slovensky-kras.eu\/info\/domov\/aktuality\/otvaracie-hodiny\/\" rel=\"category tag\">Otv\u00e1racie hodiny<\/a>, <a href=\"https:\/\/www.slovensky-kras.eu\/info\/domov\/aktuality\/spristupnene-jaskyne\/\" rel=\"category tag\">Spr\u00edstupnen\u00e9 jaskyne<\/a>","comments_num":"0 comments","uagb_featured_image_src":{"full":["https:\/\/www.slovensky-kras.eu\/info\/wp-content\/uploads\/2020\/06\/ochtinska1.jpg",717,700,false],"thumbnail":["https:\/\/www.slovensky-kras.eu\/info\/wp-content\/uploads\/2020\/06\/ochtinska1-150x150.jpg",150,150,true],"medium":["https:\/\/www.slovensky-kras.eu\/info\/wp-content\/uploads\/2020\/06\/ochtinska1-615x600.jpg",615,600,true],"medium_large":["https:\/\/www.slovensky-kras.eu\/info\/wp-content\/uploads\/2020\/06\/ochtinska1.jpg",717,700,false],"large":["https:\/\/www.slovensky-kras.eu\/info\/wp-content\/uploads\/2020\/06\/ochtinska1.jpg",717,700,false],"1536x1536":["https:\/\/www.slovensky-kras.eu\/info\/wp-content\/uploads\/2020\/06\/ochtinska1.jpg",717,700,false],"2048x2048":["https:\/\/www.slovensky-kras.eu\/info\/wp-content\/uploads\/2020\/06\/ochtinska1.jpg",717,700,false]},"uagb_author_info":{"display_name":"admin","author_link":"https:\/\/www.slovensky-kras.eu\/info\/author\/admin\/"},"uagb_comment_info":0,"uagb_excerpt":"Ochtinsk\u00e1 aragonitov\u00e1 jasky\u0148a po pravidelnej zimnej prest\u00e1vke\u00a0op\u00e4\u0165 otvorila svoje br\u00e1ny\u00a0pre verejnos\u0165. Od\u00a01. apr\u00edla 2026\u00a0maj\u00fa n\u00e1v\u0161tevn\u00edci op\u00e4tovn\u00fa pr\u00edle\u017eitos\u0165 objavi\u0165 tento vz\u00e1cny pr\u00edrodn\u00fd unik\u00e1t zap\u00edsan\u00fd v zozname svetov\u00e9ho dedi\u010dstva UNESCO. \u010co rob\u00ed [&hellip;]","_links":{"self":[{"href":"https:\/\/www.slovensky-kras.eu\/info\/wp-json\/wp\/v2\/posts\/22911","targetHints":{"allow":["GET"]}}],"collection":[{"href":"https:\/\/www.slovensky-kras.eu\/info\/wp-json\/wp\/v2\/posts"}],"about":[{"href":"https:\/\/www.slovensky-kras.eu\/info\/wp-json\/wp\/v2\/types\/post"}],"author":[{"embeddable":true,"href":"https:\/\/www.slovensky-kras.eu\/info\/wp-json\/wp\/v2\/users\/1"}],"replies":[{"embeddable":true,"href":"https:\/\/www.slovensky-kras.eu\/info\/wp-json\/wp\/v2\/comments?post=22911"}],"version-history":[{"count":21,"href":"https:\/\/www.slovensky-kras.eu\/info\/wp-json\/wp\/v2\/posts\/22911\/revisions"}],"predecessor-version":[{"id":29927,"href":"https:\/\/www.slovensky-kras.eu\/info\/wp-json\/wp\/v2\/posts\/22911\/revisions\/29927"}],"wp:featuredmedia":[{"embeddable":true,"href":"https:\/\/www.slovensky-kras.eu\/info\/wp-json\/wp\/v2\/media\/17512"}],"wp:attachment":[{"href":"https:\/\/www.slovensky-kras.eu\/info\/wp-json\/wp\/v2\/media?parent=22911"}],"wp:term":[{"taxonomy":"category","embeddable":true,"href":"https:\/\/www.slovensky-kras.eu\/info\/wp-json\/wp\/v2\/categories?post=22911"},{"taxonomy":"post_tag","embeddable":true,"href":"https:\/\/www.slovensky-kras.eu\/info\/wp-json\/wp\/v2\/tags?post=22911"}],"curies":[{"name":"wp","href":"https:\/\/api.w.org\/{rel}","templated":true}]}}