{"id":22902,"date":"2026-04-03T03:35:54","date_gmt":"2026-04-03T01:35:54","guid":{"rendered":"https:\/\/www.slovensky-kras.eu\/info\/?p=22902"},"modified":"2026-04-03T04:13:53","modified_gmt":"2026-04-03T02:13:53","slug":"aktualne-otvaracie-hodiny-a-vstupne-gombasecka-jaskyna","status":"publish","type":"post","link":"https:\/\/www.slovensky-kras.eu\/info\/aktualne-otvaracie-hodiny-a-vstupne-gombasecka-jaskyna\/","title":{"rendered":"Aktu\u00e1lne otv\u00e1racie hodiny a vstupn\u00e9 \u2013 Gombaseck\u00e1 jasky\u0148a"},"content":{"rendered":"<p>Gombaseck\u00e1 jasky\u0148a po pravidelnej zimnej prest\u00e1vke <b data-path-to-node=\"3\" data-index-in-node=\"51\">op\u00e4\u0165 otvorila svoje br\u00e1ny<\/b> pre verejnos\u0165. Od <b data-path-to-node=\"3\" data-index-in-node=\"95\">1. apr\u00edla 2026<\/b> maj\u00fa n\u00e1v\u0161tevn\u00edci op\u00e4tovn\u00fa pr\u00edle\u017eitos\u0165 objavi\u0165 tento vz\u00e1cny pr\u00edrodn\u00fd unik\u00e1t zap\u00edsan\u00fd v zozname svetov\u00e9ho dedi\u010dstva UNESCO.<\/p>\n<h2><span style=\"color: #800000;\">\u010co rob\u00ed Gombaseck\u00fa jasky\u0148u v\u00fdnimo\u010dnou?<\/span> &#x2728;<\/h2>\n<ul>\n<li><strong>Sintrov\u00e9 b\u0155ky<\/strong>\u00a0\u2013 Tenk\u00e9 trubicovit\u00e9 \u00fatvary, ktor\u00e9 vznikaj\u00fa po tis\u00edcro\u010dia a s\u00fa typick\u00e9 pr\u00e1ve pre t\u00fato jasky\u0148u.<\/li>\n<li><strong>UNESCO chr\u00e1nen\u00fd poklad<\/strong>\u00a0\u2013 Spolu s \u010fal\u0161\u00edmi jasky\u0148ami Slovensk\u00e9ho a Aggteleksk\u00e9ho krasu tvor\u00ed s\u00fa\u010das\u0165 svetov\u00e9ho pr\u00edrodn\u00e9ho dedi\u010dstva.<\/li>\n<li><strong>P\u00f4sobiv\u00e1 v\u00fdzdoba<\/strong>\u00a0\u2013 N\u00e1dhern\u00e9 sintrov\u00e9 z\u00e1clony, stalagmity a stalaktity vytv\u00e1raj\u00fa mystick\u00fa atmosf\u00e9ru.<\/li>\n<li><strong>Vhodn\u00e1 pre v\u0161etk\u00fdch<\/strong>\u00a0\u2013 Pren\u00e1jomn\u00e1 teplota a mierny ter\u00e9n ju rob\u00ed ide\u00e1lnou pre rodiny s de\u0165mi aj seniorov.<\/li>\n<\/ul>\n<h2><span style=\"color: #800000;\">Pre\u010do nav\u0161t\u00edvi\u0165 Gombaseck\u00fa jasky\u0148u?\u00a0<\/span><\/h2>\n<p>Ak milujete pr\u00edrodu, Gombaseck\u00e1 jasky\u0148a by na va\u0161om cestovate\u013eskom zozname rozhodne nemala ch\u00fdba\u0165! Uchv\u00e1tia v\u00e1s najm\u00e4 jej unik\u00e1tne, jemn\u00e9 sintrov\u00e9 br\u010dk\u00e1 a neopakovate\u013en\u00e1 atmosf\u00e9ra. Ke\u010f\u017ee je o prehliadky ve\u013ek\u00fd z\u00e1ujem, odpor\u00fa\u010dame rezervova\u0165 si term\u00edn vopred, aby ste mali svoje miesto ist\u00e9.<\/p>\n<h2><span style=\"color: #800000;\">Info<\/span><\/h2>\n<div class=\"rtbs  rtbs_gombasecka-jaskyna\"><div class=\"rtbs_slug\" style=\"display:none\">gombasecka-jaskyna<\/div><div class=\"rtbs_inactive_tab_background\" style=\"display:none\">transparent<\/div><div class=\"rtbs_breakpoint\" style=\"display:none\">600<\/div><div class=\"rtbs_color\" style=\"display:none\">#12bece<\/div>\r\n        <div class=\"rtbs_menu\">\r\n            <ul>\r\n                <li class=\"mobile_toggle\">&zwnj;<\/li><li class=\"current\"><a style=\"background:#12bece\" class=\"active gombasecka-jaskyna-tab-link-0\" href=\"#\" data-tab=\"#gombasecka-jaskyna-tab-0\">Aktu\u00e1lne podmienky<\/a><\/li>\r\n            <\/ul>\r\n        <\/div><div style=\"border-top:7px solid #12bece;\" id=\"gombasecka-jaskyna-tab-0\" class=\"rtbs_content active\"><table>\n<tbody>\n<tr>\n<th bgcolor=\"#cccccc\">Mesto\/Obec<\/th>\n<th bgcolor=\"#cccccc\">Prev\u00e1dzka<\/th>\n<th bgcolor=\"#cccccc\">D\u013a\u017eka trasy<\/th>\n<th bgcolor=\"#cccccc\">Teplota v jaskyni<\/th>\n<\/tr>\n<tr>\n<td bgcolor=\"#ffffff\"><span style=\"color: #000000\">Slavec\/stredisko Gombasek<\/span><\/td>\n<td bgcolor=\"#ffffff\"><span style=\"color: #000000\">Otvoren\u00e1 okrem pondelkov<\/span><\/td>\n<td bgcolor=\"#ffffff\"><span style=\"color: #000000\">530 m<\/span><\/td>\n<td bgcolor=\"#ffffff\"><span style=\"color: #000000\">10\u00b0C (vlhko a prievan)<\/span><\/td>\n<\/tr>\n<\/tbody>\n<\/table>\n<div style=\"margin-top:30px; clear:both;\"><\/div><\/div>\r\n    <\/div>\r\n    \n<h2><span style=\"color: #800000;\">Podrobn\u00e9 inform\u00e1cie<\/span><\/h2>\n<p><strong>Viac inform\u00e1ci\u00ed a kontakt:<\/strong> <a href=\"https:\/\/www.slovensky-kras.eu\/info\/jaskyne-a-priepasti\/gombasecka-jaskyna\/\">Gombaseck\u00e1 jasky\u0148a (\u010d\u00edtaj viac&#8230;)<\/a><\/p>\n<h3><span style=\"color: #808000;\">Otv\u00e1racie hodiny<\/span><\/h3>\n<p><strong>Pondelok :<\/strong> zatvoren\u00e9<br \/>\n<strong>Utorok :<\/strong> otvoren\u00e9<br \/>\n<strong>Streda :<\/strong> otvoren\u00e9<br \/>\n<strong>\u0160tvrtok :<\/strong> otvoren\u00e9<br \/>\n<strong>Piatok :<\/strong> otvoren\u00e9<br \/>\n<strong>Sobota :<\/strong> otvoren\u00e9<br \/>\n<strong>Nede\u013ea :<\/strong> otvoren\u00e9<\/p>\n<h2><span style=\"color: #800000;\">\u010casy vstupov<\/span><\/h2>\n<p>10:00, 11:30, 13:00, 14:30<\/p>\n<h2><span style=\"color: #800000;\">Cenn\u00edk<\/span><\/h2>\n<table class=\"border-collapse: collapse\">\n<tbody>\n<tr>\n<td bgcolor=\"#aaccff\"><span style=\"color: #000000;\"><strong>Trasa<\/strong><\/span><\/td>\n<td bgcolor=\"#aaccff\"><span style=\"color: #000000;\"><strong>Dospel\u00ed<\/strong><\/span><\/td>\n<td bgcolor=\"#aaccff\"><span style=\"color: #000000;\"><strong>Deti\u00a06-15r.,<\/strong><\/span><br \/>\n<span style=\"color: #000000;\"><strong>invalidi\u00a0<\/strong><\/span><\/td>\n<td bgcolor=\"#aaccff\"><span style=\"color: #000000;\"><strong>\u0160tudenti,<\/strong><\/span><br \/>\n<span style=\"color: #000000;\"><strong>nad 60 rokov\u00a0<\/strong><\/span><\/td>\n<td bgcolor=\"#aaccff\"><span style=\"color: #000000;\"><strong>Foto-Video<\/strong><\/span><\/td>\n<td bgcolor=\"#aaccff\"><span style=\"color: #000000;\"><strong>Mimoriadny<\/strong><\/span><br \/>\n<span style=\"color: #000000;\"><strong>vstup\u00a0<\/strong><\/span><\/td>\n<\/tr>\n<\/tbody>\n<tbody>\n<tr>\n<th>Domica &#8211; Kr\u00e1tky okruh<\/th>\n<td align=\"right\"><span style=\"color: #000000;\">10,00 \u20ac<\/span><\/td>\n<td align=\"right\"><span style=\"color: #000000;\">5 \u20ac<\/span><\/td>\n<td align=\"right\"><span style=\"color: #000000;\">9,00 \u20ac<\/span><\/td>\n<td align=\"right\"><span style=\"color: #000000;\">0 \u20ac<\/span><\/td>\n<td align=\"right\"><span style=\"color: #000000;\">50,00 \u20ac<\/span><\/td>\n<\/tr>\n<\/tbody>\n<\/table>\n<h2><span style=\"color: #800000;\">D\u00f4le\u017eit\u00e9 oznamy<\/span><\/h2>\n<ul>\n<li>Deti od 6 do 15 rokov; Invalidi nad 15 rokov s platn\u00fdm preukazom<\/li>\n<\/ul>\n<ul>\n<li>\u0160tudenti riadneho denn\u00e9ho \u0161t\u00fadia \u2013 v pr\u00edpade vysok\u00fdch \u0161k\u00f4l po preuk\u00e1zan\u00ed sa platn\u00fdm dokladom o \u0161t\u00fadiu s vyzna\u010den\u00edm doby platnosti pre aktu\u00e1lny rok; Osoby nad 60 rokov<\/li>\n<\/ul>\n<ul>\n<li>Foto-Video &#8211; Fotografovanie a kr\u00e1tky videoz\u00e1znam bez pou\u017eitia stat\u00edvu sa m\u00f4\u017ee uskuto\u010dni\u0165 len po\u010das prehliadky jaskyne, po zaplaten\u00ed z\u00e1kladn\u00e9ho vstupn\u00e9ho a stanoven\u00e9ho poplatku. Nesmie sa t\u00fdm naru\u0161i\u0165 plynulos\u0165 a bezpe\u010dnos\u0165 prev\u00e1dzky jaskyne.<\/li>\n<\/ul>\n<ul>\n<li>Mimoriadny vstup sa m\u00f4\u017ee uskuto\u010dni\u0165 na po\u017eiadanie n\u00e1v\u0161tevn\u00edkov po dohode so spr\u00e1vcom jaskyne, len medzi hodinami pravideln\u00fdch vstupov, po zaplaten\u00ed z\u00e1kladn\u00e9ho vstupn\u00e9ho a stanoven\u00e9ho poplatku. Nesmie sa t\u00fdm naru\u0161i\u0165 plynulos\u0165 prev\u00e1dzky jaskyne.<\/li>\n<\/ul>\n<p>Platba prostredn\u00edctvom kult\u00farnych poukazov nie je mo\u017en\u00e1, nako\u013eko na\u0161a organiz\u00e1cia patr\u00ed do zria\u010fovate\u013eskej p\u00f4sobnosti Ministerstva \u017eivotn\u00e9ho prostredia SR a v zmysle z\u00e1kona \u010d. 434\/2010 Z. z. o poskytovan\u00ed dot\u00e1ci\u00ed v p\u00f4sobnosti Ministerstva kult\u00fary SR nie je opr\u00e1vnenou osobou.<\/p>\n<p>Platby kartou nie s\u00fa mo\u017en\u00e9. Najbli\u017e\u0161\u00ed bankomat &#8211; Ple\u0161ivec, autobusov\u00e1 stanica &#8211; 7 km.<\/p>\n<p>REZERV\u00c1CIE VSTUPOV SA NEVYKON\u00c1VAJ\u00da. Pri be\u017enej n\u00e1v\u0161tevnosti s\u00fa vstupy organizovan\u00e9 pod\u013ea \u010dasov vo vstupnom poriadku, pri zv\u00fd\u0161enej n\u00e1v\u0161tevnosti sa vstupy organizuj\u00fa priebe\u017ene v intervaloch pod\u013ea charakteru a aktu\u00e1lnej mo\u017enosti danej prev\u00e1dzky jaskyne, t. j. aj v \u010dase medzi pravideln\u00fdmi vstupmi v zmysle platn\u00e9ho vstupn\u00e9ho poriadku.<\/p>\n<p><strong>Uveden\u00e9 \u00fadaje maj\u00fa len informat\u00edvny charakter!!!<\/strong><\/p>\n<h2><span style=\"color: #800000;\">Fotogal\u00e9ria<\/span><\/h2>\n<p><iframe loading=\"lazy\" style=\"border: 0;\" src=\"https:\/\/www.google.com\/maps\/embed?pb=!4v1762073992799!6m8!1m7!1svMxZKuQnci4AAAQJOL7p6A!2m2!1d48.56254424435318!2d20.46670751648551!3f0!4f0!5f0.7820865974627469\" width=\"900\" height=\"650\" allowfullscreen=\"allowfullscreen\"><\/iframe><\/p>\n<figure id=\"attachment_21351\" aria-describedby=\"caption-attachment-21351\" style=\"width: 900px\" class=\"wp-caption aligncenter\"><a href=\"https:\/\/www.slovensky-kras.eu\/info\/wp-content\/uploads\/2021\/12\/gombasecka-jaskyna3.jpg\"><img loading=\"lazy\" decoding=\"async\" class=\"wp-image-21351\" src=\"https:\/\/www.slovensky-kras.eu\/info\/wp-content\/uploads\/2021\/12\/gombasecka-jaskyna3.jpg\" alt=\"Gombaseck\u00e1 jasky\u0148a\" width=\"900\" height=\"600\" srcset=\"https:\/\/www.slovensky-kras.eu\/info\/wp-content\/uploads\/2021\/12\/gombasecka-jaskyna3.jpg 800w, https:\/\/www.slovensky-kras.eu\/info\/wp-content\/uploads\/2021\/12\/gombasecka-jaskyna3-768x512.jpg 768w\" sizes=\"auto, (max-width: 900px) 100vw, 900px\" \/><\/a><figcaption id=\"caption-attachment-21351\" class=\"wp-caption-text\">Gombaseck\u00e1 jasky\u0148a<\/figcaption><\/figure>\n<h2><span style=\"color: #800000;\">Po\u010dasie<\/span><\/h2>\n<p><iframe style=\"width: 900px; height: 613px;\" src=\"https:\/\/www.meteoblue.com\/sk\/po%C4%8Dasie\/widget\/three\/slavec_slovensk%c3%a1-republika_723590?geoloc=fixed&amp;nocurrent=0&amp;noforecast=0&amp;days=7&amp;tempunit=CELSIUS&amp;windunit=KILOMETER_PER_HOUR&amp;layout=image\" frameborder=\"0\" scrolling=\"NO\" sandbox=\"allow-same-origin allow-scripts allow-popups allow-popups-to-escape-sandbox\"><\/iframe><\/p>\n<div><!-- DO NOT REMOVE THIS LINK --><a href=\"https:\/\/www.meteoblue.com\/sk\/po%C4%8Dasie\/t%C3%BD%C5%BEde%C5%88\/slavec_slovensk%c3%a1-republika_723590?utm_source=weather_widget&amp;utm_medium=linkus&amp;utm_content=three&amp;utm_campaign=Weather%2BWidget\" target=\"_blank\" rel=\"noopener\">meteoblue<\/a><\/div>\n<p><strong>Zdroj info :<\/strong> <a href=\"http:\/\/www.ssj.sk\/\" target=\"_blank\" rel=\"noopener\">http:\/\/www.ssj.sk\/<\/a><\/p>\n","protected":false},"excerpt":{"rendered":"<p>Gombaseck\u00e1 jasky\u0148a po pravidelnej zimnej prest\u00e1vke op\u00e4\u0165 otvorila svoje br\u00e1ny pre verejnos\u0165. Od 1. apr\u00edla 2026 maj\u00fa n\u00e1v\u0161tevn\u00edci op\u00e4tovn\u00fa pr\u00edle\u017eitos\u0165 objavi\u0165 tento vz\u00e1cny pr\u00edrodn\u00fd unik\u00e1t zap\u00edsan\u00fd v zozname svetov\u00e9ho dedi\u010dstva [&hellip;]<\/p>\n","protected":false},"author":1,"featured_media":21351,"comment_status":"closed","ping_status":"closed","sticky":false,"template":"","format":"standard","meta":{"_uag_custom_page_level_css":"","footnotes":""},"categories":[1,281,316],"tags":[],"class_list":["post-22902","post","type-post","status-publish","format-standard","has-post-thumbnail","hentry","category-aktuality","category-otvaracie-hodiny","category-spristupnene-jaskyne"],"featured_image_src":"https:\/\/www.slovensky-kras.eu\/info\/wp-content\/uploads\/2021\/12\/gombasecka-jaskyna3.jpg","featured_image_src_square":"https:\/\/www.slovensky-kras.eu\/info\/wp-content\/uploads\/2021\/12\/gombasecka-jaskyna3.jpg","author_info":{"display_name":"admin","author_link":"https:\/\/www.slovensky-kras.eu\/info\/author\/admin\/"},"rbea_author_info":{"display_name":"admin","author_link":"https:\/\/www.slovensky-kras.eu\/info\/author\/admin\/"},"rbea_excerpt_info":"Gombaseck\u00e1 jasky\u0148a po pravidelnej zimnej prest\u00e1vke op\u00e4\u0165 otvorila svoje br\u00e1ny pre verejnos\u0165. Od 1. apr\u00edla 2026 maj\u00fa n\u00e1v\u0161tevn\u00edci op\u00e4tovn\u00fa pr\u00edle\u017eitos\u0165 objavi\u0165 tento vz\u00e1cny pr\u00edrodn\u00fd unik\u00e1t zap\u00edsan\u00fd v zozname svetov\u00e9ho dedi\u010dstva [&hellip;]","category_list":"<a href=\"https:\/\/www.slovensky-kras.eu\/info\/domov\/aktuality\/\" rel=\"category tag\">Aktuality<\/a>, <a href=\"https:\/\/www.slovensky-kras.eu\/info\/domov\/aktuality\/otvaracie-hodiny\/\" rel=\"category tag\">Otv\u00e1racie hodiny<\/a>, <a href=\"https:\/\/www.slovensky-kras.eu\/info\/domov\/aktuality\/spristupnene-jaskyne\/\" rel=\"category tag\">Spr\u00edstupnen\u00e9 jaskyne<\/a>","comments_num":"0 comments","uagb_featured_image_src":{"full":["https:\/\/www.slovensky-kras.eu\/info\/wp-content\/uploads\/2021\/12\/gombasecka-jaskyna3.jpg",800,533,false],"thumbnail":["https:\/\/www.slovensky-kras.eu\/info\/wp-content\/uploads\/2021\/12\/gombasecka-jaskyna3-150x150.jpg",150,150,true],"medium":["https:\/\/www.slovensky-kras.eu\/info\/wp-content\/uploads\/2021\/12\/gombasecka-jaskyna3.jpg",800,533,false],"medium_large":["https:\/\/www.slovensky-kras.eu\/info\/wp-content\/uploads\/2021\/12\/gombasecka-jaskyna3-768x512.jpg",768,512,true],"large":["https:\/\/www.slovensky-kras.eu\/info\/wp-content\/uploads\/2021\/12\/gombasecka-jaskyna3.jpg",800,533,false],"1536x1536":["https:\/\/www.slovensky-kras.eu\/info\/wp-content\/uploads\/2021\/12\/gombasecka-jaskyna3.jpg",800,533,false],"2048x2048":["https:\/\/www.slovensky-kras.eu\/info\/wp-content\/uploads\/2021\/12\/gombasecka-jaskyna3.jpg",800,533,false]},"uagb_author_info":{"display_name":"admin","author_link":"https:\/\/www.slovensky-kras.eu\/info\/author\/admin\/"},"uagb_comment_info":0,"uagb_excerpt":"Gombaseck\u00e1 jasky\u0148a po pravidelnej zimnej prest\u00e1vke op\u00e4\u0165 otvorila svoje br\u00e1ny pre verejnos\u0165. Od 1. apr\u00edla 2026 maj\u00fa n\u00e1v\u0161tevn\u00edci op\u00e4tovn\u00fa pr\u00edle\u017eitos\u0165 objavi\u0165 tento vz\u00e1cny pr\u00edrodn\u00fd unik\u00e1t zap\u00edsan\u00fd v zozname svetov\u00e9ho dedi\u010dstva [&hellip;]","_links":{"self":[{"href":"https:\/\/www.slovensky-kras.eu\/info\/wp-json\/wp\/v2\/posts\/22902","targetHints":{"allow":["GET"]}}],"collection":[{"href":"https:\/\/www.slovensky-kras.eu\/info\/wp-json\/wp\/v2\/posts"}],"about":[{"href":"https:\/\/www.slovensky-kras.eu\/info\/wp-json\/wp\/v2\/types\/post"}],"author":[{"embeddable":true,"href":"https:\/\/www.slovensky-kras.eu\/info\/wp-json\/wp\/v2\/users\/1"}],"replies":[{"embeddable":true,"href":"https:\/\/www.slovensky-kras.eu\/info\/wp-json\/wp\/v2\/comments?post=22902"}],"version-history":[{"count":22,"href":"https:\/\/www.slovensky-kras.eu\/info\/wp-json\/wp\/v2\/posts\/22902\/revisions"}],"predecessor-version":[{"id":29823,"href":"https:\/\/www.slovensky-kras.eu\/info\/wp-json\/wp\/v2\/posts\/22902\/revisions\/29823"}],"wp:featuredmedia":[{"embeddable":true,"href":"https:\/\/www.slovensky-kras.eu\/info\/wp-json\/wp\/v2\/media\/21351"}],"wp:attachment":[{"href":"https:\/\/www.slovensky-kras.eu\/info\/wp-json\/wp\/v2\/media?parent=22902"}],"wp:term":[{"taxonomy":"category","embeddable":true,"href":"https:\/\/www.slovensky-kras.eu\/info\/wp-json\/wp\/v2\/categories?post=22902"},{"taxonomy":"post_tag","embeddable":true,"href":"https:\/\/www.slovensky-kras.eu\/info\/wp-json\/wp\/v2\/tags?post=22902"}],"curies":[{"name":"wp","href":"https:\/\/api.w.org\/{rel}","templated":true}]}}