{"id":21181,"date":"2025-07-07T04:54:13","date_gmt":"2025-07-07T02:54:13","guid":{"rendered":"https:\/\/www.slovensky-kras.eu\/info\/?p=21181"},"modified":"2025-11-25T08:38:47","modified_gmt":"2025-11-25T07:38:47","slug":"aktualne-otvaracie-hodiny-a-vstupne-andrassyho-andrasiho-obrazaren","status":"publish","type":"post","link":"https:\/\/www.slovensky-kras.eu\/info\/aktualne-otvaracie-hodiny-a-vstupne-andrassyho-andrasiho-obrazaren\/","title":{"rendered":"Aktu\u00e1lne otv\u00e1racie hodiny a vstupn\u00e9 :  Andr\u00e1ssyho obraz\u00e1re\u0148"},"content":{"rendered":"<p><strong>Andr\u00e1ssyho obraz\u00e1re\u0148 je do\u010dasne ZATVOREN\u00c1 z d\u00f4vodu zl\u00e9ho technick\u00e9ho stavu budovy a pl\u00e1novan\u00fdch rekon\u0161truk\u010dn\u00fdch pr\u00e1c.<\/strong><\/p>\n<h2><span style=\"color: #800000;\">Otv\u00e1racie hodiny a vstupn\u00e9:<\/span><\/h2>\n<p><strong>Streda &#8211; Nede\u013ea:\u00a0<\/strong>9:00 &#8211; 17:00<\/p>\n<h2><span style=\"color: #800000;\">Vstupn\u00e9:<\/span><\/h2>\n<p>Dospel\u00ed &#8211; 2 \u20ac<\/p>\n<p>\u0160tudenti, \u017eiaci, d\u00f4chodcovia, \u0164ZP, vojnov\u00ed veter\u00e1ni, dr\u017eitelia K\u0148azovick\u00e9ho medaily, dr\u017eitelia diamantovej alebo zlatej J\u00e1nskeho plakety* &#8211; 1 \u20ac<\/p>\n<p>Zamestnanci \u010dlensk\u00fdch m\u00faze\u00ed ZMS &#8211; 0 \u20ac<\/p>\n<p><strong>Mimo otv\u00e1rac\u00edch hod\u00edn je vstup mo\u017en\u00fd pre vopred nahl\u00e1sen\u00e9 skupiny (6+ os\u00f4b). Rezerv\u00e1cia je potrebn\u00e1 min. 3 dni vopred.<\/strong><\/p>\n<p>* na uplatnenie z\u013eavy je potrebn\u00e9 preuk\u00e1za\u0165 sa platn\u00fdm dokladom potvrdzuj\u00faci status dr\u017eite\u013ea.<\/p>\n<h2><span style=\"color: #800000;\">Kontakt<\/span><\/h2>\n<p><strong>Andr\u00e1ssyho (Andr\u00e1\u0161iho) obraz\u00e1re\u0148<\/strong><br \/>\nLipov\u00e1 122, 049 41 Krasnohorsk\u00e9 Podhradie<br \/>\ntel: 058\/732 42 38<br \/>\nmail: info@banmuz.sk<br \/>\ninform\u00e1cie a rezerv\u00e1cie: 0940 108 384<\/p>\n<p><strong>Viac inform\u00e1ci\u00ed a kontakt:<\/strong> <a href=\"https:\/\/www.slovensky-kras.eu\/info\/muzea-kutlura-a-umenie\/andrassyho-obrazaren-v-krasnohorskom-podhradi\/\">Andr\u00e1ssyho (Andr\u00e1\u0161iho) obraz\u00e1re\u0148 v Kr\u00e1snohorskom Podhrad\u00ed (\u010d\u00edtaj viac&#8230;)<\/a><\/p>\n<h2><span style=\"color: #800000;\">Fotogal\u00e9ria<\/span><\/h2>\n<style type=\"text\/css\">\n#foogallery-gallery-29025 .fg-image { width: 200px; }<\/style>\n\t\t\t<div class=\"foogallery foogallery-container foogallery-carousel foogallery-lightbox-foogallery fg-carousel fg-ready fg-light fg-border-medium fg-round-small fg-shadow-medium fg-loading-default fg-loaded-fade-in fg-hover-semi-zoomed fg-hover-fade fg-hover-circle-plus2\" id=\"foogallery-gallery-29025\" data-foogallery=\"{&quot;item&quot;:{&quot;showCaptionTitle&quot;:true,&quot;showCaptionDescription&quot;:true},&quot;lazy&quot;:true,&quot;template&quot;:{&quot;maxItems&quot;:5,&quot;scale&quot;:0.11999999999999999555910790149937383830547332763671875,&quot;gutter&quot;:{&quot;min&quot;:-40,&quot;max&quot;:-20,&quot;unit&quot;:&quot;%&quot;},&quot;autoplay&quot;:{&quot;time&quot;:0,&quot;interaction&quot;:&quot;pause&quot;},&quot;centerOnClick&quot;:true,&quot;align&quot;:&quot;center&quot;,&quot;activePosition&quot;:&quot;center&quot;}}\" data-foogallery-lightbox=\"{&quot;thumbs&quot;:&quot;bottom&quot;,&quot;thumbsCaptions&quot;:false,&quot;thumbsBestFit&quot;:false,&quot;thumbsSmall&quot;:false,&quot;thumbsCaptionsAlign&quot;:&quot;default&quot;,&quot;info&quot;:&quot;bottom&quot;,&quot;infoVisible&quot;:true,&quot;infoOverlay&quot;:true,&quot;infoAlign&quot;:&quot;default&quot;,&quot;transition&quot;:&quot;fade&quot;,&quot;hoverButtons&quot;:false,&quot;fitMedia&quot;:false,&quot;noScrollbars&quot;:true,&quot;preserveButtonSpace&quot;:true,&quot;buttons&quot;:{&quot;fullscreen&quot;:true,&quot;info&quot;:true,&quot;thumbs&quot;:false},&quot;video&quot;:{&quot;autoPlay&quot;:true}}\" style=\"--fg-title-line-clamp: 1; --fg-description-line-clamp: 2;\" >\n\t<button type=\"button\" class=\"fg-carousel-prev\" title=\"Previous\"><\/button>\n\t<div class=\"fg-carousel-inner\">\n\t\t<div class=\"fg-carousel-center\"><\/div>\n\t\t<div class=\"fg-item fg-type-image fg-idle\"><figure class=\"fg-item-inner\"><a href=\"https:\/\/www.slovensky-kras.eu\/info\/wp-content\/uploads\/2021\/12\/horka-obrazaren3.jpg\" data-caption-title=\"OLYMPUS DIGITAL CAMERA\" data-attachment-id=\"21935\" data-type=\"image\" class=\"fg-thumb\"><span class=\"fg-image-wrap\"><img decoding=\"async\" title=\"OLYMPUS DIGITAL CAMERA\" width=\"200\" height=\"200\" class=\"skip-lazy fg-image\" data-src-fg=\"https:\/\/www.slovensky-kras.eu\/info\/wp-content\/uploads\/cache\/2021\/12\/horka-obrazaren3\/1159495688.jpg\" src=\"data:image\/svg+xml,%3Csvg%20xmlns%3D%22http%3A%2F%2Fwww.w3.org%2F2000%2Fsvg%22%20width%3D%22200%22%20height%3D%22200%22%20viewBox%3D%220%200%20200%20200%22%3E%3C%2Fsvg%3E\" loading=\"eager\"><\/span><span class=\"fg-image-overlay\"><\/span><\/a><figcaption class=\"fg-caption\"><div class=\"fg-caption-inner\"><div class=\"fg-caption-title\">OLYMPUS DIGITAL CAMERA<\/div><\/div><\/figcaption><\/figure><div class=\"fg-loader\"><\/div><\/div><div class=\"fg-item fg-type-image fg-idle\"><figure class=\"fg-item-inner\"><a href=\"https:\/\/www.slovensky-kras.eu\/info\/wp-content\/uploads\/2021\/12\/horka-obrazaren2.jpg\" data-attachment-id=\"21934\" data-type=\"image\" class=\"fg-thumb\"><span class=\"fg-image-wrap\"><img decoding=\"async\" alt=\"Andr\u00e1\u0161iho obraz\u00e1re\u0148\" width=\"200\" height=\"200\" class=\"skip-lazy fg-image\" data-src-fg=\"https:\/\/www.slovensky-kras.eu\/info\/wp-content\/uploads\/cache\/2021\/12\/horka-obrazaren2\/345704523.jpg\" src=\"data:image\/svg+xml,%3Csvg%20xmlns%3D%22http%3A%2F%2Fwww.w3.org%2F2000%2Fsvg%22%20width%3D%22200%22%20height%3D%22200%22%20viewBox%3D%220%200%20200%20200%22%3E%3C%2Fsvg%3E\" loading=\"eager\"><\/span><span class=\"fg-image-overlay\"><\/span><\/a><\/figure><div class=\"fg-loader\"><\/div><\/div><div class=\"fg-item fg-type-image fg-idle\"><figure class=\"fg-item-inner\"><a href=\"https:\/\/www.slovensky-kras.eu\/info\/wp-content\/uploads\/2021\/12\/horka-obrazaren1.jpg\" data-attachment-id=\"21933\" data-type=\"image\" class=\"fg-thumb\"><span class=\"fg-image-wrap\"><img decoding=\"async\" width=\"200\" height=\"200\" class=\"skip-lazy fg-image\" data-src-fg=\"https:\/\/www.slovensky-kras.eu\/info\/wp-content\/uploads\/cache\/2021\/12\/horka-obrazaren1\/1831195420.jpg\" src=\"data:image\/svg+xml,%3Csvg%20xmlns%3D%22http%3A%2F%2Fwww.w3.org%2F2000%2Fsvg%22%20width%3D%22200%22%20height%3D%22200%22%20viewBox%3D%220%200%20200%20200%22%3E%3C%2Fsvg%3E\" loading=\"eager\"><\/span><span class=\"fg-image-overlay\"><\/span><\/a><\/figure><div class=\"fg-loader\"><\/div><\/div><div class=\"fg-item fg-type-image fg-idle\"><figure class=\"fg-item-inner\"><a href=\"https:\/\/www.slovensky-kras.eu\/info\/wp-content\/uploads\/2023\/07\/01-obrazaren.jpg\" data-attachment-id=\"25043\" data-type=\"image\" class=\"fg-thumb\"><span class=\"fg-image-wrap\"><img decoding=\"async\" width=\"200\" height=\"200\" class=\"skip-lazy fg-image\" data-src-fg=\"https:\/\/www.slovensky-kras.eu\/info\/wp-content\/uploads\/cache\/2023\/07\/01-obrazaren\/2237156137.jpg\" src=\"data:image\/svg+xml,%3Csvg%20xmlns%3D%22http%3A%2F%2Fwww.w3.org%2F2000%2Fsvg%22%20width%3D%22200%22%20height%3D%22200%22%20viewBox%3D%220%200%20200%20200%22%3E%3C%2Fsvg%3E\" loading=\"eager\"><\/span><span class=\"fg-image-overlay\"><\/span><\/a><\/figure><div class=\"fg-loader\"><\/div><\/div>\t<\/div>\n\t<div class=\"fg-carousel-bottom\"><\/div>\n\t<div class=\"fg-carousel-progress\"><\/div>\n\t<button type=\"button\" class=\"fg-carousel-next\" title=\"Next\"><\/button>\n<\/div>\n<h3><span style=\"color: #808000;\">Bl\u00edzke stredisko, turistick\u00e9 centrum, obec alebo mesto<\/span><\/h3>\n<ul>\n<li><a href=\"&quot;hhttps:\/\/www.slovensky-kras.eu\/info\/aktualne-otvaracie-hodiny-a-vstupne-andrassyho-andrasiho-obrazaren\/\">Obec Kr\u00e1snohorsk\u00e9 podhradie (\u010d\u00edtaj viac&#8230;)<\/a><\/li>\n<\/ul>\n<h2><span style=\"color: #800000;\">Mapy<\/span><\/h2>\n<p><strong>Vrstvy: <\/strong>Turistick\u00e1 mapa, Automapa, Cyklomapa, Ly\u017eiarska mapa, Satelitn\u00e1 mapa a OpenStreetMap.<\/p>\n<p><strong>Kliknut\u00edm na logo &#8222;Freemap.sk&#8220; sa V\u00e1m mapa zobraz\u00ed na celej ploche obrazovky.<\/strong><\/p>\n<p><iframe style=\"width: 900px; height: 600px; border: 0;\" src=\"https:\/\/www.freemap.sk\/?map=14\/48.649951\/20.600181&amp;info-point=48.649951\/20.600181,Obec Kr\u00e1snohorsk\u00e9 Podhradie&amp;layers=X&amp;embed=search\" allowfullscreen=\"allowfullscreen\"><span data-mce-type=\"bookmark\" style=\"display: inline-block; width: 0px; overflow: hidden; line-height: 0;\" class=\"mce_SELRES_start\">\ufeff<\/span><\/iframe><\/p>\n<h2><span style=\"color: #800000;\">Po\u010dasie<\/span><\/h2>\n<p><iframe style=\"width: 900px; height: 610px;\" src=\"https:\/\/www.meteoblue.com\/sk\/po%C4%8Dasie\/widget\/three\/kr%c3%a1snohorsk%c3%a9-podhradie_slovensk%c3%a1-republika_724407?geoloc=fixed&amp;nocurrent=0&amp;noforecast=0&amp;days=6&amp;tempunit=CELSIUS&amp;windunit=KILOMETER_PER_HOUR&amp;layout=image\" frameborder=\"0\" scrolling=\"NO\" sandbox=\"allow-same-origin allow-scripts allow-popups allow-popups-to-escape-sandbox\"><span data-mce-type=\"bookmark\" style=\"display: inline-block; width: 0px; overflow: hidden; line-height: 0;\" class=\"mce_SELRES_start\">\ufeff<\/span><\/iframe><\/p>\n<div><!-- DO NOT REMOVE THIS LINK --><a href=\"https:\/\/www.meteoblue.com\/sk\/po%C4%8Dasie\/predpove%C4%8F\/t%C3%BD%C5%BEde%C5%88\/kr%c3%a1snohorsk%c3%a9-podhradie_slovensk%c3%a1-republika_724407?utm_source=weather_widget&amp;utm_medium=linkus&amp;utm_content=three&amp;utm_campaign=Weather%2BWidget\" target=\"_blank\" rel=\"noopener noreferrer\">meteoblue<\/a><\/div>\n<hr \/>\n<p><a href=\"https:\/\/www.slovensky-kras.eu\/info\/wp-content\/uploads\/2021\/12\/horka-obrazaren2.jpg\"><img loading=\"lazy\" decoding=\"async\" class=\"aligncenter wp-image-21934\" src=\"https:\/\/www.slovensky-kras.eu\/info\/wp-content\/uploads\/2021\/12\/horka-obrazaren2.jpg\" alt=\"Andr\u00e1\u0161iho obraz\u00e1re\u0148\" width=\"900\" height=\"600\" srcset=\"https:\/\/www.slovensky-kras.eu\/info\/wp-content\/uploads\/2021\/12\/horka-obrazaren2.jpg 800w, https:\/\/www.slovensky-kras.eu\/info\/wp-content\/uploads\/2021\/12\/horka-obrazaren2-768x512.jpg 768w\" sizes=\"auto, (max-width: 900px) 100vw, 900px\" \/><\/a><\/p>\n","protected":false},"excerpt":{"rendered":"<p>Andr\u00e1ssyho obraz\u00e1re\u0148 je do\u010dasne ZATVOREN\u00c1 z d\u00f4vodu zl\u00e9ho technick\u00e9ho stavu budovy a pl\u00e1novan\u00fdch rekon\u0161truk\u010dn\u00fdch pr\u00e1c. Otv\u00e1racie hodiny a vstupn\u00e9: Streda &#8211; Nede\u013ea:\u00a09:00 &#8211; 17:00 Vstupn\u00e9: Dospel\u00ed &#8211; 2 \u20ac \u0160tudenti, [&hellip;]<\/p>\n","protected":false},"author":1,"featured_media":6622,"comment_status":"closed","ping_status":"closed","sticky":false,"template":"","format":"standard","meta":{"_uag_custom_page_level_css":"","footnotes":""},"categories":[1,281],"tags":[],"class_list":["post-21181","post","type-post","status-publish","format-standard","has-post-thumbnail","hentry","category-aktuality","category-otvaracie-hodiny"],"featured_image_src":"https:\/\/www.slovensky-kras.eu\/info\/wp-content\/uploads\/2015\/06\/horka41.jpg","featured_image_src_square":"https:\/\/www.slovensky-kras.eu\/info\/wp-content\/uploads\/2015\/06\/horka41.jpg","author_info":{"display_name":"admin","author_link":"https:\/\/www.slovensky-kras.eu\/info\/author\/admin\/"},"rbea_author_info":{"display_name":"admin","author_link":"https:\/\/www.slovensky-kras.eu\/info\/author\/admin\/"},"rbea_excerpt_info":"Andr\u00e1ssyho obraz\u00e1re\u0148 je do\u010dasne ZATVOREN\u00c1 z d\u00f4vodu zl\u00e9ho technick\u00e9ho stavu budovy a pl\u00e1novan\u00fdch rekon\u0161truk\u010dn\u00fdch pr\u00e1c. Otv\u00e1racie hodiny a vstupn\u00e9: Streda &#8211; Nede\u013ea:\u00a09:00 &#8211; 17:00 Vstupn\u00e9: Dospel\u00ed &#8211; 2 \u20ac \u0160tudenti, [&hellip;]","category_list":"<a href=\"https:\/\/www.slovensky-kras.eu\/info\/domov\/aktuality\/\" rel=\"category tag\">Aktuality<\/a>, <a href=\"https:\/\/www.slovensky-kras.eu\/info\/domov\/aktuality\/otvaracie-hodiny\/\" rel=\"category tag\">Otv\u00e1racie hodiny<\/a>","comments_num":"0 comments","uagb_featured_image_src":{"full":["https:\/\/www.slovensky-kras.eu\/info\/wp-content\/uploads\/2015\/06\/horka41.jpg",750,500,false],"thumbnail":["https:\/\/www.slovensky-kras.eu\/info\/wp-content\/uploads\/2015\/06\/horka41-150x150.jpg",150,150,true],"medium":["https:\/\/www.slovensky-kras.eu\/info\/wp-content\/uploads\/2015\/06\/horka41.jpg",750,500,false],"medium_large":["https:\/\/www.slovensky-kras.eu\/info\/wp-content\/uploads\/2015\/06\/horka41.jpg",750,500,false],"large":["https:\/\/www.slovensky-kras.eu\/info\/wp-content\/uploads\/2015\/06\/horka41.jpg",750,500,false],"1536x1536":["https:\/\/www.slovensky-kras.eu\/info\/wp-content\/uploads\/2015\/06\/horka41.jpg",750,500,false],"2048x2048":["https:\/\/www.slovensky-kras.eu\/info\/wp-content\/uploads\/2015\/06\/horka41.jpg",750,500,false]},"uagb_author_info":{"display_name":"admin","author_link":"https:\/\/www.slovensky-kras.eu\/info\/author\/admin\/"},"uagb_comment_info":0,"uagb_excerpt":"Andr\u00e1ssyho obraz\u00e1re\u0148 je do\u010dasne ZATVOREN\u00c1 z d\u00f4vodu zl\u00e9ho technick\u00e9ho stavu budovy a pl\u00e1novan\u00fdch rekon\u0161truk\u010dn\u00fdch pr\u00e1c. Otv\u00e1racie hodiny a vstupn\u00e9: Streda &#8211; Nede\u013ea:\u00a09:00 &#8211; 17:00 Vstupn\u00e9: Dospel\u00ed &#8211; 2 \u20ac \u0160tudenti, [&hellip;]","_links":{"self":[{"href":"https:\/\/www.slovensky-kras.eu\/info\/wp-json\/wp\/v2\/posts\/21181","targetHints":{"allow":["GET"]}}],"collection":[{"href":"https:\/\/www.slovensky-kras.eu\/info\/wp-json\/wp\/v2\/posts"}],"about":[{"href":"https:\/\/www.slovensky-kras.eu\/info\/wp-json\/wp\/v2\/types\/post"}],"author":[{"embeddable":true,"href":"https:\/\/www.slovensky-kras.eu\/info\/wp-json\/wp\/v2\/users\/1"}],"replies":[{"embeddable":true,"href":"https:\/\/www.slovensky-kras.eu\/info\/wp-json\/wp\/v2\/comments?post=21181"}],"version-history":[{"count":9,"href":"https:\/\/www.slovensky-kras.eu\/info\/wp-json\/wp\/v2\/posts\/21181\/revisions"}],"predecessor-version":[{"id":29028,"href":"https:\/\/www.slovensky-kras.eu\/info\/wp-json\/wp\/v2\/posts\/21181\/revisions\/29028"}],"wp:featuredmedia":[{"embeddable":true,"href":"https:\/\/www.slovensky-kras.eu\/info\/wp-json\/wp\/v2\/media\/6622"}],"wp:attachment":[{"href":"https:\/\/www.slovensky-kras.eu\/info\/wp-json\/wp\/v2\/media?parent=21181"}],"wp:term":[{"taxonomy":"category","embeddable":true,"href":"https:\/\/www.slovensky-kras.eu\/info\/wp-json\/wp\/v2\/categories?post=21181"},{"taxonomy":"post_tag","embeddable":true,"href":"https:\/\/www.slovensky-kras.eu\/info\/wp-json\/wp\/v2\/tags?post=21181"}],"curies":[{"name":"wp","href":"https:\/\/api.w.org\/{rel}","templated":true}]}}