{"id":21148,"date":"2026-04-28T05:50:06","date_gmt":"2026-04-28T03:50:06","guid":{"rendered":"https:\/\/www.slovensky-kras.eu\/info\/?p=21148"},"modified":"2026-04-28T10:18:10","modified_gmt":"2026-04-28T08:18:10","slug":"aktualne-otvaracie-hodiny-a-vstupne-mauzoleum-grofa-dionyza-a-frantisky-andrassyovcov","status":"publish","type":"post","link":"https:\/\/www.slovensky-kras.eu\/info\/aktualne-otvaracie-hodiny-a-vstupne-mauzoleum-grofa-dionyza-a-frantisky-andrassyovcov\/","title":{"rendered":"Aktu\u00e1lne otv\u00e1racie hodiny a vstupn\u00e9 &#8211; Mauz\u00f3leum gr\u00f3fa Dion\u00fdza a Franti\u0161ky Andr\u00e1ssyovcov"},"content":{"rendered":"<h2 data-path-to-node=\"0\"><span style=\"color: #800000;\">Objavte Mauz\u00f3leum gr\u00f3fa Dion\u00fdza a Franti\u0161ky Andr\u00e1ssyovcov: Secesn\u00fd klenot a symbol ve\u010dnej l\u00e1sky<\/span><\/h2>\n<p data-path-to-node=\"1\">H\u013ead\u00e1te miesto, kde sa hist\u00f3ria stret\u00e1va s nesmrte\u013en\u00fdm citom a dokonalou architekt\u00farou? <b data-path-to-node=\"1\" data-index-in-node=\"88\">Mauz\u00f3leum gr\u00f3fa Dion\u00fdza a Franti\u0161ky Andr\u00e1ssyovcov<\/b> v <b data-path-to-node=\"1\" data-index-in-node=\"140\">Kr\u00e1snohorskom Podhrad\u00ed<\/b> predstavuje jeden z najvz\u00e1cnej\u0161\u00edch klenotov eur\u00f3pskeho umenia, postaven\u00fd z hlbokej oddanosti man\u017eela k svojej milovanej \u017eene. Ak pl\u00e1nujete letn\u00fd v\u00fdlet za hist\u00f3riou, t\u00e1to unik\u00e1tna <b data-path-to-node=\"1\" data-index-in-node=\"342\">secesn\u00e1 pamiatka<\/b> op\u00e4\u0165 otv\u00e1ra svoje br\u00e1ny pre verejnos\u0165 v presne stanoven\u00fdch term\u00ednoch.<\/p>\n<h2 data-path-to-node=\"2\"><span style=\"color: #800000;\">Kedy je Mauz\u00f3leum gr\u00f3fa Dion\u00fdza a Franti\u0161ky Andr\u00e1ssyovcov otvoren\u00e9?<\/span><\/h2>\n<p data-path-to-node=\"3\">V obdob\u00ed od <b data-path-to-node=\"3\" data-index-in-node=\"12\">m\u00e1ja do konca augusta<\/b> s\u00fa br\u00e1ny are\u00e1lu pre n\u00e1v\u0161tevn\u00edkov otvoren\u00e9 nasledovne:<\/p>\n<ul data-path-to-node=\"4\">\n<li>\n<p data-path-to-node=\"4,0,0\"><b data-path-to-node=\"4,0,0\" data-index-in-node=\"0\">Piatok:<\/b> 10:00 \u2013 17:30<\/p>\n<\/li>\n<li>\n<p data-path-to-node=\"4,1,0\"><b data-path-to-node=\"4,1,0\" data-index-in-node=\"0\">Sobota:<\/b> 10:00 \u2013 17:30<\/p>\n<\/li>\n<li>\n<p data-path-to-node=\"4,2,0\"><b data-path-to-node=\"4,2,0\" data-index-in-node=\"0\">Nede\u013ea:<\/b> 10:00 \u2013 17:30<\/p>\n<\/li>\n<\/ul>\n<figure id=\"attachment_30334\" aria-describedby=\"caption-attachment-30334\" style=\"width: 900px\" class=\"wp-caption aligncenter\"><a href=\"https:\/\/www.slovensky-kras.eu\/info\/wp-content\/uploads\/2025\/10\/mauzoleum-otvaracie.jpg\"><img loading=\"lazy\" decoding=\"async\" class=\"wp-image-30334\" src=\"https:\/\/www.slovensky-kras.eu\/info\/wp-content\/uploads\/2025\/10\/mauzoleum-otvaracie.jpg\" alt=\"Mauz\u00f3leum gr\u00f3fa Dion\u00fdza a Franti\u0161ky Andr\u00e1ssyovcov\" width=\"900\" height=\"1273\" srcset=\"https:\/\/www.slovensky-kras.eu\/info\/wp-content\/uploads\/2025\/10\/mauzoleum-otvaracie.jpg 1131w, https:\/\/www.slovensky-kras.eu\/info\/wp-content\/uploads\/2025\/10\/mauzoleum-otvaracie-424x600.jpg 424w, https:\/\/www.slovensky-kras.eu\/info\/wp-content\/uploads\/2025\/10\/mauzoleum-otvaracie-724x1024.jpg 724w, https:\/\/www.slovensky-kras.eu\/info\/wp-content\/uploads\/2025\/10\/mauzoleum-otvaracie-768x1086.jpg 768w, https:\/\/www.slovensky-kras.eu\/info\/wp-content\/uploads\/2025\/10\/mauzoleum-otvaracie-1086x1536.jpg 1086w\" sizes=\"auto, (max-width: 900px) 100vw, 900px\" \/><\/a><figcaption id=\"caption-attachment-30334\" class=\"wp-caption-text\">Mauz\u00f3leum gr\u00f3fa Dion\u00fdza a Franti\u0161ky Andr\u00e1ssyovcov<\/figcaption><\/figure>\n<h2 data-path-to-node=\"6\"><span style=\"color: #800000;\">Ak\u00e9 s\u00fa praktick\u00e9 inform\u00e1cie o n\u00e1v\u0161teve Mauz\u00f3lea gr\u00f3fa Dion\u00fdza a Franti\u0161ky Andr\u00e1ssyovcov?<\/span><\/h2>\n<p data-path-to-node=\"7\">Pl\u00e1nujete n\u00e1v\u0161tevu <b data-path-to-node=\"7\" data-index-in-node=\"19\">Mauz\u00f3lea gr\u00f3fa Dion\u00fdza a Franti\u0161ky Andr\u00e1ssyovcov v Kr\u00e1snohorskom Podhrad\u00ed<\/b>? Prin\u00e1\u0161ame v\u00e1m v\u0161etky d\u00f4le\u017eit\u00e9 a <b data-path-to-node=\"7\" data-index-in-node=\"126\">praktick\u00e9 inform\u00e1cie o vstupnom<\/b>, potrebn\u00fdch <b data-path-to-node=\"7\" data-index-in-node=\"170\">kontaktoch<\/b> a podmienkach n\u00e1v\u0161tevy tohto unik\u00e1tneho historick\u00e9ho objektu. N\u00e1v\u0161tevn\u00edci sem m\u00f4\u017eu zav\u00edta\u0165 po\u010das v\u00edkendov, konkr\u00e9tne v d\u0148och od <b data-path-to-node=\"7\" data-index-in-node=\"309\">piatka do nedele<\/b>, pri\u010dom prev\u00e1dzku tejto <b data-path-to-node=\"7\" data-index-in-node=\"350\">n\u00e1rodnej kult\u00farnej pamiatky<\/b> odborne zabezpe\u010duje <b data-path-to-node=\"7\" data-index-in-node=\"398\">Slovensk\u00e9 n\u00e1rodn\u00e9 m\u00fazeum \u2013 M\u00fazeum Betliar<\/b>.<\/p>\n<h2 data-path-to-node=\"9\"><span style=\"color: #800000;\">Kde presne le\u017e\u00ed Mauz\u00f3leum gr\u00f3fa Dion\u00fdza a Franti\u0161ky Andr\u00e1ssyovcov?<\/span><\/h2>\n<p data-path-to-node=\"10\">T\u00e1to fascinuj\u00faca stavba, <b data-path-to-node=\"10\" data-index-in-node=\"25\">Mauz\u00f3leum gr\u00f3fa Dion\u00fdza a Franti\u0161ky Andr\u00e1ssyovcov<\/b>, je situovan\u00e1 v trojuholn\u00edku obc\u00ed, v ktor\u00fdch gr\u00f3f Dion\u00fdz pre\u017eil svoje detstvo \u2013 v lokalit\u00e1ch <b data-path-to-node=\"10\" data-index-in-node=\"168\">Kr\u00e1snohorsk\u00e9 Podhradie<\/b>, <b data-path-to-node=\"10\" data-index-in-node=\"192\">Drnava<\/b> a <b data-path-to-node=\"10\" data-index-in-node=\"201\">Kr\u00e1snohorsk\u00e1 Dlh\u00e1 L\u00faka<\/b>. Poloha pamiatky pod\u010diarkuje jej siln\u00e9 v\u00e4zby na rodn\u00fd kraj tohto v\u00fdznamn\u00e9ho \u0161\u013eachtick\u00e9ho rodu.<\/p>\n<h2 data-path-to-node=\"12\"><span style=\"color: #800000;\">Viac ne\u017e len hist\u00f3ria: Pre\u010do je t\u00e1to n\u00e1v\u0161teva z\u00e1\u017eitkom na cel\u00fd \u017eivot?<\/span><\/h2>\n<p data-path-to-node=\"13\"><em>Vst\u00fapte do priestoru, kde sa biely mramor sn\u00fabi s dychber\u00facimi mozaikami a pr\u00edbehom, ktor\u00fd dojal cel\u00fa vtedaj\u0161iu Eur\u00f3pu. <b data-path-to-node=\"13\" data-index-in-node=\"120\">Mauz\u00f3leum gr\u00f3fa Dion\u00fdza a Franti\u0161ky Andr\u00e1ssyovcov<\/b> nie je len statickou budovou, ale emot\u00edvnym pam\u00e4tn\u00edkom, ktor\u00fd v\u010faka prec\u00edznemu spracovaniu patr\u00ed k svetov\u00fdm unik\u00e1tom <b data-path-to-node=\"13\" data-index-in-node=\"287\">secesie<\/b>. V tichom prostred\u00ed upraven\u00e9ho parku m\u00f4\u017eete obdivova\u0165 nielen architekt\u00faru, ale aj symboliku vernosti zosobnen\u00fa v ka\u017edom detaile interi\u00e9ru. Je to ide\u00e1lne miesto pre milovn\u00edkov umenia, rodiny s de\u0165mi aj individu\u00e1lnych cestovate\u013eov, ktor\u00ed h\u013eadaj\u00fa autentick\u00fa atmosf\u00e9ru historick\u00e9ho Gemera. N\u00e1v\u0161tevou tohto miesta z\u00edskate hlbok\u00fd vh\u013ead do kult\u00farneho dedi\u010dstva rodu <b data-path-to-node=\"13\" data-index-in-node=\"654\">Andr\u00e1ssyovcov<\/b>, ktor\u00fd formoval dejiny n\u00e1\u0161ho regi\u00f3nu.<\/em><\/p>\n<h2><span style=\"color: #800000;\">&#x1f4cd; Lokalita a kontaktn\u00e9 \u00fadaje<\/span><\/h2>\n<p class=\"ds-markdown-paragraph\"><strong>Adresa:<\/strong>\u00a0Kr\u00e1snohorsk\u00e9 Podhradie<\/p>\n<h3 class=\"ds-markdown-paragraph\"><span style=\"color: #808000;\"><strong>Kontakt:<\/strong><\/span><\/h3>\n<ul>\n<li>\n<p class=\"ds-markdown-paragraph\">Telef\u00f3n: +421 58 798 31 18<\/p>\n<\/li>\n<li>\n<p class=\"ds-markdown-paragraph\">Poklad\u0148a: +421 58 732 20 34<\/p>\n<\/li>\n<li>\n<p class=\"ds-markdown-paragraph\">Lektor: +421 918 728 401<\/p>\n<\/li>\n<li>\n<p class=\"ds-markdown-paragraph\">E-mail:\u00a0<a href=\"mailto:betliar@snm.sk\" target=\"_blank\" rel=\"noopener\">betliar@snm.sk<\/a><\/p>\n<\/li>\n<\/ul>\n<h3><span style=\"color: #808000;\">Podrobn\u00e9 inform\u00e1cie<\/span><\/h3>\n<p><strong>Viac inform\u00e1ci\u00ed a kontakt:<\/strong> <a href=\"https:\/\/www.slovensky-kras.eu\/info\/muzea-kutlura-a-umenie\/mauzoleum-grofa-dionyza-a-frantisky-andrassyovcov\/\">Mauz\u00f3leum gr\u00f3fa Dion\u00fdza a Franti\u0161ky Andr\u00e1\u0161iovcov (Andr\u00e1ssyovcov) (\u010d\u00edtaj viac&#8230;)<\/a><\/p>\n<hr \/>\n<p>&nbsp;<\/p>\n<p><a href=\"https:\/\/www.slovensky-kras.eu\/info\/wp-content\/uploads\/2021\/12\/mauzoleum2.jpg\"><img loading=\"lazy\" decoding=\"async\" class=\"aligncenter wp-image-21821\" src=\"https:\/\/www.slovensky-kras.eu\/info\/wp-content\/uploads\/2021\/12\/mauzoleum2.jpg\" alt=\"\" width=\"900\" height=\"600\" srcset=\"https:\/\/www.slovensky-kras.eu\/info\/wp-content\/uploads\/2021\/12\/mauzoleum2.jpg 800w, https:\/\/www.slovensky-kras.eu\/info\/wp-content\/uploads\/2021\/12\/mauzoleum2-768x512.jpg 768w\" sizes=\"auto, (max-width: 900px) 100vw, 900px\" \/><\/a><\/p>\n","protected":false},"excerpt":{"rendered":"<p>Objavte Mauz\u00f3leum gr\u00f3fa Dion\u00fdza a Franti\u0161ky Andr\u00e1ssyovcov: Secesn\u00fd klenot a symbol ve\u010dnej l\u00e1sky H\u013ead\u00e1te miesto, kde sa hist\u00f3ria stret\u00e1va s nesmrte\u013en\u00fdm citom a dokonalou architekt\u00farou? Mauz\u00f3leum gr\u00f3fa Dion\u00fdza a Franti\u0161ky [&hellip;]<\/p>\n","protected":false},"author":1,"featured_media":30334,"comment_status":"closed","ping_status":"closed","sticky":false,"template":"","format":"standard","meta":{"_uag_custom_page_level_css":"","footnotes":""},"categories":[1,312,281],"tags":[],"class_list":["post-21148","post","type-post","status-publish","format-standard","has-post-thumbnail","hentry","category-aktuality","category-muzea-a-galerie","category-otvaracie-hodiny"],"featured_image_src":"https:\/\/www.slovensky-kras.eu\/info\/wp-content\/uploads\/2025\/10\/mauzoleum-otvaracie.jpg","featured_image_src_square":"https:\/\/www.slovensky-kras.eu\/info\/wp-content\/uploads\/2025\/10\/mauzoleum-otvaracie.jpg","author_info":{"display_name":"admin","author_link":"https:\/\/www.slovensky-kras.eu\/info\/author\/admin\/"},"rbea_author_info":{"display_name":"admin","author_link":"https:\/\/www.slovensky-kras.eu\/info\/author\/admin\/"},"rbea_excerpt_info":"Objavte Mauz\u00f3leum gr\u00f3fa Dion\u00fdza a Franti\u0161ky Andr\u00e1ssyovcov: Secesn\u00fd klenot a symbol ve\u010dnej l\u00e1sky H\u013ead\u00e1te miesto, kde sa hist\u00f3ria stret\u00e1va s nesmrte\u013en\u00fdm citom a dokonalou architekt\u00farou? Mauz\u00f3leum gr\u00f3fa Dion\u00fdza a Franti\u0161ky [&hellip;]","category_list":"<a href=\"https:\/\/www.slovensky-kras.eu\/info\/domov\/aktuality\/\" rel=\"category tag\">Aktuality<\/a>, <a href=\"https:\/\/www.slovensky-kras.eu\/info\/domov\/aktuality\/muzea-a-galerie\/\" rel=\"category tag\">M\u00faze\u00e1 a gal\u00e9rie<\/a>, <a href=\"https:\/\/www.slovensky-kras.eu\/info\/domov\/aktuality\/otvaracie-hodiny\/\" rel=\"category tag\">Otv\u00e1racie hodiny<\/a>","comments_num":"0 comments","uagb_featured_image_src":{"full":["https:\/\/www.slovensky-kras.eu\/info\/wp-content\/uploads\/2025\/10\/mauzoleum-otvaracie.jpg",1131,1600,false],"thumbnail":["https:\/\/www.slovensky-kras.eu\/info\/wp-content\/uploads\/2025\/10\/mauzoleum-otvaracie-150x150.jpg",150,150,true],"medium":["https:\/\/www.slovensky-kras.eu\/info\/wp-content\/uploads\/2025\/10\/mauzoleum-otvaracie-424x600.jpg",424,600,true],"medium_large":["https:\/\/www.slovensky-kras.eu\/info\/wp-content\/uploads\/2025\/10\/mauzoleum-otvaracie-768x1086.jpg",768,1086,true],"large":["https:\/\/www.slovensky-kras.eu\/info\/wp-content\/uploads\/2025\/10\/mauzoleum-otvaracie-724x1024.jpg",724,1024,true],"1536x1536":["https:\/\/www.slovensky-kras.eu\/info\/wp-content\/uploads\/2025\/10\/mauzoleum-otvaracie-1086x1536.jpg",1086,1536,true],"2048x2048":["https:\/\/www.slovensky-kras.eu\/info\/wp-content\/uploads\/2025\/10\/mauzoleum-otvaracie.jpg",1131,1600,false]},"uagb_author_info":{"display_name":"admin","author_link":"https:\/\/www.slovensky-kras.eu\/info\/author\/admin\/"},"uagb_comment_info":0,"uagb_excerpt":"Objavte Mauz\u00f3leum gr\u00f3fa Dion\u00fdza a Franti\u0161ky Andr\u00e1ssyovcov: Secesn\u00fd klenot a symbol ve\u010dnej l\u00e1sky H\u013ead\u00e1te miesto, kde sa hist\u00f3ria stret\u00e1va s nesmrte\u013en\u00fdm citom a dokonalou architekt\u00farou? Mauz\u00f3leum gr\u00f3fa Dion\u00fdza a Franti\u0161ky [&hellip;]","_links":{"self":[{"href":"https:\/\/www.slovensky-kras.eu\/info\/wp-json\/wp\/v2\/posts\/21148","targetHints":{"allow":["GET"]}}],"collection":[{"href":"https:\/\/www.slovensky-kras.eu\/info\/wp-json\/wp\/v2\/posts"}],"about":[{"href":"https:\/\/www.slovensky-kras.eu\/info\/wp-json\/wp\/v2\/types\/post"}],"author":[{"embeddable":true,"href":"https:\/\/www.slovensky-kras.eu\/info\/wp-json\/wp\/v2\/users\/1"}],"replies":[{"embeddable":true,"href":"https:\/\/www.slovensky-kras.eu\/info\/wp-json\/wp\/v2\/comments?post=21148"}],"version-history":[{"count":35,"href":"https:\/\/www.slovensky-kras.eu\/info\/wp-json\/wp\/v2\/posts\/21148\/revisions"}],"predecessor-version":[{"id":30335,"href":"https:\/\/www.slovensky-kras.eu\/info\/wp-json\/wp\/v2\/posts\/21148\/revisions\/30335"}],"wp:featuredmedia":[{"embeddable":true,"href":"https:\/\/www.slovensky-kras.eu\/info\/wp-json\/wp\/v2\/media\/30334"}],"wp:attachment":[{"href":"https:\/\/www.slovensky-kras.eu\/info\/wp-json\/wp\/v2\/media?parent=21148"}],"wp:term":[{"taxonomy":"category","embeddable":true,"href":"https:\/\/www.slovensky-kras.eu\/info\/wp-json\/wp\/v2\/categories?post=21148"},{"taxonomy":"post_tag","embeddable":true,"href":"https:\/\/www.slovensky-kras.eu\/info\/wp-json\/wp\/v2\/tags?post=21148"}],"curies":[{"name":"wp","href":"https:\/\/api.w.org\/{rel}","templated":true}]}}