{"id":19625,"date":"2021-01-04T07:59:50","date_gmt":"2021-01-04T06:59:50","guid":{"rendered":"http:\/\/www.slovensky-kras.eu\/info\/?p=19625"},"modified":"2021-01-04T08:01:08","modified_gmt":"2021-01-04T07:01:08","slug":"hajske-hrnciarstvo-a-nieco-o-babovkach-formach","status":"publish","type":"post","link":"https:\/\/www.slovensky-kras.eu\/info\/hajske-hrnciarstvo-a-nieco-o-babovkach-formach\/","title":{"rendered":"H\u00e1jske hrn\u010diarstvo a nie\u010do o b\u00e1bovk\u00e1ch, form\u00e1ch&#8230;"},"content":{"rendered":"<p>Kedysi, pri prekro\u010den\u00ed prahu babkinho bytu, okrem starej monarchie v \u0148om intenz\u00edvne zav\u00e1\u0148ala pocukrovan\u00e1 mas\u00edvna n\u00e1dhera, tr\u00f3niaca na vysokom kry\u0161t\u00e1\u013eovom podnose, ktorej sa v ko\u0161ick\u00fdch me\u0161tianskych kruhoch hovorilo v\u00fdlu\u010dne kugl\u00f3f.<\/p>\n<p><a href=\"http:\/\/www.slovensky-kras.eu\/info\/wp-content\/uploads\/2021\/01\/babovka-haj.jpg\"><img loading=\"lazy\" decoding=\"async\" class=\"aligncenter wp-image-19626 size-medium\" src=\"http:\/\/www.slovensky-kras.eu\/info\/wp-content\/uploads\/2021\/01\/babovka-haj-800x533.jpg\" alt=\"\" width=\"800\" height=\"533\" srcset=\"https:\/\/www.slovensky-kras.eu\/info\/wp-content\/uploads\/2021\/01\/babovka-haj-800x533.jpg 800w, https:\/\/www.slovensky-kras.eu\/info\/wp-content\/uploads\/2021\/01\/babovka-haj-768x512.jpg 768w, https:\/\/www.slovensky-kras.eu\/info\/wp-content\/uploads\/2021\/01\/babovka-haj.jpg 900w\" sizes=\"auto, (max-width: 800px) 100vw, 800px\" \/><\/a><\/p>\n<p> Pekelne dlho trvalo, k\u00fdm bol kone\u010dne tento z\u00e1zrak ods\u00faden\u00fd na zneuctenie no\u017eom a mohlo sa odhali\u0165 jeho dovtedy netu\u0161en\u00e9 dvojfarebn\u00e9 vn\u00fatro. Meden\u00e1 forma, v ktorej sa piekol, bola \u00fazkostlivo udr\u017eiavan\u00e1 vo v\u00fdbornej lesklej kond\u00edcii, a v \u010dasoch mimo prev\u00e1dzky tvorila jednu z hlavn\u00fdch ozd\u00f4b steny kuchyne a hlavn\u00fd stan pav\u00fakov. T\u00e1 druh\u00e1, keramick\u00e1 popolu\u0161ka, sa tiesnila spolu s hrncami v \u00fatrob\u00e1ch kuchynskej skrine. Umrela nesl\u00e1vne na pieskovisku.<br \/>\nVyrobi\u0165 pekn\u00fa formu je ako upiec\u0165 kr\u00e1sny kol\u00e1\u010d, dobrodru\u017estvo z podobn\u00e9ho s\u00fadka. Tento u\u0161lachtil\u00fd dezert na sklonku stredoveku nosil meno Gugelhupf a piekli ho rak\u00faskym mladoman\u017eelom bohato zdoben\u00fd kvetmi, l\u00edsto\u010dkami, ovoc\u00edm a svie\u010dkami. Sl\u00e1va Gugelkuchenu sa v \u010dasoch Biedermeieru roz\u0161\u00edrila do alsask\u00fdch a rak\u00faskych me\u0161tianskych sal\u00f3nov, cukr\u00e1ri cesto pripravovali v\u00fdlu\u010dne dro\u017ed\u00edm.<br \/>\nPredt\u00fdm, ne\u017e prezrad\u00edm zaru\u010dene p\u00f4vodn\u00fd, prastar\u00fd recept na kugl\u00f3f z cennej babkinej pozostalosti, V\u00e1m poviem nie\u010do o tom, ako vyzer\u00e1 dobr\u00e1 forma na b\u00e1bovku.<br \/>\n1. Je keramick\u00e1, glazovan\u00e1, pr\u00edpustn\u00e9 s\u00fa tradi\u010dne zdoben\u00e9 varianty s kuka\u010dkou a hlinkou na vonkaj\u0161\u00edch ploch\u00e1ch rebrovania.<br \/>\n2. Je s\u00famern\u00e1, m\u00f4\u017ee by\u0165 vysok\u00e1, \u0161t\u00edhla, alebo viac rozlo\u017eit\u00e1, je ozdobou kuchyne, d\u00e1 sa zavesi\u0165.<br \/>\n3. V strede formy je kom\u00edn, ak je uzavret\u00fd, nemus\u00ed siaha\u0165 k horn\u00e9mu okraju, ak je otvoren\u00fd, mus\u00ed presahova\u0165 okraj, aby sa cesto nedostalo dovn\u00fatra. Kom\u00edn zaru\u010d\u00ed lep\u0161ie prepe\u010denie v\u00e4\u010d\u0161ieho mnostva cesta.<br \/>\n4. Po celej v\u00fd\u0161ke sa mierne roztv\u00e1ra, aby sa cesto \u013eahko dostalo von.<br \/>\n5. Rebrovanie \u2013 \u0161ikm\u00e9, zvysl\u00e9, siahaj\u00face po dno, alebo nad dno, hore po okraj (vlnit\u00fd okraj), alebo po lem pod okrajom.<br \/>\n6. Nie je zo silik\u00f3nu (!), tak\u00e9to praktiky s\u00fa barbarsk\u00e9.<br \/>\n7. Nu\u017e dobre, m\u00f4\u017ee by\u0165 aj z plechu.<\/p>\n<p>&#8230;.A teraz ten recept s podrobn\u00fdm popisom pr\u00e1ce. Pr\u00edprava zaberie jedno cel\u00e9 da\u017ediv\u00e9 dopoludnie.<br \/>\n20 g dro\u017edia rozpust\u00edme s trochou cukru a nech\u00e1me vykysn\u00fa\u0165 v poldeci tepl\u00e9ho mlieka.<br \/>\nDo penista vymie\u0161ame 90g m\u00e4kk\u00e9ho masla s 80g hned\u00fdm cukrom, prid\u00e1me vanilkov\u00fd cukor, 3 \u017eltky, 0,5 kg m\u00faky, 3dcl tepl\u00e9ho mlieka, 40g hrozienok vytiahnut\u00fdch pr\u00e1ve z rumu (rum vypijeme), k\u00f4ru z jedn\u00e9ho citr\u00f3na, \u0161tipku soli, ly\u017eicu citr\u00f3novej \u0161\u0165avy a pravda\u017ee vykysnut\u00fd kv\u00e1sok.<br \/>\nCesto mie\u0161ame varechou v (keramickej) mise pol hodiny, prikryjeme ho a nech\u00e1me hodinu na teplom mieste kysn\u00fa\u0165. Potom ho pom\u00fa\u010den\u00fdmi rukami premie\u0161ame a op\u00e4\u0165 nech\u00e1me hodinu kysn\u00fa\u0165. Znovu ho premie\u0161ame, dosku riadne vysypeme m\u00fakou, cesto opatrne prelo\u017e\u00edme a vyva\u013ek\u00e1me do \u0161tvorca (30x30cm), sto\u010d\u00edme a vyformujeme do venca. Formu bohato vymast\u00edme maslom, vlo\u017e\u00edme veniec a nech\u00e1me 40 min\u00fat kysn\u00fa\u0165.<br \/>\nMramorovan\u00fd kugl\u00f3f rob\u00edme tak, \u017ee cesto po prvom kysnut\u00ed rozdel\u00edme na dve polovice, do jednej zapracujeme 1 ly\u017eicu kakaa s 1dcl tepl\u00e9ho mlieka a nech\u00e1me zvl\u00e1\u0161\u0165 vykysn\u00fa\u0165. Potom obidve cest\u00e1 vyva\u013ek\u00e1me, polo\u017e\u00edme na seba (kakaov\u00e9 navrch) a sto\u010d\u00edme.<br \/>\nCesto vklad\u00e1me do vyhriatej, hor\u00facej r\u00fary, aby sa vytiahlo. Po 5 min. zmiernime teplotu a dopek\u00e1me 1 h do svetlohneda. Upe\u010den\u00fa b\u00e1bovku ihne\u010f vyklop\u00edme z formy, pokia\u013e to ide \u0165a\u017eko, formu chv\u00ed\u013eu podr\u017e\u00edme nad parou (nad hrncom s hor\u00facou vodou). Z horeuveden\u00fdch ingredienci\u00ed z\u00edskame pribl\u00ed\u017ene 1 kg b\u00e1bovky.<\/p>\n<p><strong>Viac foto:<\/strong> <a href=\"https:\/\/photos.app.goo.gl\/V4HKXK8RuC5L8yXe7\" target=\"_blank\" rel=\"noopener\">https:\/\/photos.app.goo.gl\/V4HKXK8RuC5L8yXe7<\/a><\/p>\n<h3><span style=\"color: #808000;\">V\u0161eobecn\u00e9 inform\u00e1cie<\/span><\/h3>\n<p>H\u00e1jske hrn\u010diarstvo sa nach\u00e1dza v obci <a href=\"http:\/\/www.slovensky-kras.eu\/info\/strediska-a-centra\/obec-haj\/\">H\u00e1j<\/a> v zadnej \u010dasti domu \u010d. 88.<\/p>\n<figure id=\"attachment_18479\" aria-describedby=\"caption-attachment-18479\" style=\"width: 800px\" class=\"wp-caption aligncenter\"><a href=\"http:\/\/www.slovensky-kras.eu\/info\/wp-content\/uploads\/2020\/12\/hajske-hrnciarstvo.jpg\"><img loading=\"lazy\" decoding=\"async\" class=\"wp-image-18479 size-medium\" src=\"http:\/\/www.slovensky-kras.eu\/info\/wp-content\/uploads\/2020\/12\/hajske-hrnciarstvo-800x533.jpg\" alt=\"\" width=\"800\" height=\"533\" srcset=\"https:\/\/www.slovensky-kras.eu\/info\/wp-content\/uploads\/2020\/12\/hajske-hrnciarstvo-800x533.jpg 800w, https:\/\/www.slovensky-kras.eu\/info\/wp-content\/uploads\/2020\/12\/hajske-hrnciarstvo-768x512.jpg 768w, https:\/\/www.slovensky-kras.eu\/info\/wp-content\/uploads\/2020\/12\/hajske-hrnciarstvo.jpg 960w\" sizes=\"auto, (max-width: 800px) 100vw, 800px\" \/><\/a><figcaption id=\"caption-attachment-18479\" class=\"wp-caption-text\">H\u00e1jske hrn\u010diarstvo &#8211; Am\u00e1lia Hol\u00edkov\u00e1<\/figcaption><\/figure>\n<p>Obec H\u00e1j s 350 obyvate\u013emi sa nach\u00e1dza na za\u010diatku malebnej <a href=\"http:\/\/www.slovensky-kras.eu\/info\/kam-do-prirody\/hajska-dolina\/\">H\u00e1jskej doliny<\/a>, vo v\u00fdchodnej \u010dasti Slovensk\u00e9ho krasu, medzi <a href=\"http:\/\/www.slovensky-kras.eu\/info\/kam-do-prirody\/zadielska-planina\/\">Z\u00e1dielskou planinou<\/a>\u00a0 a <a href=\"http:\/\/www.slovensky-kras.eu\/info\/kam-do-prirody\/jasovska-planina\/\">Jasovskou planinou<\/a>.<\/p>\n<p>Majite\u013ekou H\u00e1jskeho hrn\u010diarstva je pani Am\u00e1lia Hol\u00edkov\u00e1, ktor\u00e1 sa venuje u\u017e viac ako 10 rokov v\u00fdrobe ru\u010dne to\u010denej alebo modelovanej \u00fa\u017eitkovej keramiky na hrn\u010diarskom kruhu.<\/p>\n<figure id=\"attachment_18481\" aria-describedby=\"caption-attachment-18481\" style=\"width: 800px\" class=\"wp-caption aligncenter\"><a href=\"http:\/\/www.slovensky-kras.eu\/info\/wp-content\/uploads\/2020\/12\/hajske-hrnciarstvo3.jpg\"><img loading=\"lazy\" decoding=\"async\" class=\"wp-image-18481 size-medium\" src=\"http:\/\/www.slovensky-kras.eu\/info\/wp-content\/uploads\/2020\/12\/hajske-hrnciarstvo3-800x600.jpg\" alt=\"\" width=\"800\" height=\"600\" srcset=\"https:\/\/www.slovensky-kras.eu\/info\/wp-content\/uploads\/2020\/12\/hajske-hrnciarstvo3-800x600.jpg 800w, https:\/\/www.slovensky-kras.eu\/info\/wp-content\/uploads\/2020\/12\/hajske-hrnciarstvo3-768x576.jpg 768w, https:\/\/www.slovensky-kras.eu\/info\/wp-content\/uploads\/2020\/12\/hajske-hrnciarstvo3.jpg 960w\" sizes=\"auto, (max-width: 800px) 100vw, 800px\" \/><\/a><figcaption id=\"caption-attachment-18481\" class=\"wp-caption-text\">H\u00e1jske hrn\u010diarstvo &#8211; Am\u00e1lia Hol\u00edkov\u00e1<\/figcaption><\/figure>\n<p>Na pozemku H\u00e1jskeho hrn\u010diarstva pribudla v lete 2014 postaven\u00e1 &#8222;keltsk\u00e1 pec&#8220; na vypa\u013eovanie drevom, a na jar v roku 2015 aj vysoko\u017eiarov\u00e1 pec tie\u017e na v\u00fdpal keramiky drevom.<\/p>\n<p>H\u00e1jske hrn\u010diarstvo je zameran\u00e1 na v\u00fdrobu preva\u017ene \u00fa\u017eitkovej keramiky, ktor\u00e1 je to\u010den\u00e1 na hrn\u010diarskom kruhu, glazovan\u00e1 a dvakr\u00e1t p\u00e1len\u00e1 v elektrickej peci.<\/p>\n<figure id=\"attachment_18480\" aria-describedby=\"caption-attachment-18480\" style=\"width: 800px\" class=\"wp-caption aligncenter\"><a href=\"http:\/\/www.slovensky-kras.eu\/info\/wp-content\/uploads\/2020\/12\/hajske-hrnciarstvo2.jpg\"><img loading=\"lazy\" decoding=\"async\" class=\"wp-image-18480 size-medium\" src=\"http:\/\/www.slovensky-kras.eu\/info\/wp-content\/uploads\/2020\/12\/hajske-hrnciarstvo2-800x451.jpg\" alt=\"\" width=\"800\" height=\"451\" srcset=\"https:\/\/www.slovensky-kras.eu\/info\/wp-content\/uploads\/2020\/12\/hajske-hrnciarstvo2-800x451.jpg 800w, https:\/\/www.slovensky-kras.eu\/info\/wp-content\/uploads\/2020\/12\/hajske-hrnciarstvo2-768x433.jpg 768w, https:\/\/www.slovensky-kras.eu\/info\/wp-content\/uploads\/2020\/12\/hajske-hrnciarstvo2.jpg 960w\" sizes=\"auto, (max-width: 800px) 100vw, 800px\" \/><\/a><figcaption id=\"caption-attachment-18480\" class=\"wp-caption-text\">H\u00e1jske hrn\u010diarstvo &#8211; Am\u00e1lia Hol\u00edkov\u00e1<\/figcaption><\/figure>\n<p>Pou\u017e\u00edvaju tu viac druhov hl\u00edn, medzi nimi aj vlastnoru\u010dne nakopan\u00e9, preto aj v\u00fd\u0161ka teploty v\u00fdpalu je r\u00f4zna, od 1100 do 1250 stup\u0148ov.<\/p>\n<p>Mot\u00edvy a tvary pou\u017e\u00edva pani Am\u00e1lia Hol\u00edkov\u00e1 vlastn\u00e9.<\/p>\n<figure id=\"attachment_18482\" aria-describedby=\"caption-attachment-18482\" style=\"width: 800px\" class=\"wp-caption aligncenter\"><a href=\"http:\/\/www.slovensky-kras.eu\/info\/wp-content\/uploads\/2020\/12\/hajske-hrnciarstvo4.jpg\"><img loading=\"lazy\" decoding=\"async\" class=\"wp-image-18482 size-medium\" src=\"http:\/\/www.slovensky-kras.eu\/info\/wp-content\/uploads\/2020\/12\/hajske-hrnciarstvo4-800x451.jpg\" alt=\"\" width=\"800\" height=\"451\" srcset=\"https:\/\/www.slovensky-kras.eu\/info\/wp-content\/uploads\/2020\/12\/hajske-hrnciarstvo4-800x451.jpg 800w, https:\/\/www.slovensky-kras.eu\/info\/wp-content\/uploads\/2020\/12\/hajske-hrnciarstvo4-1024x577.jpg 1024w, https:\/\/www.slovensky-kras.eu\/info\/wp-content\/uploads\/2020\/12\/hajske-hrnciarstvo4-768x433.jpg 768w, https:\/\/www.slovensky-kras.eu\/info\/wp-content\/uploads\/2020\/12\/hajske-hrnciarstvo4-1200x676.jpg 1200w, https:\/\/www.slovensky-kras.eu\/info\/wp-content\/uploads\/2020\/12\/hajske-hrnciarstvo4.jpg 1440w\" sizes=\"auto, (max-width: 800px) 100vw, 800px\" \/><\/a><figcaption id=\"caption-attachment-18482\" class=\"wp-caption-text\">H\u00e1jske hrn\u010diarstvo &#8211; Am\u00e1lia Hol\u00edkov\u00e1<\/figcaption><\/figure>\n<p>Venuje sa aj tvorbe repl\u00edk pravekej keramiky, ktor\u00e9 p\u00e1li v &#8222;keltskej hrn\u010diarskej peci&#8220;.<\/p>\n<p>Vyrobia tu pre V\u00e1s keramiku aj na objedn\u00e1vku, pod\u013ea predstavy z\u00e1kazn\u00edka, napr. s logom, n\u00e1pisom, at\u010f.<\/p>\n<p>H\u00e1jske hrn\u010diarstvo to je tradi\u010dn\u00e1 v\u00fdroba \u00fa\u017eitkovej keramiky, k\u00f3pie historick\u00fdch n\u00e1dob, tvoriv\u00e9 dielne pre verejnos\u0165 a lektorsk\u00e1 \u010dinnos\u0165.<\/p>\n<figure id=\"attachment_7673\" aria-describedby=\"caption-attachment-7673\" style=\"width: 800px\" class=\"wp-caption aligncenter\"><a href=\"http:\/\/www.slovensky-kras.eu\/info\/wp-content\/uploads\/2016\/01\/misky-sliepky.jpg\"><img loading=\"lazy\" decoding=\"async\" class=\"wp-image-7673 size-medium\" src=\"http:\/\/www.slovensky-kras.eu\/info\/wp-content\/uploads\/2016\/01\/misky-sliepky-800x600.jpg\" alt=\"\" width=\"800\" height=\"600\" srcset=\"https:\/\/www.slovensky-kras.eu\/info\/wp-content\/uploads\/2016\/01\/misky-sliepky-800x600.jpg 800w, https:\/\/www.slovensky-kras.eu\/info\/wp-content\/uploads\/2016\/01\/misky-sliepky-768x576.jpg 768w, https:\/\/www.slovensky-kras.eu\/info\/wp-content\/uploads\/2016\/01\/misky-sliepky.jpg 900w\" sizes=\"auto, (max-width: 800px) 100vw, 800px\" \/><\/a><figcaption id=\"caption-attachment-7673\" class=\"wp-caption-text\">H\u00e1jske hrn\u010diarstvo &#8211; Am\u00e1lia Hol\u00edkov\u00e1<\/figcaption><\/figure>\n<p><strong>Ak\u00fako\u013evek n\u00e1v\u0161tevu je nutn\u00e9 dohodn\u00fa\u0165 si vopred telefonicky alebo mailom !!!<\/strong><\/p>\n<figure id=\"attachment_7675\" aria-describedby=\"caption-attachment-7675\" style=\"width: 200px\" class=\"wp-caption alignright\"><a href=\"http:\/\/www.slovensky-kras.eu\/info\/wp-content\/uploads\/2016\/01\/keltsk\u00e1-pec-2014-014.jpg\"><img loading=\"lazy\" decoding=\"async\" class=\"wp-image-7675\" src=\"http:\/\/www.slovensky-kras.eu\/info\/wp-content\/uploads\/2016\/01\/keltsk\u00e1-pec-2014-014.jpg\" alt=\"keltsk\u00e1 pec 2014 014\" width=\"200\" height=\"267\" srcset=\"https:\/\/www.slovensky-kras.eu\/info\/wp-content\/uploads\/2016\/01\/keltsk\u00e1-pec-2014-014.jpg 960w, https:\/\/www.slovensky-kras.eu\/info\/wp-content\/uploads\/2016\/01\/keltsk\u00e1-pec-2014-014-450x600.jpg 450w, https:\/\/www.slovensky-kras.eu\/info\/wp-content\/uploads\/2016\/01\/keltsk\u00e1-pec-2014-014-768x1024.jpg 768w\" sizes=\"auto, (max-width: 200px) 100vw, 200px\" \/><\/a><figcaption id=\"caption-attachment-7675\" class=\"wp-caption-text\">Hotov\u00e1 pec zamazan\u00e1 hlinkou<\/figcaption><\/figure>\n<h3><span style=\"color: #808000;\">Kontakt<\/span><\/h3>\n<p><strong>H\u00e1jske hrn\u010diarstvo &#8211; Am\u00e1lia Hol\u00edkov\u00e1<\/strong><br \/>\nH\u00e1j \u010d. 88,<br \/>\n<strong>tel.:<\/strong> 0904 549 796,<br \/>\n<strong>Web: <\/strong><a href=\"http:\/\/www.hrnciarstvo.webnode.sk\" target=\"_blank\" rel=\"noopener noreferrer\">www.hrnciarstvo.webnode.sk<\/a><br \/>\n<strong>E-mail:<\/strong> <a href=\"mailto:hrnciarstvo@gmail.com\" target=\"_blank\" rel=\"noopener noreferrer\">hrnciarstvo@gmail.com<\/a><\/p>\n<h3><span style=\"color: #808000;\">Bl\u00edzke stredisko, turistick\u00e9 centrum, obec alebo mesto<\/span><\/h3>\n<ul>\n<li><a href=\"http:\/\/www.slovensky-kras.eu\/info\/strediska-a-centra\/obec-haj\/\">Obec H\u00e1j (\u010d\u00edtaj viac&#8230;)<\/a><\/li>\n<\/ul>\n<h3><span style=\"color: #808000;\">Mapy<br \/>\n<\/span><\/h3>\n<p><strong>Vrstvy: <\/strong>Turistick\u00e1 mapa, Automapa, Cyklomapa, Ly\u017eiarska mapa, Satelitn\u00e1 mapa a OpenStreetMap.<br \/>\n<strong>Kliknut\u00edm na logo &#8222;Freemap.sk&#8220; sa V\u00e1m mapa zobraz\u00ed na celej ploche obrazovky.<\/strong><\/p>\n<p><iframe style=\"width: 800px; height: 600px; border: 0;\" src=\"https:\/\/www.freemap.sk\/?map=14\/48.628058\/20.854497&amp;info-point=48.628058\/20.854497,Obec H\u00e1j&amp;layers=T&amp;embed=search\" allowfullscreen=\"allowfullscreen\"><\/iframe><\/p>\n<h3><span style=\"color: #808000;\">Po\u010dasie<\/span><\/h3>\n<p><iframe style=\"width: 800px; height: 600px;\" src=\"https:\/\/www.meteoblue.com\/sk\/po%C4%8Dasie\/widget\/three\/h%c3%a1j_slovensk%c3%a1-republika_724755?geoloc=fixed&amp;nocurrent=0&amp;noforecast=0&amp;days=6&amp;tempunit=CELSIUS&amp;windunit=KILOMETER_PER_HOUR&amp;layout=image\" frameborder=\"0\" scrolling=\"NO\" sandbox=\"allow-same-origin allow-scripts allow-popups allow-popups-to-escape-sandbox\"><span data-mce-type=\"bookmark\" style=\"display: inline-block; width: 0px; overflow: hidden; line-height: 0;\" class=\"mce_SELRES_start\">\ufeff<\/span><span data-mce-type=\"bookmark\" style=\"display: inline-block; width: 0px; overflow: hidden; line-height: 0;\" class=\"mce_SELRES_start\">\ufeff<\/span><\/iframe><\/p>\n<div><!-- DO NOT REMOVE THIS LINK --><a href=\"https:\/\/www.meteoblue.com\/sk\/po%C4%8Dasie\/predpove%C4%8F\/t%C3%BD%C5%BEde%C5%88\/h%c3%a1j_slovensk%c3%a1-republika_724755?utm_source=weather_widget&amp;utm_medium=linkus&amp;utm_content=three&amp;utm_campaign=Weather%2BWidget\" target=\"_blank\" rel=\"noopener noreferrer\">meteoblue<\/a><\/div>\n","protected":false},"excerpt":{"rendered":"<p>Kedysi, pri prekro\u010den\u00ed prahu babkinho bytu, okrem starej monarchie v \u0148om intenz\u00edvne zav\u00e1\u0148ala pocukrovan\u00e1 mas\u00edvna n\u00e1dhera, tr\u00f3niaca na vysokom kry\u0161t\u00e1\u013eovom podnose, ktorej sa v ko\u0161ick\u00fdch me\u0161tianskych kruhoch hovorilo v\u00fdlu\u010dne kugl\u00f3f. [&hellip;]<\/p>\n","protected":false},"author":1,"featured_media":19626,"comment_status":"closed","ping_status":"closed","sticky":false,"template":"","format":"standard","meta":{"_uag_custom_page_level_css":"","footnotes":""},"categories":[1],"tags":[],"class_list":["post-19625","post","type-post","status-publish","format-standard","has-post-thumbnail","hentry","category-aktuality"],"featured_image_src":"https:\/\/www.slovensky-kras.eu\/info\/wp-content\/uploads\/2021\/01\/babovka-haj.jpg","featured_image_src_square":"https:\/\/www.slovensky-kras.eu\/info\/wp-content\/uploads\/2021\/01\/babovka-haj.jpg","author_info":{"display_name":"admin","author_link":"https:\/\/www.slovensky-kras.eu\/info\/author\/admin\/"},"rbea_author_info":{"display_name":"admin","author_link":"https:\/\/www.slovensky-kras.eu\/info\/author\/admin\/"},"rbea_excerpt_info":"Kedysi, pri prekro\u010den\u00ed prahu babkinho bytu, okrem starej monarchie v \u0148om intenz\u00edvne zav\u00e1\u0148ala pocukrovan\u00e1 mas\u00edvna n\u00e1dhera, tr\u00f3niaca na vysokom kry\u0161t\u00e1\u013eovom podnose, ktorej sa v ko\u0161ick\u00fdch me\u0161tianskych kruhoch hovorilo v\u00fdlu\u010dne kugl\u00f3f. [&hellip;]","category_list":"<a href=\"https:\/\/www.slovensky-kras.eu\/info\/domov\/aktuality\/\" rel=\"category tag\">Aktuality<\/a>","comments_num":"0 comments","uagb_featured_image_src":{"full":["https:\/\/www.slovensky-kras.eu\/info\/wp-content\/uploads\/2021\/01\/babovka-haj.jpg",900,600,false],"thumbnail":["https:\/\/www.slovensky-kras.eu\/info\/wp-content\/uploads\/2021\/01\/babovka-haj-150x150.jpg",150,150,true],"medium":["https:\/\/www.slovensky-kras.eu\/info\/wp-content\/uploads\/2021\/01\/babovka-haj-800x533.jpg",800,533,true],"medium_large":["https:\/\/www.slovensky-kras.eu\/info\/wp-content\/uploads\/2021\/01\/babovka-haj-768x512.jpg",768,512,true],"large":["https:\/\/www.slovensky-kras.eu\/info\/wp-content\/uploads\/2021\/01\/babovka-haj.jpg",900,600,false],"1536x1536":["https:\/\/www.slovensky-kras.eu\/info\/wp-content\/uploads\/2021\/01\/babovka-haj.jpg",900,600,false],"2048x2048":["https:\/\/www.slovensky-kras.eu\/info\/wp-content\/uploads\/2021\/01\/babovka-haj.jpg",900,600,false]},"uagb_author_info":{"display_name":"admin","author_link":"https:\/\/www.slovensky-kras.eu\/info\/author\/admin\/"},"uagb_comment_info":0,"uagb_excerpt":"Kedysi, pri prekro\u010den\u00ed prahu babkinho bytu, okrem starej monarchie v \u0148om intenz\u00edvne zav\u00e1\u0148ala pocukrovan\u00e1 mas\u00edvna n\u00e1dhera, tr\u00f3niaca na vysokom kry\u0161t\u00e1\u013eovom podnose, ktorej sa v ko\u0161ick\u00fdch me\u0161tianskych kruhoch hovorilo v\u00fdlu\u010dne kugl\u00f3f. [&hellip;]","_links":{"self":[{"href":"https:\/\/www.slovensky-kras.eu\/info\/wp-json\/wp\/v2\/posts\/19625","targetHints":{"allow":["GET"]}}],"collection":[{"href":"https:\/\/www.slovensky-kras.eu\/info\/wp-json\/wp\/v2\/posts"}],"about":[{"href":"https:\/\/www.slovensky-kras.eu\/info\/wp-json\/wp\/v2\/types\/post"}],"author":[{"embeddable":true,"href":"https:\/\/www.slovensky-kras.eu\/info\/wp-json\/wp\/v2\/users\/1"}],"replies":[{"embeddable":true,"href":"https:\/\/www.slovensky-kras.eu\/info\/wp-json\/wp\/v2\/comments?post=19625"}],"version-history":[{"count":3,"href":"https:\/\/www.slovensky-kras.eu\/info\/wp-json\/wp\/v2\/posts\/19625\/revisions"}],"predecessor-version":[{"id":19630,"href":"https:\/\/www.slovensky-kras.eu\/info\/wp-json\/wp\/v2\/posts\/19625\/revisions\/19630"}],"wp:featuredmedia":[{"embeddable":true,"href":"https:\/\/www.slovensky-kras.eu\/info\/wp-json\/wp\/v2\/media\/19626"}],"wp:attachment":[{"href":"https:\/\/www.slovensky-kras.eu\/info\/wp-json\/wp\/v2\/media?parent=19625"}],"wp:term":[{"taxonomy":"category","embeddable":true,"href":"https:\/\/www.slovensky-kras.eu\/info\/wp-json\/wp\/v2\/categories?post=19625"},{"taxonomy":"post_tag","embeddable":true,"href":"https:\/\/www.slovensky-kras.eu\/info\/wp-json\/wp\/v2\/tags?post=19625"}],"curies":[{"name":"wp","href":"https:\/\/api.w.org\/{rel}","templated":true}]}}