{"id":18014,"date":"2020-09-07T05:04:05","date_gmt":"2020-09-07T03:04:05","guid":{"rendered":"http:\/\/www.slovensky-kras.eu\/info\/?p=18014"},"modified":"2021-12-17T06:04:18","modified_gmt":"2021-12-17T05:04:18","slug":"slovenske-mesto-duchov-ma-noveho-majitela-slubuje-ozivenie","status":"publish","type":"post","link":"https:\/\/www.slovensky-kras.eu\/info\/slovenske-mesto-duchov-ma-noveho-majitela-slubuje-ozivenie\/","title":{"rendered":"Slovensk\u00e9 mesto duchov m\u00e1 nov\u00e9ho majite\u013ea. S\u013eubuje o\u017eivenie"},"content":{"rendered":"<p>Vzkriesi\u0165 ho chce stavebn\u00e1 firma.<\/p>\n<p>Are\u00e1l, ktor\u00fd n\u00e1jdete oproti vchodu do jaskyne Domica na juhu Slovenska, m\u00f4\u017eeme pokojne ozna\u010di\u0165 n\u00e1lepkou mesto duchov. Dokonca nie hocijak\u00e9. Je pozostatkom po ve\u013ekolep\u00fdch pl\u00e1noch americk\u00e9ho investora, ktor\u00fd chcel vytvori\u0165 v chudobnom regi\u00f3ne nov\u00fa turistick\u00fa atrakciu.<\/p>\n<p><a href=\"https:\/\/www.slovensky-kras.eu\/info\/wp-content\/uploads\/2021\/12\/domica-stredisko.jpg\"><img loading=\"lazy\" decoding=\"async\" class=\"aligncenter size-full wp-image-21344\" src=\"https:\/\/www.slovensky-kras.eu\/info\/wp-content\/uploads\/2021\/12\/domica-stredisko.jpg\" alt=\"\" width=\"800\" height=\"533\" srcset=\"https:\/\/www.slovensky-kras.eu\/info\/wp-content\/uploads\/2021\/12\/domica-stredisko.jpg 800w, https:\/\/www.slovensky-kras.eu\/info\/wp-content\/uploads\/2021\/12\/domica-stredisko-768x512.jpg 768w\" sizes=\"auto, (max-width: 800px) 100vw, 800px\" \/><\/a>Zd\u00e1 sa v\u0161ak, \u017ee po desa\u0165ro\u010d\u00ed svit\u00e1 nov\u00e1 n\u00e1dej. Opusten\u00fd are\u00e1l m\u00e1 nov\u00e9ho vlastn\u00edka, ktor\u00fd s\u013eubuje jeho o\u017eivenie.<\/p>\n<p>\u010c\u00edtajte viac: <a href=\"https:\/\/index.sme.sk\/c\/22481525\/slovenske-mesto-duchov-ma-noveho-majitela-slubuje-ozivenie.html\" target=\"_blank\" rel=\"noopener noreferrer\">https:\/\/index.sme.sk\/c\/22481525\/slovenske-mesto-duchov-ma-noveho-majitela-slubuje-ozivenie.html<\/a><\/p>\n","protected":false},"excerpt":{"rendered":"<p>Vzkriesi\u0165 ho chce stavebn\u00e1 firma. Are\u00e1l, ktor\u00fd n\u00e1jdete oproti vchodu do jaskyne Domica na juhu Slovenska, m\u00f4\u017eeme pokojne ozna\u010di\u0165 n\u00e1lepkou mesto duchov. Dokonca nie hocijak\u00e9. Je pozostatkom po ve\u013ekolep\u00fdch pl\u00e1noch [&hellip;]<\/p>\n","protected":false},"author":1,"featured_media":21344,"comment_status":"closed","ping_status":"closed","sticky":false,"template":"","format":"standard","meta":{"_uag_custom_page_level_css":"","footnotes":""},"categories":[1],"tags":[],"class_list":["post-18014","post","type-post","status-publish","format-standard","has-post-thumbnail","hentry","category-aktuality"],"featured_image_src":"https:\/\/www.slovensky-kras.eu\/info\/wp-content\/uploads\/2021\/12\/domica-stredisko.jpg","featured_image_src_square":"https:\/\/www.slovensky-kras.eu\/info\/wp-content\/uploads\/2021\/12\/domica-stredisko.jpg","author_info":{"display_name":"admin","author_link":"https:\/\/www.slovensky-kras.eu\/info\/author\/admin\/"},"rbea_author_info":{"display_name":"admin","author_link":"https:\/\/www.slovensky-kras.eu\/info\/author\/admin\/"},"rbea_excerpt_info":"Vzkriesi\u0165 ho chce stavebn\u00e1 firma. Are\u00e1l, ktor\u00fd n\u00e1jdete oproti vchodu do jaskyne Domica na juhu Slovenska, m\u00f4\u017eeme pokojne ozna\u010di\u0165 n\u00e1lepkou mesto duchov. Dokonca nie hocijak\u00e9. Je pozostatkom po ve\u013ekolep\u00fdch pl\u00e1noch [&hellip;]","category_list":"<a href=\"https:\/\/www.slovensky-kras.eu\/info\/domov\/aktuality\/\" rel=\"category tag\">Aktuality<\/a>","comments_num":"0 comments","uagb_featured_image_src":{"full":["https:\/\/www.slovensky-kras.eu\/info\/wp-content\/uploads\/2021\/12\/domica-stredisko.jpg",800,533,false],"thumbnail":["https:\/\/www.slovensky-kras.eu\/info\/wp-content\/uploads\/2021\/12\/domica-stredisko-150x150.jpg",150,150,true],"medium":["https:\/\/www.slovensky-kras.eu\/info\/wp-content\/uploads\/2021\/12\/domica-stredisko.jpg",800,533,false],"medium_large":["https:\/\/www.slovensky-kras.eu\/info\/wp-content\/uploads\/2021\/12\/domica-stredisko-768x512.jpg",768,512,true],"large":["https:\/\/www.slovensky-kras.eu\/info\/wp-content\/uploads\/2021\/12\/domica-stredisko.jpg",800,533,false],"1536x1536":["https:\/\/www.slovensky-kras.eu\/info\/wp-content\/uploads\/2021\/12\/domica-stredisko.jpg",800,533,false],"2048x2048":["https:\/\/www.slovensky-kras.eu\/info\/wp-content\/uploads\/2021\/12\/domica-stredisko.jpg",800,533,false]},"uagb_author_info":{"display_name":"admin","author_link":"https:\/\/www.slovensky-kras.eu\/info\/author\/admin\/"},"uagb_comment_info":0,"uagb_excerpt":"Vzkriesi\u0165 ho chce stavebn\u00e1 firma. Are\u00e1l, ktor\u00fd n\u00e1jdete oproti vchodu do jaskyne Domica na juhu Slovenska, m\u00f4\u017eeme pokojne ozna\u010di\u0165 n\u00e1lepkou mesto duchov. Dokonca nie hocijak\u00e9. Je pozostatkom po ve\u013ekolep\u00fdch pl\u00e1noch [&hellip;]","_links":{"self":[{"href":"https:\/\/www.slovensky-kras.eu\/info\/wp-json\/wp\/v2\/posts\/18014","targetHints":{"allow":["GET"]}}],"collection":[{"href":"https:\/\/www.slovensky-kras.eu\/info\/wp-json\/wp\/v2\/posts"}],"about":[{"href":"https:\/\/www.slovensky-kras.eu\/info\/wp-json\/wp\/v2\/types\/post"}],"author":[{"embeddable":true,"href":"https:\/\/www.slovensky-kras.eu\/info\/wp-json\/wp\/v2\/users\/1"}],"replies":[{"embeddable":true,"href":"https:\/\/www.slovensky-kras.eu\/info\/wp-json\/wp\/v2\/comments?post=18014"}],"version-history":[{"count":4,"href":"https:\/\/www.slovensky-kras.eu\/info\/wp-json\/wp\/v2\/posts\/18014\/revisions"}],"predecessor-version":[{"id":21576,"href":"https:\/\/www.slovensky-kras.eu\/info\/wp-json\/wp\/v2\/posts\/18014\/revisions\/21576"}],"wp:featuredmedia":[{"embeddable":true,"href":"https:\/\/www.slovensky-kras.eu\/info\/wp-json\/wp\/v2\/media\/21344"}],"wp:attachment":[{"href":"https:\/\/www.slovensky-kras.eu\/info\/wp-json\/wp\/v2\/media?parent=18014"}],"wp:term":[{"taxonomy":"category","embeddable":true,"href":"https:\/\/www.slovensky-kras.eu\/info\/wp-json\/wp\/v2\/categories?post=18014"},{"taxonomy":"post_tag","embeddable":true,"href":"https:\/\/www.slovensky-kras.eu\/info\/wp-json\/wp\/v2\/tags?post=18014"}],"curies":[{"name":"wp","href":"https:\/\/api.w.org\/{rel}","templated":true}]}}